{"id":92389,"date":"2024-09-19T16:02:10","date_gmt":"2024-09-19T14:02:10","guid":{"rendered":"https:\/\/miurltemporal.com/main/triatletasenred.sport.es\/?p=92389"},"modified":"2024-09-19T16:02:10","modified_gmt":"2024-09-19T14:02:10","slug":"anne-haug-se-defiende-de-las-polemicas-y-carga-contra-el-monopolio-de-kona","status":"publish","type":"post","link":"https:\/\/miurltemporal.com/main/triatletasenred.sport.es\/actualidad\/anne-haug-se-defiende-de-las-polemicas-y-carga-contra-el-monopolio-de-kona\/","title":{"rendered":"Anne Haug se defiende de las pol\u00e9micas y carga contra el monopolio de Kona"},"content":{"rendered":"<p>La alemana valora positivamente la entrada de Niza y horas antes del Mundial responde a las cr\u00edticas que recibi\u00f3 por su participaci\u00f3n en los GGEE del Ironman 70.3 en dicha ciudad.<\/p>\n<p><a href=\"https:\/\/www.clublasanta.com\/es\/eventos\/vuelta-ciclista-a-lanzarote\" rel=\"nofollow noopener\" target=\"_blank\"><img fetchpriority=\"high\" decoding=\"async\" class=\"alignnone size-large wp-image-91874\" src=\"https:\/\/miurltemporal.com/main/triatletasenred.sport.es\/wp-content\/uploads\/VCL-Ad-banners-700x150px-1024x219.jpg\" alt=\"\" width=\"696\" height=\"149\" srcset=\"https:\/\/miurltemporal.com/main/triatletasenred.sport.es\/wp-content\/uploads\/VCL-Ad-banners-700x150px-1024x219.jpg 1024w, https:\/\/miurltemporal.com/main/triatletasenred.sport.es\/wp-content\/uploads\/VCL-Ad-banners-700x150px-300x64.jpg 300w, https:\/\/miurltemporal.com/main/triatletasenred.sport.es\/wp-content\/uploads\/VCL-Ad-banners-700x150px-768x165.jpg 768w, https:\/\/miurltemporal.com/main/triatletasenred.sport.es\/wp-content\/uploads\/VCL-Ad-banners-700x150px-1536x329.jpg 1536w, https:\/\/miurltemporal.com/main/triatletasenred.sport.es\/wp-content\/uploads\/VCL-Ad-banners-700x150px-2048x439.jpg 2048w, https:\/\/miurltemporal.com/main/triatletasenred.sport.es\/wp-content\/uploads\/VCL-Ad-banners-700x150px-696x149.jpg 696w, https:\/\/miurltemporal.com/main/triatletasenred.sport.es\/wp-content\/uploads\/VCL-Ad-banners-700x150px-1068x229.jpg 1068w, https:\/\/miurltemporal.com/main/triatletasenred.sport.es\/wp-content\/uploads\/VCL-Ad-banners-700x150px-1920x411.jpg 1920w, https:\/\/miurltemporal.com/main/triatletasenred.sport.es\/wp-content\/uploads\/VCL-Ad-banners-700x150px-1960x420.jpg 1960w\" sizes=\"(max-width: 696px) 100vw, 696px\" \/><\/a><\/p>\n<p>Niza ya cuenta por horas el tiempo que falta para conocer a la nueva campeona del mundo Ironman y la que lo fuera en 2019 <strong>Anne Haug<\/strong> vuelve a estar un a\u00f1o m\u00e1s en las quinielas para revalidar el t\u00edtulo.<\/p>\n<h4>LA ENFERMEDAD MARCA SU 2024<\/h4>\n<hr \/>\n<p>Una edici\u00f3n en la que la alemana llega en un contexto complemente diferente al tradicional. Acostumbrada a hacerlo con un saco de triunfos, podios y buenas actuaciones a sus espaldas, en esta ocasi\u00f3n reaparece en Niza marcada por los problemas que han trastocado su temporada y mermado sus resultados.<\/p>\n<p>Seg\u00fan comenta Haug en una entrevista concedida al medio alem\u00e1n Tri Magazine \u201c<strong><em>nunca hab\u00eda tenido antes tantas enfermedades<\/em><\/strong>\u201d. \u00a0La \u00faltima durante y despu\u00e9s de T100 Londres donde se vio obligada a tomar una nueva tanda de antibi\u00f3ticos. A pesar de ello, y para su propia sorpresa \u201c<strong><em>El rendimiento al menos en larga distancia ha sido mejor de lo esperado, razonablemente bueno o incluso muy bueno<\/em><\/strong>\u201d.<\/p>\n<h4>POL\u00c9MICA PARTICIPACI\u00d3N EN LOS GRUPOS DE EDAD DE NIZA<\/h4>\n<hr \/>\n<p>Unas circunstancias adversas que le llevaron a participar excepcionalmente en el <strong>Ironman de Niza de Grupos de Edad<\/strong>. Decisi\u00f3n y aprobaci\u00f3n por parte de la empresa que suscit\u00f3 una oleada de cr\u00edticas feroces de las que ahora se ha querido defender. \u00a0<strong>\u201cQuer\u00eda comenzar con un IRONMAN y un 70.3, pero por necesidad, porque mi cuerpo estaba enfermo, decid\u00ed hacer algo cercano a casa que no supusiera mucho estr\u00e9s. As\u00ed que fui para hacer un entrenamiento con condiciones de carrera (sin circulaci\u00f3n etc)\u201d <\/strong>y ha aprovechado para lanzar una puya a sus detractores y a la prensa malintencionada<strong> \u201cLa salud es un asunto privado, no tengo por qu\u00e9 comunicarlo en redes\u201d.<\/strong><\/p>\n<h4>EL R\u00c9CORD MUNDIAL DE LA DISTANCIA EN ROTH<\/h4>\n<hr \/>\n<p>Afortunadamente, el a\u00f1o tambi\u00e9n ha tenido sus peque\u00f1os grandes rayos de luz, porque en Challenge Roth se convirti\u00f3 en la plusmarquista mundial femenina de la distancia Ironman. Algo que nunca se puso como meta, pero de lo que se siente orgullosa <strong><em>\u201cEstoy<\/em><\/strong> <strong><em>muy feliz con lo que he logrado y me siento muy orgullosa, pero al final del d\u00eda sigo siendo la misma y me siento igual<\/em>\u201d. <\/strong>Un hito que lo describe como<strong> \u201c<em>Una de esas carreras que tienes en la vida donde encajan las 1000 piezas del rompecabezas al querer mejorar e intentar ser siempre m\u00e1s r\u00e1pida<\/em>\u201d.<\/strong><\/p>\n<h4>LA LABOR DE BERKHAN<\/h4>\n<hr \/>\n<p>Entretanto, Haug llegar\u00e1 a la cita de Niza con una gran novedad en su equipo. La otrora campeona del mundo ha reclutado al entrenador de nataci\u00f3n alem\u00e1n, <strong>Bernd Berkhan<\/strong>, quien este mismo verano ha visto como hasta cinco medallas llevaban su sello en los Juegos Ol\u00edmpicos de Par\u00eds a cargo de cinco deportistas diferentes (un oro y dos platas en la marat\u00f3n de aguas abiertas incluidas). <strong><em>\u201cQuer\u00eda algo nuevo, \u00e9l es el entrenador m\u00e1s exitoso que hemos tenido (en Alemania)<\/em><\/strong><em> <strong>y est\u00e1 siendo muy beneficioso<\/strong>\u201d <\/em>es lo que ha comentado de este nuevo t\u00e1ndem para trabajar el segmento acu\u00e1tico.<\/p>\n<p>Adem\u00e1s, asegura que <strong>su preparaci\u00f3n respecto a la tradicional de Kona apenas ha sufrido variaciones<\/strong> y que las \u00faltimas semanas han estado focalizadas en cosas de carrera m\u00e1s que en temas relacionados con ganar punta de velocidad.<\/p>\n<h4>\u201c<em>A VECES PIENSO QUE<\/em> <em>SER\u00cdA UN FRACASO NO CONSEGUIR UNA MEDALLA<\/em>\u201d<\/h4>\n<hr \/>\n<p>Con los malos y buenos momento del a\u00f1o ya como algo pasado, Haug lo tiene claro \u201c<strong><em>M\u00ednimo quiero ganar una medalla en Niza<\/em><\/strong>\u201d. Seria la sexta para ella, la sexta tambi\u00e9n consecutiva y en los tres escenarios por los que ha pasado el Mundial (Kona, St. George y Niza) para lograr una consistencia al alcance de unas pocas elegidas. Adem\u00e1s, ha expresado en voz alta su pensamiento m\u00e1s dr\u00e1stico al respecto \u201c<strong><em>creo que cualquier cosa que no sea un podio ser\u00eda un fracaso<\/em><\/strong>\u201d.<\/p>\n<p>No obstante, la alemana es consciente de la dificultad que extra\u00f1a y como sucediera en Roth admite que necesita \u201c<strong><em>Un d\u00eda perfecto<\/em><\/strong>\u201d para superarse ante una competencia cada vez \u201c<strong><em>mayor y m\u00e1s dura<\/em><\/strong>\u201d. Un hecho que la motiva para seguir progresando en su trayectoria deportiva \u201c<strong><em>Cuanto mayor sea la competencia mejor, as\u00ed podr\u00e1s ver d\u00f3nde est\u00e1s realmente y de eso se trata si quieres descubrir tus propios l\u00edmites<\/em>\u201d <\/strong>antes de sentenciar con una interesante reflexi\u00f3n <strong>\u201c<em>Si solo compites y haces deporte por el mero hecho de ganar, entonces tal vez tengas una carrera muy corta<\/em>\u201d.<\/strong><\/p>\n<h4><em>\u201cSI QUIERES ESTAR SIEMPRE ARRIBA EN LOS MUNDIALES, DEBES DEMOSTRARLO EN CUALQUIER CIRCUITO\u201d<\/em><\/h4>\n<hr \/>\n<p>Sea debido a esa filosof\u00eda o no, como ya hemos dicho la dilatada y exitosa carrera le permite tener podios en el Mundial en las dos sedes que lo han albergado, aunque St George fuese un anfitri\u00f3n circunstancial.<\/p>\n<p>Sin embargo, Niza llega para quedarse y preguntada por ese cambio Anne Haug no ha tenido ning\u00fan problema para mojarse y ser extremadamente sincera respecto al monopolio de Kona. \u201c<strong>No recuerdo que haya ning\u00fan otro deporte en el que el Campeonato del Mundo siempre se celebre en un mismo lugar. Si quieres estar siempre en la cima tienes que ser capaz de enfrentarte a cualquier condici\u00f3n y tipo de circuito. Ahora las triatletas que no pueden hacer frente a ese calor extremo (de Kona) y que por lo tanto nunca pueden estar arriba en los Mundiales pueden estarlo. Me parece genial que se rote\u201d<\/strong>.<\/p>\n<p><iframe title=\"Triatlon en Vena Podcast | Con David Cantero\" width=\"696\" height=\"392\" src=\"https:\/\/www.youtube.com\/embed\/ka_vZxtRiOs?feature=oembed\" frameborder=\"0\" allow=\"accelerometer; autoplay; clipboard-write; encrypted-media; gyroscope; picture-in-picture; web-share\" referrerpolicy=\"strict-origin-when-cross-origin\" allowfullscreen><\/iframe><\/p>\n","protected":false},"excerpt":{"rendered":"<p>La alemana valora positivamente la entrada de Niza y horas antes del Mundial responde a las cr\u00edticas que recibi\u00f3 por su participaci\u00f3n en los GGEE del Ironman 70.3 en dicha ciudad.<\/p>\n","protected":false},"author":351,"featured_media":92390,"comment_status":"closed","ping_status":"open","sticky":false,"template":"","format":"standard","meta":{"_acf_changed":false,"rank_math_lock_modified_date":false,"footnotes":""},"categories":[17,10639],"tags":[7192,11308,11309,11307],"class_list":{"0":"post-92389","1":"post","2":"type-post","3":"status-publish","4":"format-standard","5":"has-post-thumbnail","7":"category-actualidad","8":"category-portada","9":"tag-anne-haug","10":"tag-anne-haug-kona","11":"tag-anne-haug-mundial-ironman","12":"tag-anne-haug-niza"},"acf":[],"_links":{"self":[{"href":"https:\/\/miurltemporal.com/main/triatletasenred.sport.es\/wp-json\/wp\/v2\/posts\/92389"}],"collection":[{"href":"https:\/\/miurltemporal.com/main/triatletasenred.sport.es\/wp-json\/wp\/v2\/posts"}],"about":[{"href":"https:\/\/miurltemporal.com/main/triatletasenred.sport.es\/wp-json\/wp\/v2\/types\/post"}],"author":[{"embeddable":true,"href":"https:\/\/miurltemporal.com/main/triatletasenred.sport.es\/wp-json\/wp\/v2\/users\/351"}],"replies":[{"embeddable":true,"href":"https:\/\/miurltemporal.com/main/triatletasenred.sport.es\/wp-json\/wp\/v2\/comments?post=92389"}],"version-history":[{"count":1,"href":"https:\/\/miurltemporal.com/main/triatletasenred.sport.es\/wp-json\/wp\/v2\/posts\/92389\/revisions"}],"predecessor-version":[{"id":92393,"href":"https:\/\/miurltemporal.com/main/triatletasenred.sport.es\/wp-json\/wp\/v2\/posts\/92389\/revisions\/92393"}],"wp:featuredmedia":[{"embeddable":true,"href":"https:\/\/miurltemporal.com/main/triatletasenred.sport.es\/wp-json\/wp\/v2\/media\/92390"}],"wp:attachment":[{"href":"https:\/\/miurltemporal.com/main/triatletasenred.sport.es\/wp-json\/wp\/v2\/media?parent=92389"}],"wp:term":[{"taxonomy":"category","embeddable":true,"href":"https:\/\/miurltemporal.com/main/triatletasenred.sport.es\/wp-json\/wp\/v2\/categories?post=92389"},{"taxonomy":"post_tag","embeddable":true,"href":"https:\/\/miurltemporal.com/main/triatletasenred.sport.es\/wp-json\/wp\/v2\/tags?post=92389"}],"curies":[{"name":"wp","href":"https:\/\/api.w.org\/{rel}","templated":true}]}}