{"id":92386,"date":"2024-09-19T10:33:48","date_gmt":"2024-09-19T08:33:48","guid":{"rendered":"https:\/\/miurltemporal.com/main/triatletasenred.sport.es\/?p=92386"},"modified":"2024-09-19T10:33:48","modified_gmt":"2024-09-19T08:33:48","slug":"previatriatloilladeformentera","status":"publish","type":"post","link":"https:\/\/miurltemporal.com/main/triatletasenred.sport.es\/actualidad\/previatriatloilladeformentera\/","title":{"rendered":"Todo listo para el XI Triatl\u00f3 Illa de Formentera"},"content":{"rendered":"<div class=\"flex-1 overflow-hidden\">\n<div class=\"h-full\">\n<div class=\"react-scroll-to-bottom--css-vgsvx-79elbk h-full\">\n<div class=\"react-scroll-to-bottom--css-vgsvx-1n7m0yu\">\n<div class=\"flex flex-col text-sm\">\n<article class=\"w-full text-token-text-primary focus-visible:outline-2 focus-visible:outline-offset-[-4px]\" dir=\"auto\" data-testid=\"conversation-turn-5\" data-scroll-anchor=\"true\">\n<div class=\"text-base py-[18px] px-3 md:px-4 m-auto w-full md:px-5 lg:px-4 xl:px-5\">\n<div class=\"mx-auto flex flex-1 gap-4 text-base md:gap-5 lg:gap-6 md:max-w-3xl lg:max-w-[40rem] xl:max-w-[48rem]\">\n<div class=\"group\/conversation-turn relative flex w-full min-w-0 flex-col agent-turn\">\n<div class=\"flex-col gap-1 md:gap-3\">\n<div class=\"flex max-w-full flex-col flex-grow\">\n<div class=\"min-h-[20px] text-message flex w-full flex-col items-end gap-2 whitespace-normal break-words [.text-message+&amp;]:mt-5\" dir=\"auto\" data-message-author-role=\"assistant\" data-message-id=\"7e1f9f87-a069-4e8b-9e41-30d10b37a82a\">\n<div class=\"flex w-full flex-col gap-1 empty:hidden first:pt-[3px]\">\n<div class=\"markdown prose w-full break-words dark:prose-invert dark\">\n<h3>El XI Triatl\u00f3 Illa de Formentera reunir\u00e1 a m\u00e1s de 300 atletas este 21 de septiembre, consolid\u00e1ndose como uno de los eventos deportivos m\u00e1s esperados de la isla.<\/h3>\n<\/div>\n<\/div>\n<\/div>\n<\/div>\n<\/div>\n<\/div>\n<\/div>\n<\/div>\n<\/article>\n<\/div>\n<\/div>\n<\/div>\n<\/div>\n<\/div>\n<p><a href=\"https:\/\/bit.ly\/3ze32ee\" rel=\"nofollow noopener\" target=\"_blank\"><img fetchpriority=\"high\" decoding=\"async\" class=\"aligncenter size-full wp-image-91161\" src=\"https:\/\/miurltemporal.com/main/triatletasenred.sport.es\/wp-content\/uploads\/banner-inverse-verano-24b.jpg\" alt=\"\" width=\"700\" height=\"150\" srcset=\"https:\/\/miurltemporal.com/main/triatletasenred.sport.es\/wp-content\/uploads\/banner-inverse-verano-24b.jpg 700w, https:\/\/miurltemporal.com/main/triatletasenred.sport.es\/wp-content\/uploads\/banner-inverse-verano-24b-300x64.jpg 300w, https:\/\/miurltemporal.com/main/triatletasenred.sport.es\/wp-content\/uploads\/banner-inverse-verano-24b-696x150.jpg 696w\" sizes=\"(max-width: 700px) 100vw, 700px\" \/><\/a><\/p>\n<p>El pr\u00f3ximo s\u00e1bado, 21 de septiembre, la peque\u00f1a y hermosa isla de Formentera se convertir\u00e1, una vez m\u00e1s, en el epicentro del triatl\u00f3n nacional con la celebraci\u00f3n del XI Triatl\u00f3 Illa de Formentera. En las modalidades Sprint y Ol\u00edmpico, esta edici\u00f3n reunir\u00e1 a m\u00e1s de 300 triatletas de \u00e1mbito local, nacional e internacional, consolidando su importancia dentro del calendario de triatlones en Espa\u00f1a.<\/p>\n<p>La <strong>pla\u00e7a d\u2019Europa de es Pujols<\/strong> ser\u00e1, como en a\u00f1os anteriores, el coraz\u00f3n de la prueba, donde se llevar\u00e1 a cabo tanto la salida como la meta. En este mismo espacio, estar\u00e1n ubicados los boxes para el cambio de cada segmento, y los participantes podr\u00e1n recoger sus dorsales desde las 9:30 hasta las 13:30 horas del mismo s\u00e1bado. Adem\u00e1s, para aquellos que decidan inscribirse a \u00faltima hora, se habilitar\u00e1 una zona de inscripciones presenciales desde las 9:30 hasta las 12:00 horas.<\/p>\n<h4>Presentaci\u00f3n oficial de la prueba<\/h4>\n<p>En la ma\u00f1ana del mi\u00e9rcoles 18 de septiembre, se llev\u00f3 a cabo la presentaci\u00f3n oficial de la prueba en la sede del <strong>Consell de Formentera<\/strong>, con la presencia de personalidades clave del \u00e1mbito deportivo y tur\u00edstico de la isla. Entre los asistentes destacaron el conseller de Turismo y Deportes, <strong>Artal Mayans<\/strong>, el director de Promoci\u00f3n del Consell Insular de Formentera, <strong>Leonardo Metastasio<\/strong>, el director de Unisport Consulting, <strong>Manuel Hern\u00e1ndez<\/strong>, y el director comercial de Trasmapi, <strong>Francesco Bellini<\/strong>.<\/p>\n<p>Aunque el presidente del Consell no pudo asistir por cuestiones de agenda, previamente subray\u00f3 la relevancia del evento para la isla, al afirmar que esta prueba ofrece a los participantes y acompa\u00f1antes la oportunidad de descubrir \u201cuna Formentera m\u00e1s tranquila y aut\u00e9ntica\u201d en un momento del a\u00f1o en que las condiciones clim\u00e1ticas son id\u00f3neas tanto para la pr\u00e1ctica deportiva como para el turismo.<\/p>\n<h4>Formentera, un escenario \u00fanico<\/h4>\n<p><strong>Manuel Hern\u00e1ndez<\/strong>, director general de Unisport Consulting, resalt\u00f3 la colaboraci\u00f3n entre las instituciones locales y su compromiso con eventos deportivos de alto nivel, como el Triatl\u00f3n Illa de Formentera y la 1\/2 Marat\u00f3n. Adem\u00e1s, destac\u00f3 el atractivo natural de la isla, un \u201cescenario \u00fanico\u201d que atrae a deportistas de todo el mundo a\u00f1o tras a\u00f1o.<\/p>\n<p>El plazo para inscribirse online en la p\u00e1gina oficial del evento finaliza hoy jueves 19 de septiembre, pero aquellos que no lleguen a tiempo a\u00fan tendr\u00e1n la posibilidad de inscribirse de manera presencial el mismo s\u00e1bado antes del inicio de la competici\u00f3n.<\/p>\n<p>Este triatl\u00f3n, patrocinado por importantes empresas como <strong>Trasmapi<\/strong>, es una excelente ocasi\u00f3n para vivir el deporte en su m\u00e1ximo esplendor en un entorno natural inigualable, y aun tienes opciones de sumarte a el.<\/p>\n<div class=\"youtube-embed\" data-video_id=\"ka_vZxtRiOs\"><iframe title=\"Triatlon en Vena Podcast | Con David Cantero\" width=\"696\" height=\"392\" src=\"https:\/\/www.youtube.com\/embed\/ka_vZxtRiOs?feature=oembed&#038;enablejsapi=1\" frameborder=\"0\" allow=\"accelerometer; autoplay; clipboard-write; encrypted-media; gyroscope; picture-in-picture; web-share\" referrerpolicy=\"strict-origin-when-cross-origin\" allowfullscreen><\/iframe><\/div>\n","protected":false},"excerpt":{"rendered":"<p>El XI Triatl\u00f3 Illa de Formentera reunir\u00e1 a m\u00e1s de 300 atletas este 21 de septiembre, consolid\u00e1ndose como uno de los eventos deportivos m\u00e1s esperados de la isla.<\/p>\n","protected":false},"author":322,"featured_media":0,"comment_status":"closed","ping_status":"open","sticky":false,"template":"","format":"standard","meta":{"_acf_changed":false,"rank_math_lock_modified_date":false,"footnotes":""},"categories":[17,19,1191],"tags":[],"class_list":{"0":"post-92386","1":"post","2":"type-post","3":"status-publish","4":"format-standard","6":"category-actualidad","7":"category-competiciones","8":"category-triatlon"},"acf":[],"_links":{"self":[{"href":"https:\/\/miurltemporal.com/main/triatletasenred.sport.es\/wp-json\/wp\/v2\/posts\/92386"}],"collection":[{"href":"https:\/\/miurltemporal.com/main/triatletasenred.sport.es\/wp-json\/wp\/v2\/posts"}],"about":[{"href":"https:\/\/miurltemporal.com/main/triatletasenred.sport.es\/wp-json\/wp\/v2\/types\/post"}],"author":[{"embeddable":true,"href":"https:\/\/miurltemporal.com/main/triatletasenred.sport.es\/wp-json\/wp\/v2\/users\/322"}],"replies":[{"embeddable":true,"href":"https:\/\/miurltemporal.com/main/triatletasenred.sport.es\/wp-json\/wp\/v2\/comments?post=92386"}],"version-history":[{"count":1,"href":"https:\/\/miurltemporal.com/main/triatletasenred.sport.es\/wp-json\/wp\/v2\/posts\/92386\/revisions"}],"predecessor-version":[{"id":92388,"href":"https:\/\/miurltemporal.com/main/triatletasenred.sport.es\/wp-json\/wp\/v2\/posts\/92386\/revisions\/92388"}],"wp:attachment":[{"href":"https:\/\/miurltemporal.com/main/triatletasenred.sport.es\/wp-json\/wp\/v2\/media?parent=92386"}],"wp:term":[{"taxonomy":"category","embeddable":true,"href":"https:\/\/miurltemporal.com/main/triatletasenred.sport.es\/wp-json\/wp\/v2\/categories?post=92386"},{"taxonomy":"post_tag","embeddable":true,"href":"https:\/\/miurltemporal.com/main/triatletasenred.sport.es\/wp-json\/wp\/v2\/tags?post=92386"}],"curies":[{"name":"wp","href":"https:\/\/api.w.org\/{rel}","templated":true}]}}