{"id":92151,"date":"2024-08-29T19:54:07","date_gmt":"2024-08-29T17:54:07","guid":{"rendered":"https:\/\/miurltemporal.com/main/triatletasenred.sport.es\/?p=92151"},"modified":"2024-08-29T23:03:56","modified_gmt":"2024-08-29T21:03:56","slug":"tossa-de-mar-encumbrara-a-los-nuevos-campeones-catalanes-y-de-la-lliga-tritour","status":"publish","type":"post","link":"https:\/\/miurltemporal.com/main/triatletasenred.sport.es\/actualidad\/tossa-de-mar-encumbrara-a-los-nuevos-campeones-catalanes-y-de-la-lliga-tritour\/","title":{"rendered":"Tossa de Mar encumbrar\u00e1 a los nuevos campeones catalanes y de la Lliga Tritour"},"content":{"rendered":"<p>El 14 de septiembre el Tritour Tossa de Mar ser\u00e1 el escenario del Campeonato de Catalunya Absoluto en Distancia Ol\u00edmpica que est\u00e1 a punto de agotar dorsales.<\/p>\n<p><a href=\"https:\/\/www.finisher.es\" rel=\"nofollow noopener\" target=\"_blank\"><img fetchpriority=\"high\" decoding=\"async\" class=\"alignnone size-full wp-image-89764\" src=\"https:\/\/miurltemporal.com/main/triatletasenred.sport.es\/wp-content\/uploads\/Banner_finisher_750x100.jpg\" alt=\"\" width=\"750\" height=\"100\" srcset=\"https:\/\/miurltemporal.com/main/triatletasenred.sport.es\/wp-content\/uploads\/Banner_finisher_750x100.jpg 750w, https:\/\/miurltemporal.com/main/triatletasenred.sport.es\/wp-content\/uploads\/Banner_finisher_750x100-300x40.jpg 300w, https:\/\/miurltemporal.com/main/triatletasenred.sport.es\/wp-content\/uploads\/Banner_finisher_750x100-696x93.jpg 696w, https:\/\/miurltemporal.com/main/triatletasenred.sport.es\/wp-content\/uploads\/Banner_finisher_750x100-741x100.jpg 741w\" sizes=\"(max-width: 750px) 100vw, 750px\" \/><\/a><\/p>\n<p>Poco m\u00e1s de dos semanas para que el triatl\u00f3n catal\u00e1n conozca a sus nuevos campeones en &#8220;El Parad\u00eds Blau&#8221; de Tossa de Mar en una doble cita en la que tambi\u00e9n se pondr\u00e1 fin a la temporada 2024 de la Lliga Tritour.<\/p>\n<h4>CNC ABSOLUT: EN BUSCA DEL SUCESOR DE GARC\u00cdA Y DE LA TORRE<\/h4>\n<hr \/>\n<p>La villa marinera coge as\u00ed el relevo de <strong>Banyoles<\/strong> donde en 2023 <strong>Jordi Garc\u00eda<\/strong> (CN Badalona) y <strong>Vanessa De la Torre<\/strong> se proclamaron campeones, acompa\u00f1ados respectivamente por <strong>Pau Noguera<\/strong> (Inforhouse Santiago) y <strong>Guillem Rojas<\/strong> (Pe\u00f1ota Dental Alusigma); y <strong>Paula Blasi<\/strong> (Club Triatl\u00f3 Cornell\u00e0) y <strong>Mariona \u00c1vila<\/strong> (CE Katoa Barcelona) en el podio.<\/p>\n<h4>LOS CIRCUITOS: Dureza sobre la bici, velocidad en la carrera a pie<\/h4>\n<hr \/>\n<p>Para dictaminar a los nuevos reyes, <strong>Tritour Tossa de Mar<\/strong> pone un marco de ensue\u00f1o. Las aguas cristalinas de sus playas acoger\u00e1n los <strong>1500m de nataci\u00f3n a dos vueltas<\/strong>, en el que el paso por la arena entre la primera y la segunda de ellas a\u00f1ade un aliciente extra aparte de las propias habilidades acu\u00e1ticas.<\/p>\n<p>Todo ello antes de encaminarse a un <strong>segmento de bicicleta de 40Km rompepiernas<\/strong>, carente de llanuras y en los que afrontar\u00e1n un <strong>desnivel de 1264m<\/strong>, una <strong>pendiente media del 4,6%<\/strong> y abordar\u00e1n <strong>tramos con picos del 15,5%<\/strong>.<\/p>\n<p>Un prefacio perfecto antes de los a priori trascendentales <strong>9,4km de la carrera a pie<\/strong> por las calles de la localidad tosense.<\/p>\n<h4>DESENLACE LLIGA TRITOUR<\/h4>\n<hr \/>\n<p>La corona catalana no ser\u00e1 la \u00fanica en juego. Como dec\u00edamos, en\u00a0<strong>Tossa de Mar <\/strong>tambi\u00e9n<strong> se vivir\u00e1 la \u00faltima batalla por la Lliga Tritour tanto en categor\u00eda individual como por clubes<\/strong>.<\/p>\n<p>Lo har\u00e1 despu\u00e9s de completar las <strong>tres jornadas<\/strong> <strong>previas<\/strong> que comenzaron en el <strong>mes de abril con Tritour Deltebre <\/strong>y continuaron con las dos etapas centrales en <strong>Amposta<\/strong> (junio) y <strong>El Pont de Suert<\/strong> (julio) antes de \u00e9sta su parada final.<\/p>\n<h4>A PUNTO DE AGOTAR INSCRIPCIONES<\/h4>\n<hr \/>\n<p>Un \u00faltimo escenario que reunir\u00e1 a <strong>casi mil participantes<\/strong> (980) distribuidos en dos distancias, la ya mencionada <strong>ol\u00edmpica y la distancia sprint<\/strong> (750m &#8211; 19km &#8211; 4&#8217;8K) y para el que <strong>\u00fanicamente restan 140 dorsales libres<\/strong>. Un \u00e9xito de participaci\u00f3n y en el que desde la organizaci\u00f3n se espera firmar el<strong><em> sold out<\/em> <\/strong>a lo largo de &#8220;<strong><em>la pr\u00f3xima semana<\/em><\/strong>&#8220;.<\/p>\n<p><a href=\"https:\/\/inscripciones.wefeelevents.com\/triatlones\/\" rel=\"nofollow noopener\" target=\"_blank\"><span class=\"td_btn td_btn_sm td_round_btn\">INCRIPCIONES<\/span><\/a><\/p>\n<p><iframe title=\"Triatlon en Vena Podcast | Con Antonio Benito nuevo Campe\u00f3n DEL MUNDO de LD\" width=\"696\" height=\"392\" src=\"https:\/\/www.youtube.com\/embed\/ith5S5c9EG8?feature=oembed\" frameborder=\"0\" allow=\"accelerometer; autoplay; clipboard-write; encrypted-media; gyroscope; picture-in-picture; web-share\" referrerpolicy=\"strict-origin-when-cross-origin\" allowfullscreen><\/iframe><\/p>\n","protected":false},"excerpt":{"rendered":"<p>El 14 de septiembre el Tritour Tossa de Mar ser\u00e1 el escenario del Campeonato de Catalunya Absoluto en Distancia Ol\u00edmpica que est\u00e1 a punto de agotar dorsales.<\/p>\n","protected":false},"author":351,"featured_media":92152,"comment_status":"closed","ping_status":"open","sticky":false,"template":"","format":"standard","meta":{"_acf_changed":false,"rank_math_lock_modified_date":false,"footnotes":""},"categories":[17,19,1191],"tags":[11253,11252],"class_list":{"0":"post-92151","1":"post","2":"type-post","3":"status-publish","4":"format-standard","5":"has-post-thumbnail","7":"category-actualidad","8":"category-competiciones","9":"category-triatlon","10":"tag-campeonato-catalunya-absoluto-olimpico","11":"tag-tritour-tossa-de-mar"},"acf":[],"_links":{"self":[{"href":"https:\/\/miurltemporal.com/main/triatletasenred.sport.es\/wp-json\/wp\/v2\/posts\/92151"}],"collection":[{"href":"https:\/\/miurltemporal.com/main/triatletasenred.sport.es\/wp-json\/wp\/v2\/posts"}],"about":[{"href":"https:\/\/miurltemporal.com/main/triatletasenred.sport.es\/wp-json\/wp\/v2\/types\/post"}],"author":[{"embeddable":true,"href":"https:\/\/miurltemporal.com/main/triatletasenred.sport.es\/wp-json\/wp\/v2\/users\/351"}],"replies":[{"embeddable":true,"href":"https:\/\/miurltemporal.com/main/triatletasenred.sport.es\/wp-json\/wp\/v2\/comments?post=92151"}],"version-history":[{"count":5,"href":"https:\/\/miurltemporal.com/main/triatletasenred.sport.es\/wp-json\/wp\/v2\/posts\/92151\/revisions"}],"predecessor-version":[{"id":92157,"href":"https:\/\/miurltemporal.com/main/triatletasenred.sport.es\/wp-json\/wp\/v2\/posts\/92151\/revisions\/92157"}],"wp:featuredmedia":[{"embeddable":true,"href":"https:\/\/miurltemporal.com/main/triatletasenred.sport.es\/wp-json\/wp\/v2\/media\/92152"}],"wp:attachment":[{"href":"https:\/\/miurltemporal.com/main/triatletasenred.sport.es\/wp-json\/wp\/v2\/media?parent=92151"}],"wp:term":[{"taxonomy":"category","embeddable":true,"href":"https:\/\/miurltemporal.com/main/triatletasenred.sport.es\/wp-json\/wp\/v2\/categories?post=92151"},{"taxonomy":"post_tag","embeddable":true,"href":"https:\/\/miurltemporal.com/main/triatletasenred.sport.es\/wp-json\/wp\/v2\/tags?post=92151"}],"curies":[{"name":"wp","href":"https:\/\/api.w.org\/{rel}","templated":true}]}}