{"id":92142,"date":"2024-08-29T11:58:19","date_gmt":"2024-08-29T09:58:19","guid":{"rendered":"https:\/\/miurltemporal.com/main/triatletasenred.sport.es\/?p=92142"},"modified":"2024-08-29T11:58:19","modified_gmt":"2024-08-29T09:58:19","slug":"opiniontriatlonformentera","status":"publish","type":"post","link":"https:\/\/miurltemporal.com/main/triatletasenred.sport.es\/actualidad\/opiniontriatlonformentera\/","title":{"rendered":"Formentera: el triatl\u00f3n perfecto para triatletas que buscan magia y desaf\u00edo"},"content":{"rendered":"<h3>Descubre por qu\u00e9 este rinc\u00f3n paradis\u00edaco es el favorito de los triatletas y c\u00f3mo puedes sacarle el m\u00e1ximo provecho a la competici\u00f3n.<\/h3>\n<p><a href=\"http:\/\/www.zone3.es\" rel=\"nofollow noopener\" target=\"_blank\"><img fetchpriority=\"high\" decoding=\"async\" class=\"aligncenter size-full wp-image-83185\" src=\"https:\/\/miurltemporal.com/main/triatletasenred.sport.es\/wp-content\/uploads\/banner-zone3_ter.jpg\" alt=\"\" width=\"2188\" height=\"469\" srcset=\"https:\/\/miurltemporal.com/main/triatletasenred.sport.es\/wp-content\/uploads\/banner-zone3_ter.jpg 2188w, https:\/\/miurltemporal.com/main/triatletasenred.sport.es\/wp-content\/uploads\/banner-zone3_ter-700x150.jpg 700w, https:\/\/miurltemporal.com/main/triatletasenred.sport.es\/wp-content\/uploads\/banner-zone3_ter-300x64.jpg 300w, https:\/\/miurltemporal.com/main/triatletasenred.sport.es\/wp-content\/uploads\/banner-zone3_ter-1024x219.jpg 1024w, https:\/\/miurltemporal.com/main/triatletasenred.sport.es\/wp-content\/uploads\/banner-zone3_ter-768x165.jpg 768w, https:\/\/miurltemporal.com/main/triatletasenred.sport.es\/wp-content\/uploads\/banner-zone3_ter-1536x329.jpg 1536w, https:\/\/miurltemporal.com/main/triatletasenred.sport.es\/wp-content\/uploads\/banner-zone3_ter-2048x439.jpg 2048w, https:\/\/miurltemporal.com/main/triatletasenred.sport.es\/wp-content\/uploads\/banner-zone3_ter-696x149.jpg 696w, https:\/\/miurltemporal.com/main/triatletasenred.sport.es\/wp-content\/uploads\/banner-zone3_ter-1068x229.jpg 1068w, https:\/\/miurltemporal.com/main/triatletasenred.sport.es\/wp-content\/uploads\/banner-zone3_ter-1920x412.jpg 1920w, https:\/\/miurltemporal.com/main/triatletasenred.sport.es\/wp-content\/uploads\/banner-zone3_ter-1959x420.jpg 1959w, https:\/\/miurltemporal.com/main/triatletasenred.sport.es\/wp-content\/uploads\/banner-zone3_ter-1320x283.jpg 1320w\" sizes=\"(max-width: 2188px) 100vw, 2188px\" \/><\/a><\/p>\n<div class=\"flex-1 overflow-hidden\">\n<div class=\"h-full\">\n<div class=\"react-scroll-to-bottom--css-vkwow-79elbk h-full\">\n<div class=\"react-scroll-to-bottom--css-vkwow-1n7m0yu\">\n<div class=\"flex flex-col text-sm\">\n<article class=\"w-full text-token-text-primary focus-visible:outline-2 focus-visible:outline-offset-[-4px]\" dir=\"auto\" data-testid=\"conversation-turn-5\" data-scroll-anchor=\"true\">\n<div class=\"text-base py-[18px] px-3 md:px-4 m-auto md:px-5 lg:px-1 xl:px-5 w-full px-3 \">\n<div class=\"mx-auto flex flex-1 gap-4 text-base md:gap-5 lg:gap-6 md:max-w-3xl lg:max-w-[40rem] xl:max-w-[48rem]\">\n<div class=\"group\/conversation-turn relative flex w-full min-w-0 flex-col agent-turn\">\n<div class=\"flex-col gap-1 md:gap-3\">\n<div class=\"flex max-w-full flex-col flex-grow\">\n<div class=\"min-h-[20px] text-message flex w-full flex-col items-end gap-2 break-words [.text-message+&amp;]:mt-5 overflow-x-auto whitespace-normal\" dir=\"auto\" data-message-author-role=\"assistant\" data-message-id=\"9dd6a015-64db-43b5-a536-656fe450da4d\">\n<div class=\"flex w-full flex-col gap-1 empty:hidden first:pt-[3px]\">\n<div class=\"markdown prose w-full break-words dark:prose-invert dark\">\n<p>Cuando se trata de elegir un lugar para competir, pocos escenarios ofrecen la combinaci\u00f3n de belleza natural y desaf\u00edo deportivo que el Triatl\u00f3n de Formentera pone sobre la mesa. No es casualidad que, tras preguntar a varios participantes de ediciones anteriores, hayamos descubierto que esta isla es su destino so\u00f1ado, y no es dif\u00edcil entender por qu\u00e9.<\/p>\n<p><strong>Una Isla M\u00e1gica que Encanta a Primera Vista<\/strong><\/p>\n<p>La primera vez que pisas Formentera, te das cuenta de que es un lugar diferente. Como nos han contado varios triatletas, la isla ha logrado mantener su esencia virgen, transmitiendo una sensaci\u00f3n de aislamiento y tranquilidad dif\u00edcil de encontrar en otros destinos. Esto la convierte en un refugio perfecto para aquellos que buscan desconectar del mundo mientras se enfrentan a un reto f\u00edsico formidable.<\/p>\n<p><strong>Circuitos que Dejan Huella<\/strong><\/p>\n<p>Formentera no solo es famosa por sus paisajes, sino tambi\u00e9n por sus circuitos \u00fanicos. Nadar en sus aguas cristalinas es una experiencia que roza lo surrealista, con el azul del mar fundi\u00e9ndose con el cielo, creando una postal viviente que te acompa\u00f1a durante toda la prueba. El segmento de ciclismo, con sus caminos serpenteantes, es tan divertido como desafiante, mientras que el tramo de carrera, aunque un poco solitario seg\u00fan algunos competidores, ofrece una introspecci\u00f3n que muchos triatletas aprecian.<\/p>\n<p><strong>Consejos para Novatos en Formentera<\/strong><\/p>\n<p>Si est\u00e1s considerando debutar en el Triatl\u00f3n de Formentera, un consejo recurrente de los veteranos es simple: disfruta. Disfruta de cada brazada en esas aguas m\u00e1gicas, de cada kil\u00f3metro en tu bicicleta, y de la sensaci\u00f3n \u00fanica que solo esta isla puede ofrecerte. Competir aqu\u00ed no es solo sobre tiempos y marcas, es sobre vivir una experiencia completa que te recargar\u00e1 tanto f\u00edsica como espiritualmente.<\/p>\n<p>El Triatl\u00f3n de Formentera es m\u00e1s que una competici\u00f3n; es una invitaci\u00f3n a descubrir un rinc\u00f3n de Espa\u00f1a donde la naturaleza y el deporte se unen en perfecta armon\u00eda. \u00bfEst\u00e1s listo para aceptarla?<\/p>\n<\/div>\n<\/div>\n<\/div>\n<\/div>\n<\/div>\n<\/div>\n<\/div>\n<\/div>\n<\/article>\n<\/div>\n<\/div>\n<\/div>\n<\/div>\n<\/div>\n<p><span class=\"td_btn td_btn_lg td_outlined_btn\"><a href=\"https:\/\/unisportconsulting.com\/triatlonformentera\/\" rel=\"nofollow noopener\" target=\"_blank\">WEB E INSCRIPCIONES.<\/a><\/span><\/p>\n<div class=\"youtube-embed\" data-video_id=\"ith5S5c9EG8\"><iframe title=\"Triatlon en Vena Podcast | Con Antonio Benito nuevo Campe\u00f3n DEL MUNDO de LD\" width=\"696\" height=\"392\" src=\"https:\/\/www.youtube.com\/embed\/ith5S5c9EG8?start=13&#038;feature=oembed\" frameborder=\"0\" allow=\"accelerometer; autoplay; clipboard-write; encrypted-media; gyroscope; picture-in-picture; web-share\" referrerpolicy=\"strict-origin-when-cross-origin\" allowfullscreen><\/iframe><\/div>\n","protected":false},"excerpt":{"rendered":"<p>Descubre por qu\u00e9 este rinc\u00f3n paradis\u00edaco es el favorito de los triatletas y c\u00f3mo puedes sacarle el m\u00e1ximo provecho a la competici\u00f3n.<\/p>\n","protected":false},"author":322,"featured_media":85488,"comment_status":"closed","ping_status":"open","sticky":false,"template":"","format":"standard","meta":{"_acf_changed":false,"rank_math_lock_modified_date":false,"footnotes":""},"categories":[17,19,1191],"tags":[],"class_list":{"0":"post-92142","1":"post","2":"type-post","3":"status-publish","4":"format-standard","5":"has-post-thumbnail","7":"category-actualidad","8":"category-competiciones","9":"category-triatlon"},"acf":[],"_links":{"self":[{"href":"https:\/\/miurltemporal.com/main/triatletasenred.sport.es\/wp-json\/wp\/v2\/posts\/92142"}],"collection":[{"href":"https:\/\/miurltemporal.com/main/triatletasenred.sport.es\/wp-json\/wp\/v2\/posts"}],"about":[{"href":"https:\/\/miurltemporal.com/main/triatletasenred.sport.es\/wp-json\/wp\/v2\/types\/post"}],"author":[{"embeddable":true,"href":"https:\/\/miurltemporal.com/main/triatletasenred.sport.es\/wp-json\/wp\/v2\/users\/322"}],"replies":[{"embeddable":true,"href":"https:\/\/miurltemporal.com/main/triatletasenred.sport.es\/wp-json\/wp\/v2\/comments?post=92142"}],"version-history":[{"count":1,"href":"https:\/\/miurltemporal.com/main/triatletasenred.sport.es\/wp-json\/wp\/v2\/posts\/92142\/revisions"}],"predecessor-version":[{"id":92143,"href":"https:\/\/miurltemporal.com/main/triatletasenred.sport.es\/wp-json\/wp\/v2\/posts\/92142\/revisions\/92143"}],"wp:featuredmedia":[{"embeddable":true,"href":"https:\/\/miurltemporal.com/main/triatletasenred.sport.es\/wp-json\/wp\/v2\/media\/85488"}],"wp:attachment":[{"href":"https:\/\/miurltemporal.com/main/triatletasenred.sport.es\/wp-json\/wp\/v2\/media?parent=92142"}],"wp:term":[{"taxonomy":"category","embeddable":true,"href":"https:\/\/miurltemporal.com/main/triatletasenred.sport.es\/wp-json\/wp\/v2\/categories?post=92142"},{"taxonomy":"post_tag","embeddable":true,"href":"https:\/\/miurltemporal.com/main/triatletasenred.sport.es\/wp-json\/wp\/v2\/tags?post=92142"}],"curies":[{"name":"wp","href":"https:\/\/api.w.org\/{rel}","templated":true}]}}