{"id":92006,"date":"2024-08-19T19:33:32","date_gmt":"2024-08-19T17:33:32","guid":{"rendered":"https:\/\/miurltemporal.com/main/triatletasenred.sport.es\/?p=92006"},"modified":"2024-08-19T19:49:37","modified_gmt":"2024-08-19T17:49:37","slug":"los-protagonistas-de-ironman-frankfurt-reflexionan-sobre-la-carrera","status":"publish","type":"post","link":"https:\/\/miurltemporal.com/main/triatletasenred.sport.es\/actualidad\/los-protagonistas-de-ironman-frankfurt-reflexionan-sobre-la-carrera\/","title":{"rendered":"Los protagonistas de IRONMAN Frankfurt reflexionan sobre la carrera"},"content":{"rendered":"<p><strong>Kristian Blummenfelt, Sam Long, Trevor Foley, Kieran Lindars, Gregory Barnaby, Kristian H\u00f8genhaug, Menno Koolhaas, Jonas Hoffmann y Finn Gro\u00dfe-Freese<\/strong> hacen balance de sus actuaciones en el Campeonato de Europa IRONMAN.<\/p>\n<p><a href=\"https:\/\/tidd.ly\/4aibOFa\" rel=\"nofollow noopener\" target=\"_blank\"><img fetchpriority=\"high\" decoding=\"async\" class=\"alignnone size-full wp-image-90327\" src=\"https:\/\/miurltemporal.com/main/triatletasenred.sport.es\/wp-content\/uploads\/BannerHoka700x100px_SkywardX.jpg\" alt=\"\" width=\"700\" height=\"100\" srcset=\"https:\/\/miurltemporal.com/main/triatletasenred.sport.es\/wp-content\/uploads\/BannerHoka700x100px_SkywardX.jpg 700w, https:\/\/miurltemporal.com/main/triatletasenred.sport.es\/wp-content\/uploads\/BannerHoka700x100px_SkywardX-300x43.jpg 300w, https:\/\/miurltemporal.com/main/triatletasenred.sport.es\/wp-content\/uploads\/BannerHoka700x100px_SkywardX-696x100.jpg 696w\" sizes=\"(max-width: 700px) 100vw, 700px\" \/><\/a><\/p>\n<p><strong>IRONMAN Framfurt<\/strong> deja ganadores morales y otros que no rindieron al nivel que se esperaba de ellos y todos han hablado de lo sucedido.<\/p>\n<h4><em>&#8220;ESTOY SORPRENDIDO CON EL RESULTADO&#8221;<\/em><\/h4>\n<hr \/>\n<p><strong>Kristian Blummenfelt<\/strong> es el hombre del fin de semana. Doce d\u00edas despu\u00e9s de no poder estar en la batalla por las medallas en Par\u00eds, el noruego se desquitaba conquistando un Campeonato de Europa IRONMAN en Frankurt por todo lo grande, con r\u00e9cord incluido.<\/p>\n<p>&#8220;<strong><em>Estoy bastante sorprendido con el resultado<\/em><\/strong>\u201d. Esas eran las primeras palabras del <strong>\u2018toro\u2019<\/strong> tras cruzar la l\u00ednea de meta. Un sentimiento motivado por su falta de preparaci\u00f3n espec\u00edfica \u201c<strong><em>Sent\u00ed que llegu\u00e9 con muy poca preparaci\u00f3n, falta de entrenos en la \u2018cabra\u2019 y apenas hab\u00eda hecho tandas largas<\/em><\/strong>\u201d. Una carencia sobre las dos ruedas que esperaba que le pasase factura. Algo que no sucedi\u00f3 y que le llev\u00f3 a dejar atr\u00e1s su objetivo inicial \u2013 concluir para obtener el slot \u2013 y pensar a lo grande \u201c<strong><em>Despu\u00e9s del km160 me di cuenta de que solo hab\u00eda dos chicos al frente y que yo estaba rodando en una posici\u00f3n que de acabar bien la bici pod\u00eda aspirar al podio&#8221;.<\/em><\/strong><\/p>\n<p>Una sensaci\u00f3n que compartimos en la cr\u00f3nica y que \u00e9l refuta con sus declaraciones, pero como tambi\u00e9n advertimos pudo quedar en nada cuando en la tercera de las vueltas a pie <strong>comenz\u00f3 a vomitar<\/strong>. Un momento cr\u00edtico que <strong>Blummenfelt<\/strong> achaca a la \u201c<strong><em>falta de entreno<\/em><\/strong>\u201d en el tema nutrici\u00f3n en carrera y admite que tras el incidente era \u201c<strong><em>crucial poder asimilar la nutrici\u00f3n<\/em><\/strong>\u201d. Lo logr\u00f3 y entonces \u201c<strong><em>cuando logr\u00e9 encontrar el ritmo de nuevo, supe que pod\u00eda hacerlo<\/em><\/strong> (ganar)\u201d.<\/p>\n<p>Una victoria que dej\u00f3 boca abiertos a propios y extra\u00f1os debido a su <strong>2:32:29, el tercer mejor parcial de siempre dentro de la franquicia IRONMAN<\/strong>, Ahora asume que su mal rendimiento en Par\u00eds y el extraordinario en Frankfurt est\u00e1n relacionados \u201c<strong><em>Supongo que esa fue quiz\u00e1 la raz\u00f3n por la que no me fue tan bien en Par\u00eds. Quiz\u00e1 llegu\u00e9 con demasiada capacidad en lugar de centrarme en esfuerzos m\u00e1s cortos<\/em><\/strong>\u201d.<\/p>\n<p>A saber de lo que es capaz de hacer dentro de poco m\u00e1s de dos meses en Kona.<\/p>\n<h4><em>\u201cNO ME ARREPIENTO DE NADA\u201d<\/em><\/h4>\n<hr \/>\n<p>Una ciudad y un Mundial en el que no estar\u00e1 <strong>Sam Long<\/strong>. \u201c<strong><em>Pierdes el 100% de los disparos que no usas<\/em><\/strong>\u201d con una cita de <strong>Wayne Gretzky <\/strong>comenzaba el mensaje del estadounidense. Un texto en el que admit\u00eda haberse quedado \u201c<strong><em>corto<\/em><\/strong>\u201d. No obstante, se mostraba \u201c<strong><em>orgulloso de haber tenido el valor de venir a probar el IRONMAN Frankfurt<\/em><\/strong>\u201d. Adem\u00e1s, hace una lectura positiva de su participaci\u00f3n \u201c<strong><em>he dado grandes pasos en la direcci\u00f3n correcta en esta distancia, me he quitado el gusanillo del Ironman y no me arrepiento de nada<\/em><\/strong>\u201d y concreta su futuro inmediato \u201c<strong><em>el resto del a\u00f1o centrar\u00e9 todos mis esfuerzos en el T100<\/em><\/strong>\u201d.<\/p>\n<h4><em>\u201cESTOY F\u00cdSICA Y MENTALMENTE AGOTADO\u201d<\/em><\/h4>\n<hr \/>\n<p>No fue el d\u00eda de <strong>Sam Long <\/strong>como tampoco lo fue el de su compatriota <strong>Trevor Foley<\/strong> que un mes de su victoria en <strong>Placid Lake<\/strong> se aventuraba a probarse por primera vez en <strong>Europa<\/strong>, <strong>sin \u00e9xito<\/strong>. El norteamericano se retiraba sobre el km136 de la bici, o seg\u00fan sus palabras \u201c<strong><em>Muerto, tir\u00e9 la toalla en la milla 85<\/em><\/strong>\u201d. Tras unas horas de reflexi\u00f3n cree que se \u201c<strong><em>arriesg\u00f3<\/em><\/strong>\u201d al ir a Frankfurt con tan poco margen con el resto de pruebas pasadas. Y termina con un \u201c<strong><em>Estoy f\u00edsica y mentalmente agotado<\/em><\/strong>\u201d antes de anunciar unas breves vacaciones.<\/p>\n<h4>&#8220;NO SAB\u00cdA SI IBA A VOLVER A COMPETIR&#8221;<\/h4>\n<hr \/>\n<p>Ayer en Frankfurt las penas y alegr\u00edas iban por barrios y <strong>Kieran Lindars<\/strong> era la viva imagen de esto \u00faltimo despu\u00e9s de much\u00edsimo sufrimiento.<\/p>\n<p>S\u00ed hubo un hombre especialmente emocionado en la l\u00ednea de meta era \u00e9l. El brit\u00e1nico romp\u00eda a llorar y tampoco pod\u00eda evitar emocionarse en la entrevista posterior. Detr\u00e1s de ese llanto un \u201c<strong><em>Un a\u00f1o muy duro. El a\u00f1o pasado ya tuve un final muy dif\u00edcil, y he estado muy mal de salud<\/em><\/strong>\u201d. Tanto que como asegura \u201c<strong><em>no sab\u00eda si podr\u00eda volver a competir<\/em><\/strong>\u201d. Y vaya s\u00ed lo ha hecho con un billete a Kona incluido. Un regreso, el del <strong>Campe\u00f3n de Europa de LD en 2022<\/strong> marcado por el coraje y las ganas de probar que \u201c<strong><em>tengo algo para el Ironman y es mi distancia<\/em><\/strong>\u201d.<\/p>\n<h5>&#8220;AL MANTENERME CON BLUMMENFELT PENS\u00c9 DEBO ESTAR CORRIENDO BIEN&#8221;<\/h5>\n<p>Respecto a la carrera, <strong>Lindars<\/strong> fue consciente de que estaba en buena posici\u00f3n durante el segmento de bicicleta \u201c<strong><em>encontr\u00e9 en un lugar en la bicicleta y pens\u00e9, \u2018este es un grupo con el que quedarse\u2019<\/em><\/strong>\u201d. Un esfuerzo que tuvo que controlar sin referencias de datos \u201c<strong><em>nada funcionaba porque estaba muy mojado\u201d.<\/em><\/strong> Posteriormente, tal y como comenta, el brit\u00e1nico confirm\u00f3 su buen hacer en el marat\u00f3n y confiesa lo que se le pas\u00f3 por la cabeza al ser atrapado por Blummenfelt \u201c<strong><em>Pens\u00e9, oh, bueno, Siendo realistas, deber\u00eda perder unos minutos con \u00e9l<\/em><\/strong>\u201d. Lo que no esperaba era continuar vi\u00e9ndolo durante la primera mitad y eso le llev\u00f3 a un pensamiento dicot\u00f3mico \u201c<strong><em>bueno, debo estar corriendo bien pero nunca se sabe realmente con estas cosas<\/em><\/strong>\u201d. No fue un espejismo, tampoco su segundo lugar. Su mejor actuaci\u00f3n de siempre.<\/p>\n<p>Un logro que Kieran ha querido agradecer sentidamente a \u201c<strong><em>todo mi equipo que se qued\u00f3 conmigo cuando yo pensaba que no pod\u00eda hacerlo<\/em><\/strong>\u201d as\u00ed como a \u201c<strong>todos los clubes de nivel fundacional de Aylesbury<\/strong>\u201d. Un reconocimiento merecido a todos esos que trabajan en las sombras de las bases.<\/p>\n<h4><em>\u201cNO ME LO PUEDO CREER\u201d<\/em><\/h4>\n<hr \/>\n<p><strong>Gregory Barnaby<\/strong> era otro hombre en las nubes. \u201c<strong><em>No me lo puedo creer. Estoy muy emocionado. No so\u00f1\u00e9 con esto para nada<\/em><\/strong>\u201d. Era la respuesta del italiano a si pod\u00eda haber imaginado algo as\u00ed despu\u00e9s de ser tercero en Mallorca.<\/p>\n<p>Un resultado que entraba todav\u00eda menos en sus planea al inicio de la prueba \u201c<strong><em>Me sent\u00ed fatal en la nataci\u00f3n, as\u00ed que mantuve la cabeza en ella\u201d. <\/em><\/strong>Algo que cambi\u00f3 al subirse a la bicicleta y vio claro por d\u00f3nde pasaba su oportunidad \u201c<strong><em>Me sent\u00ed bien. Siempre estuve bien posicionado, me sent\u00ed muy bien y sab\u00eda que ten\u00eda que quedarme en ese grupo<\/em><\/strong>\u201d. Finalmente, se encuentra satisfecho por su carrera a pie \u201c<strong><em>Creo que es la primera vez este a\u00f1o que tengo buenas piernas\u201d. <\/em><\/strong>No obstante, considera que era \u201c<strong><em>imposible<\/em><\/strong>\u201d seguir el ritmo de Blummenfelt y Lindars \u201c<strong><em>Trat\u00e9 de salir con Kristian y Kieran, pero fue un poco demasiado r\u00e1pido para m\u00ed, as\u00ed que tuve que concentrarme en mi ritmo<\/em><\/strong>\u201d.<\/p>\n<h4>LA ALEGR\u00cdA DE LOS CLASIFICADOS PARA EL MUNDIAL<\/h4>\n<hr \/>\n<p>Otros <strong>cuatro hombres<\/strong> se hicieron con los slots definitivos para Kona. El dan\u00e9s <strong>Kristian H\u00f8genhaug, <\/strong>el neerland\u00e9s <strong>Menno Koolhaas<\/strong> y los alemanes <strong>Jonas Hoffmann<\/strong> y <strong>Finn Gro\u00dfe-Freese.<\/strong><\/p>\n<h5><em>\u201cHE LUCHADO CADA SEGUNDO\u201d<\/em><\/h5>\n<p><strong>H\u00f8genhaug <\/strong>hac\u00eda uso de sus redes sociales para reflejar sus pensamientos que var\u00edan desde la satisfacci\u00f3n y el orgullo a cierta decepci\u00f3n por el puesto final. \u201c<strong><em>Nunca me desvanec\u00ed en la bici y me sent\u00ed muy fuerte todo el d\u00eda, pero lo termin\u00e9 con una carrera a pie negativa. Al final solo me ha valido para el 4\u00ba puesto, pero he luchado mucho por cada segundo. Estoy muy orgulloso del esfuerzo de todo el d\u00eda<\/em><\/strong>\u201d. Adem\u00e1s, como no pod\u00eda ser de otra manera, se reservaba un hueco para su clasificaci\u00f3n para Haw\u00e1i. \u201c<strong><em>Tengo mi billete para Kona. \u00a1Estoy deseando que llegue!\u201d.<\/em><\/strong><\/p>\n<h5><em>\u201cNUNCA ME RENDIR\u00c9\u201d<\/em><\/h5>\n<p><strong><em>\u201c\u00a1Qu\u00e9 d\u00eda! Caerse y volver a levantarse. \u00a1Nunca me rendir\u00e9<\/em><\/strong>!\u201d era la sucinta reacci\u00f3n de <strong>Koolhaas<\/strong>. Suficiente para apreciar su estado de \u00e1nimo.<\/p>\n<h5><em>\u201cARRIESGU\u00c9 Y FUNCION\u00d3\u201d<\/em><\/h5>\n<p>\u201c<strong><em>La carrera fue mega<\/em><\/strong>\u201d. Para todos, el slot es especial, pero lograrlo literalmente en casa (a un paso de ella) y hacerlo como mejor alem\u00e1n de la \u201c<strong><em>carrera m\u00e1s grande<\/em><\/strong>\u201d es algo que solo puede decir y sentir <strong>Jonas Hoffenmann<\/strong>. Para darle m\u00e1s m\u00e9rito al tema, el local lo consigue despu\u00e9s de sufrir una ca\u00edda debido a un percance mec\u00e1nico \u201c<strong><em>Me estrell\u00e9 aproximadamente en el kil\u00f3metro 30, en la rotonda. La cadena se ha atascado y he tenido que recorrer 20 kil\u00f3metros en solitario para volver al grupo<\/em><\/strong>\u201d. \u00a0Como \u00e9l dice para <strong>Tri Mag<\/strong>, engancharse de nuevo al grupo fue \u201c<strong><em>clave<\/em><\/strong>\u201d para \u00e9l.<\/p>\n<p>Pero si de algo se siente orgulloso es de su carrera a pie \u201c<strong><em>Iba a hacerla de forma conservadora, pero me sent\u00ed mega ten\u00eda que estar en los puestos delanteros para entrar en slots. As\u00ed que arriesgu\u00e9 y funcion\u00f3<\/em><\/strong>\u201d. Riesgo con premio doble, el slot y la alegr\u00eda de poder demostrar \u201c<strong><em>mi verdadera fuerza en el marat\u00f3n<\/em><\/strong>\u201d.<\/p>\n<h5><em>\u201cUNA AUT\u00c9NTICA LUCHA DESDE EL PRINCIPIO\u201d<\/em><\/h5>\n<p>\u201c<strong><em>Estoy feliz<\/em><\/strong>\u201d dec\u00eda <strong>Gro\u00dfe-Freese <\/strong>al mismo medio. El \u00faltimo \u201cagraciado\u201d con slot o mejor dicho, bien trabajada recompensa compart\u00eda una visi\u00f3n de carrera similar a la de Barnaby. \u201c<strong><em>Me cost\u00f3 mucho nadar, pero aun as\u00ed sal\u00ed al frente. Tuve un buen cambio, pero fue bastante opresivo en la bici<\/em><\/strong>\u201d. De hecho, el teut\u00f3n define la carrera \u201c<strong><em>una aut\u00e9ntica lucha desde el principio<\/em><\/strong>\u201d y se\u00f1ala a un elemento climatol\u00f3gico como otra fuente de preocupaci\u00f3n \u201c<strong><em>La humedad me dio muchos problemas<\/em><\/strong>\u201d. Pero ni todo ello le impidi\u00f3 firmar un <strong>7:39:42<\/strong> con el que est\u00e1 \u201c<strong><em>feliz<\/em><\/strong>\u201d, la palabra del d\u00eda.<\/p>\n<p>Ahora como bien dice <strong>Gro\u00dfe-Freese <\/strong>solo les queda<strong> \u201cEmpaquetar las cosas e ir al Mundial<\/strong>\u201d. Eso ser\u00e1 el<strong> 26 de octubre<\/strong> y ah\u00ed estar\u00e1n <strong>Jordi Montraveta<\/strong> y <strong>Antonio Benito<\/strong>.<\/p>\n<p><iframe title=\"Triatlon en Vena Podcast | Lo de BLUMMENFELT en IRONMAN Frankfurt\" width=\"696\" height=\"392\" src=\"https:\/\/www.youtube.com\/embed\/O_CJlUuk1i0?feature=oembed\" frameborder=\"0\" allow=\"accelerometer; autoplay; clipboard-write; encrypted-media; gyroscope; picture-in-picture; web-share\" referrerpolicy=\"strict-origin-when-cross-origin\" allowfullscreen><\/iframe><\/p>\n","protected":false},"excerpt":{"rendered":"<p>Blummenfelt, Long, Foley, Lindars, Barnaby, H\u00f8genhaug, Koolhaas, Hoffmann y Gro\u00dfe-Freese hacen balance de sus actuaciones en el Campeonato de Europa IRONMAN.<\/p>\n","protected":false},"author":351,"featured_media":92007,"comment_status":"closed","ping_status":"open","sticky":false,"template":"","format":"standard","meta":{"_acf_changed":false,"rank_math_lock_modified_date":false,"footnotes":""},"categories":[17,10639],"tags":[11227,4369,11226,6385,8376,11117],"class_list":{"0":"post-92006","1":"post","2":"type-post","3":"status-publish","4":"format-standard","5":"has-post-thumbnail","7":"category-actualidad","8":"category-portada","9":"tag-gregory-barnaby","10":"tag-ironman-frankfurt","11":"tag-kieran-lindars","12":"tag-kristian-blummenfelt","13":"tag-sam-long","14":"tag-trevor-foley"},"acf":[],"_links":{"self":[{"href":"https:\/\/miurltemporal.com/main/triatletasenred.sport.es\/wp-json\/wp\/v2\/posts\/92006"}],"collection":[{"href":"https:\/\/miurltemporal.com/main/triatletasenred.sport.es\/wp-json\/wp\/v2\/posts"}],"about":[{"href":"https:\/\/miurltemporal.com/main/triatletasenred.sport.es\/wp-json\/wp\/v2\/types\/post"}],"author":[{"embeddable":true,"href":"https:\/\/miurltemporal.com/main/triatletasenred.sport.es\/wp-json\/wp\/v2\/users\/351"}],"replies":[{"embeddable":true,"href":"https:\/\/miurltemporal.com/main/triatletasenred.sport.es\/wp-json\/wp\/v2\/comments?post=92006"}],"version-history":[{"count":3,"href":"https:\/\/miurltemporal.com/main/triatletasenred.sport.es\/wp-json\/wp\/v2\/posts\/92006\/revisions"}],"predecessor-version":[{"id":92010,"href":"https:\/\/miurltemporal.com/main/triatletasenred.sport.es\/wp-json\/wp\/v2\/posts\/92006\/revisions\/92010"}],"wp:featuredmedia":[{"embeddable":true,"href":"https:\/\/miurltemporal.com/main/triatletasenred.sport.es\/wp-json\/wp\/v2\/media\/92007"}],"wp:attachment":[{"href":"https:\/\/miurltemporal.com/main/triatletasenred.sport.es\/wp-json\/wp\/v2\/media?parent=92006"}],"wp:term":[{"taxonomy":"category","embeddable":true,"href":"https:\/\/miurltemporal.com/main/triatletasenred.sport.es\/wp-json\/wp\/v2\/categories?post=92006"},{"taxonomy":"post_tag","embeddable":true,"href":"https:\/\/miurltemporal.com/main/triatletasenred.sport.es\/wp-json\/wp\/v2\/tags?post=92006"}],"curies":[{"name":"wp","href":"https:\/\/api.w.org\/{rel}","templated":true}]}}