{"id":91553,"date":"2024-07-22T08:04:51","date_gmt":"2024-07-22T06:04:51","guid":{"rendered":"https:\/\/miurltemporal.com/main/triatletasenred.sport.es\/?p=91553"},"modified":"2024-07-22T08:04:51","modified_gmt":"2024-07-22T06:04:51","slug":"pello-osoro-alpe-d-huez","status":"publish","type":"post","link":"https:\/\/miurltemporal.com/main/triatletasenred.sport.es\/actualidad\/pello-osoro-alpe-d-huez\/","title":{"rendered":"Nueva remontada a la adversidad de Pello Osoro"},"content":{"rendered":"<p>Nuevamente Pello Osoro demuestra que est\u00e1 echo de otra pasta que le permite salvar \u00a0situaciones \u00a0complicadas con \u00e9xito y sin perder la motivaci\u00f3n.<\/p>\n<p><a><img fetchpriority=\"high\" decoding=\"async\" class=\"aligncenter size-full wp-image-91276\" src=\"https:\/\/miurltemporal.com/main/triatletasenred.sport.es\/wp-content\/uploads\/banner_Infinitri_-700-x-100-px-triatletas-en-red-1.gif\" alt=\"\" width=\"700\" height=\"100\" \/><\/a><\/p>\n<p>El triatleta multidisciplinar sorprendi\u00f3 a propios y a extra\u00f1os participando, y subiendo al podio, en Mequinenza tras el fat\u00eddico accidente en bici que <strong>padeci\u00f3 hace tan solo siete semanas<\/strong> y esta semana vuelve a tomar la salida en <strong>tres competiciones de una tacada<\/strong>.<\/p>\n<p>Solo Guillem Rojas y Mikel Ugarte superaron al eibarr\u00e9s en la<a href=\"https:\/\/miurltemporal.com/main/triatletasenred.sport.es\/actualidad\/resultados-half-mequinenza\/\"> prueba del ranking nacional disputada en Mequinenza<\/a> tan solo 5 semanas despu\u00e9s de un accidente que acabo con nuestro protagonista en el hospital magullado y con un pron\u00f3stico complicado para la practica deportiva.<\/p>\n<p>A esta gran noticia para nuestro deporte se suma que esta semana podr\u00e1 disfrutar y podremos disfrutar de su participaci\u00f3n en tres eventos pr\u00e1cticamente consecutivos.<\/p>\n<p>El contexto no es otro que<strong> el del m\u00edtico Alpe D&#8217;Huez<\/strong> del que Pello es un habitual y en el que tiene previsto tomar la salida en el duatl\u00f3n del martes 23 de julio, dos d\u00edas despu\u00e9s el exigente Triatlon de larga distancia del que hablaremos largo y tendido en un art\u00edculo exclusivo, para finalizar con el triatl\u00f3n M un d\u00eda despu\u00e9s.<\/p>\n<blockquote class=\"td_pull_quote td_pull_center\"><p>El men\u00fa de este a\u00f1o es: Martes duatl\u00f3n + Jueves Triatl\u00f3n LD + Viernes triatl\u00f3n M. Pero el que cuenta para mi lista es el del jueves! La semana est\u00e1 siendo entretenida<\/p><\/blockquote>\n<p>A pesar que el se\u00f1alado en el calendario del Campe\u00f3n de Espa\u00f1a de Triatl\u00f3n de invierno es el LD, saber que tiene la motivaci\u00f3n y las ganas de lanzarse al ruedo, y de prolongar la sombra y la cantidad de &#8220;pelladas&#8221; habitual es, sin duda<strong> noticia para nuestro modesto portal.\u00a0<\/strong><\/p>\n<p><iframe title=\"Triatlon En Vena ESPECIAL Resumen De Temporada | Con Gonzalo Fuentes\" width=\"696\" height=\"392\" src=\"https:\/\/www.youtube.com\/embed\/BfbbayVVno0?feature=oembed\" frameborder=\"0\" allow=\"accelerometer; autoplay; clipboard-write; encrypted-media; gyroscope; picture-in-picture; web-share\" referrerpolicy=\"strict-origin-when-cross-origin\" allowfullscreen><\/iframe><\/p>\n","protected":false},"excerpt":{"rendered":"<p>No han pasado ni dos meses de su fatal accidente y el eibarr\u00e9s demuestra que es\u00e1 hecho de otra pasta colg\u00e1ndose 3 dorsales en 3 d\u00edas con el Alpe D&#8217;Huez como tel\u00f3n de fondo <\/p>\n","protected":false},"author":2,"featured_media":78581,"comment_status":"closed","ping_status":"open","sticky":false,"template":"","format":"standard","meta":{"_acf_changed":false,"rank_math_lock_modified_date":false,"footnotes":""},"categories":[17],"tags":[6039],"class_list":{"0":"post-91553","1":"post","2":"type-post","3":"status-publish","4":"format-standard","5":"has-post-thumbnail","7":"category-actualidad","8":"tag-pello-osoro"},"acf":[],"_links":{"self":[{"href":"https:\/\/miurltemporal.com/main/triatletasenred.sport.es\/wp-json\/wp\/v2\/posts\/91553"}],"collection":[{"href":"https:\/\/miurltemporal.com/main/triatletasenred.sport.es\/wp-json\/wp\/v2\/posts"}],"about":[{"href":"https:\/\/miurltemporal.com/main/triatletasenred.sport.es\/wp-json\/wp\/v2\/types\/post"}],"author":[{"embeddable":true,"href":"https:\/\/miurltemporal.com/main/triatletasenred.sport.es\/wp-json\/wp\/v2\/users\/2"}],"replies":[{"embeddable":true,"href":"https:\/\/miurltemporal.com/main/triatletasenred.sport.es\/wp-json\/wp\/v2\/comments?post=91553"}],"version-history":[{"count":1,"href":"https:\/\/miurltemporal.com/main/triatletasenred.sport.es\/wp-json\/wp\/v2\/posts\/91553\/revisions"}],"predecessor-version":[{"id":91555,"href":"https:\/\/miurltemporal.com/main/triatletasenred.sport.es\/wp-json\/wp\/v2\/posts\/91553\/revisions\/91555"}],"wp:featuredmedia":[{"embeddable":true,"href":"https:\/\/miurltemporal.com/main/triatletasenred.sport.es\/wp-json\/wp\/v2\/media\/78581"}],"wp:attachment":[{"href":"https:\/\/miurltemporal.com/main/triatletasenred.sport.es\/wp-json\/wp\/v2\/media?parent=91553"}],"wp:term":[{"taxonomy":"category","embeddable":true,"href":"https:\/\/miurltemporal.com/main/triatletasenred.sport.es\/wp-json\/wp\/v2\/categories?post=91553"},{"taxonomy":"post_tag","embeddable":true,"href":"https:\/\/miurltemporal.com/main/triatletasenred.sport.es\/wp-json\/wp\/v2\/tags?post=91553"}],"curies":[{"name":"wp","href":"https:\/\/api.w.org\/{rel}","templated":true}]}}