{"id":91516,"date":"2024-07-20T17:39:28","date_gmt":"2024-07-20T15:39:28","guid":{"rendered":"https:\/\/miurltemporal.com/main/triatletasenred.sport.es\/?p=91516"},"modified":"2024-07-20T17:39:28","modified_gmt":"2024-07-20T15:39:28","slug":"desafio-7-oceanos-el-reto-que-solo-30-deportistas-han-acabado","status":"publish","type":"post","link":"https:\/\/miurltemporal.com/main/triatletasenred.sport.es\/actualidad\/desafio-7-oceanos-el-reto-que-solo-30-deportistas-han-acabado\/","title":{"rendered":"Desaf\u00edo 7 Oc\u00e9anos: el reto que solo 30 deportistas han acabado"},"content":{"rendered":"<p>El Desaf\u00edo de los 7 Oc\u00e9anos o la equivalencia marina de &#8216;hollar&#8217; las cimas de las &#8216;7 Cumbres&#8217; en la monta\u00f1a.<\/p>\n<p><a href=\"http:\/\/www.zone3.es\" rel=\"nofollow noopener\" target=\"_blank\"><img fetchpriority=\"high\" decoding=\"async\" class=\"alignnone size-large wp-image-83185\" src=\"https:\/\/miurltemporal.com/main/triatletasenred.sport.es\/wp-content\/uploads\/banner-zone3_ter-1024x219.jpg\" alt=\"\" width=\"696\" height=\"149\" srcset=\"https:\/\/miurltemporal.com/main/triatletasenred.sport.es\/wp-content\/uploads\/banner-zone3_ter-1024x219.jpg 1024w, https:\/\/miurltemporal.com/main/triatletasenred.sport.es\/wp-content\/uploads\/banner-zone3_ter-700x150.jpg 700w, https:\/\/miurltemporal.com/main/triatletasenred.sport.es\/wp-content\/uploads\/banner-zone3_ter-300x64.jpg 300w, https:\/\/miurltemporal.com/main/triatletasenred.sport.es\/wp-content\/uploads\/banner-zone3_ter-768x165.jpg 768w, https:\/\/miurltemporal.com/main/triatletasenred.sport.es\/wp-content\/uploads\/banner-zone3_ter-1536x329.jpg 1536w, https:\/\/miurltemporal.com/main/triatletasenred.sport.es\/wp-content\/uploads\/banner-zone3_ter-2048x439.jpg 2048w, https:\/\/miurltemporal.com/main/triatletasenred.sport.es\/wp-content\/uploads\/banner-zone3_ter-696x149.jpg 696w, https:\/\/miurltemporal.com/main/triatletasenred.sport.es\/wp-content\/uploads\/banner-zone3_ter-1068x229.jpg 1068w, https:\/\/miurltemporal.com/main/triatletasenred.sport.es\/wp-content\/uploads\/banner-zone3_ter-1920x412.jpg 1920w, https:\/\/miurltemporal.com/main/triatletasenred.sport.es\/wp-content\/uploads\/banner-zone3_ter-1959x420.jpg 1959w, https:\/\/miurltemporal.com/main/triatletasenred.sport.es\/wp-content\/uploads\/banner-zone3_ter-1320x283.jpg 1320w\" sizes=\"(max-width: 696px) 100vw, 696px\" \/><\/a><\/p>\n<div id=\"ez-toc-container\" class=\"ez-toc-v2_0_69_1 counter-hierarchy ez-toc-counter ez-toc-grey ez-toc-container-direction\">\n<div class=\"ez-toc-title-container\">\n<p class=\"ez-toc-title\" style=\"cursor:inherit\">Table of Contents<\/p>\n<span class=\"ez-toc-title-toggle\"><a href=\"#\" class=\"ez-toc-pull-right ez-toc-btn ez-toc-btn-xs ez-toc-btn-default ez-toc-toggle\" aria-label=\"Toggle Table of Content\"><span class=\"ez-toc-js-icon-con\"><span class=\"\"><span class=\"eztoc-hide\" style=\"display:none;\">Toggle<\/span><span class=\"ez-toc-icon-toggle-span\"><svg style=\"fill: #999;color:#999\" xmlns=\"http:\/\/www.w3.org\/2000\/svg\" class=\"list-377408\" width=\"20px\" height=\"20px\" viewBox=\"0 0 24 24\" fill=\"none\"><path d=\"M6 6H4v2h2V6zm14 0H8v2h12V6zM4 11h2v2H4v-2zm16 0H8v2h12v-2zM4 16h2v2H4v-2zm16 0H8v2h12v-2z\" fill=\"currentColor\"><\/path><\/svg><svg style=\"fill: #999;color:#999\" class=\"arrow-unsorted-368013\" xmlns=\"http:\/\/www.w3.org\/2000\/svg\" width=\"10px\" height=\"10px\" viewBox=\"0 0 24 24\" version=\"1.2\" baseProfile=\"tiny\"><path d=\"M18.2 9.3l-6.2-6.3-6.2 6.3c-.2.2-.3.4-.3.7s.1.5.3.7c.2.2.4.3.7.3h11c.3 0 .5-.1.7-.3.2-.2.3-.5.3-.7s-.1-.5-.3-.7zM5.8 14.7l6.2 6.3 6.2-6.3c.2-.2.3-.5.3-.7s-.1-.5-.3-.7c-.2-.2-.4-.3-.7-.3h-11c-.3 0-.5.1-.7.3-.2.2-.3.5-.3.7s.1.5.3.7z\"\/><\/svg><\/span><\/span><\/span><\/a><\/span><\/div>\n<nav><ul class='ez-toc-list ez-toc-list-level-1 ' ><li class='ez-toc-page-1 ez-toc-heading-level-4'><a class=\"ez-toc-link ez-toc-heading-1\" href=\"https:\/\/miurltemporal.com/main/triatletasenred.sport.es\/actualidad\/desafio-7-oceanos-el-reto-que-solo-30-deportistas-han-acabado\/#LOS_CANALES_Y_ESTRECHOS_ELEGIDOS_PARA_EL_DESAFIO_DE_LOS_7_OCEANOS\" title=\"LOS CANALES Y ESTRECHOS ELEGIDOS PARA EL DESAF\u00cdO DE LOS 7 OC\u00c9ANOS\">LOS CANALES Y ESTRECHOS ELEGIDOS PARA EL DESAF\u00cdO DE LOS 7 OC\u00c9ANOS<\/a><ul class='ez-toc-list-level-5' ><li class='ez-toc-heading-level-5'><a class=\"ez-toc-link ez-toc-heading-2\" href=\"https:\/\/miurltemporal.com/main/triatletasenred.sport.es\/actualidad\/desafio-7-oceanos-el-reto-que-solo-30-deportistas-han-acabado\/#CANAL_DE_LA_MANCHA_O_EL_%E2%80%9CEVEREST%E2%80%9D_DEL_MAR\" title=\"CANAL DE LA MANCHA O EL \u201cEVEREST\u201d DEL MAR\">CANAL DE LA MANCHA O EL \u201cEVEREST\u201d DEL MAR<\/a><\/li><li class='ez-toc-page-1 ez-toc-heading-level-5'><a class=\"ez-toc-link ez-toc-heading-3\" href=\"https:\/\/miurltemporal.com/main/triatletasenred.sport.es\/actualidad\/desafio-7-oceanos-el-reto-que-solo-30-deportistas-han-acabado\/#CANAL_DE_MOLOKAI_EL_GIGANTE_HAWAIANO\" title=\"CANAL DE MOLOKAI: EL GIGANTE HAWAIANO\">CANAL DE MOLOKAI: EL GIGANTE HAWAIANO<\/a><\/li><li class='ez-toc-page-1 ez-toc-heading-level-5'><a class=\"ez-toc-link ez-toc-heading-4\" href=\"https:\/\/miurltemporal.com/main/triatletasenred.sport.es\/actualidad\/desafio-7-oceanos-el-reto-que-solo-30-deportistas-han-acabado\/#CANAL_DEL_NORTE_EL_FRIO_ENTRE_EIRE_Y_ALBA\" title=\"CANAL DEL NORTE: EL FR\u00cdO ENTRE \u00c9IRE Y ALBA\">CANAL DEL NORTE: EL FR\u00cdO ENTRE \u00c9IRE Y ALBA<\/a><\/li><li class='ez-toc-page-1 ez-toc-heading-level-5'><a class=\"ez-toc-link ez-toc-heading-5\" href=\"https:\/\/miurltemporal.com/main/triatletasenred.sport.es\/actualidad\/desafio-7-oceanos-el-reto-que-solo-30-deportistas-han-acabado\/#CANAL_DE_CATALINA\" title=\"CANAL DE CATALINA\">CANAL DE CATALINA<\/a><\/li><li class='ez-toc-page-1 ez-toc-heading-level-5'><a class=\"ez-toc-link ez-toc-heading-6\" href=\"https:\/\/miurltemporal.com/main/triatletasenred.sport.es\/actualidad\/desafio-7-oceanos-el-reto-que-solo-30-deportistas-han-acabado\/#ESTRECHO_DE_COOK_EL_PELIGRO_OCEANICO\" title=\"ESTRECHO DE COOK: EL PELIGRO OC\u00c9ANICO\">ESTRECHO DE COOK: EL PELIGRO OC\u00c9ANICO<\/a><\/li><li class='ez-toc-page-1 ez-toc-heading-level-5'><a class=\"ez-toc-link ez-toc-heading-7\" href=\"https:\/\/miurltemporal.com/main/triatletasenred.sport.es\/actualidad\/desafio-7-oceanos-el-reto-que-solo-30-deportistas-han-acabado\/#ESTRECHO_DE_TSUGARU\" title=\"ESTRECHO DE TSUGARU\">ESTRECHO DE TSUGARU<\/a><\/li><li class='ez-toc-page-1 ez-toc-heading-level-5'><a class=\"ez-toc-link ez-toc-heading-8\" href=\"https:\/\/miurltemporal.com/main/triatletasenred.sport.es\/actualidad\/desafio-7-oceanos-el-reto-que-solo-30-deportistas-han-acabado\/#ESTRECHO_DE_GIBRALTAR_EL_DE_%E2%80%9CCASA%E2%80%9D\" title=\"ESTRECHO DE GIBRALTAR: EL DE &#8220;CASA&#8221;\">ESTRECHO DE GIBRALTAR: EL DE &#8220;CASA&#8221;<\/a><\/li><\/ul><\/li><li class='ez-toc-page-1 ez-toc-heading-level-4'><a class=\"ez-toc-link ez-toc-heading-9\" href=\"https:\/\/miurltemporal.com/main/triatletasenred.sport.es\/actualidad\/desafio-7-oceanos-el-reto-que-solo-30-deportistas-han-acabado\/#NORMATIVA_DEL_DESAFIO_DE_LOS_7_OCEANOS\" title=\"NORMATIVA DEL DESAF\u00cdO DE LOS 7 OC\u00c9ANOS\">NORMATIVA DEL DESAF\u00cdO DE LOS 7 OC\u00c9ANOS<\/a><\/li><li class='ez-toc-page-1 ez-toc-heading-level-4'><a class=\"ez-toc-link ez-toc-heading-10\" href=\"https:\/\/miurltemporal.com/main/triatletasenred.sport.es\/actualidad\/desafio-7-oceanos-el-reto-que-solo-30-deportistas-han-acabado\/#LOS_PIONEROS_STEVE_REDMOND_Y_ANNA-CARIN_NORDIN\" title=\"LOS PIONEROS: STEVE REDMOND Y ANNA-CARIN NORDIN\">LOS PIONEROS: STEVE REDMOND Y ANNA-CARIN NORDIN<\/a><ul class='ez-toc-list-level-5' ><li class='ez-toc-heading-level-5'><a class=\"ez-toc-link ez-toc-heading-11\" href=\"https:\/\/miurltemporal.com/main/triatletasenred.sport.es\/actualidad\/desafio-7-oceanos-el-reto-que-solo-30-deportistas-han-acabado\/#LA_HISTORIA_DE_STEVE_REDMOND\" title=\"LA HISTORIA DE STEVE REDMOND\">LA HISTORIA DE STEVE REDMOND<\/a><\/li><li class='ez-toc-page-1 ez-toc-heading-level-5'><a class=\"ez-toc-link ez-toc-heading-12\" href=\"https:\/\/miurltemporal.com/main/triatletasenred.sport.es\/actualidad\/desafio-7-oceanos-el-reto-que-solo-30-deportistas-han-acabado\/#ANNA-CARIN_NORDIN_PODER_FEMENINO\" title=\"ANNA-CARIN NORDIN: PODER FEMENINO\">ANNA-CARIN NORDIN: PODER FEMENINO<\/a><\/li><li class='ez-toc-page-1 ez-toc-heading-level-5'><a class=\"ez-toc-link ez-toc-heading-13\" href=\"https:\/\/miurltemporal.com/main/triatletasenred.sport.es\/actualidad\/desafio-7-oceanos-el-reto-que-solo-30-deportistas-han-acabado\/#LEVACIC_ROMPE_ESQUEMAS_DE_PRECOCIDAD\" title=\"LEVA\u010cI\u0106 ROMPE ESQUEMAS DE PRECOCIDAD\">LEVA\u010cI\u0106 ROMPE ESQUEMAS DE PRECOCIDAD<\/a><\/li><li class='ez-toc-page-1 ez-toc-heading-level-5'><a class=\"ez-toc-link ez-toc-heading-14\" href=\"https:\/\/miurltemporal.com/main/triatletasenred.sport.es\/actualidad\/desafio-7-oceanos-el-reto-que-solo-30-deportistas-han-acabado\/#RETO_PLURICONTINENTAL\" title=\"RETO PLURICONTINENTAL\">RETO PLURICONTINENTAL<\/a><\/li><\/ul><\/li><li class='ez-toc-page-1 ez-toc-heading-level-4'><a class=\"ez-toc-link ez-toc-heading-15\" href=\"https:\/\/miurltemporal.com/main/triatletasenred.sport.es\/actualidad\/desafio-7-oceanos-el-reto-que-solo-30-deportistas-han-acabado\/#JORGE_CRIVILLES_EL_UNICO_ESPANOL_DE_LA_LISTA\" title=\"JORGE CRIVILL\u00c9S: EL \u00daNICO ESPA\u00d1OL DE LA LISTA\">JORGE CRIVILL\u00c9S: EL \u00daNICO ESPA\u00d1OL DE LA LISTA<\/a><ul class='ez-toc-list-level-5' ><li class='ez-toc-heading-level-5'><a class=\"ez-toc-link ez-toc-heading-16\" href=\"https:\/\/miurltemporal.com/main/triatletasenred.sport.es\/actualidad\/desafio-7-oceanos-el-reto-que-solo-30-deportistas-han-acabado\/#MAS_RETOS_SOLIDARIOS\" title=\"M\u00c1S RETOS SOLIDARIOS\">M\u00c1S RETOS SOLIDARIOS<\/a><\/li><\/ul><\/li><li class='ez-toc-page-1 ez-toc-heading-level-4'><a class=\"ez-toc-link ez-toc-heading-17\" href=\"https:\/\/miurltemporal.com/main/triatletasenred.sport.es\/actualidad\/desafio-7-oceanos-el-reto-que-solo-30-deportistas-han-acabado\/#EL_CLUB_DE_LXS_%E2%80%9C30%E2%80%9D\" title=\"EL CLUB DE LXS \u201c30\u201d\">EL CLUB DE LXS \u201c30\u201d<\/a><\/li><\/ul><\/nav><\/div>\n\n<p>Para aquellos que sean aficionados al monta\u00f1ismo no les ser\u00e1 ajeno el reto de las &#8216;<strong>7 Cumbres<\/strong>&#8216; o el de los &#8216;<strong>14 Ochomiles<\/strong>&#8216; que m\u00e1s de una portada y noticia han protagonizado gracias a nombres como <strong>Juanito Oiarzabal<\/strong>, <strong>Alberto I\u00f1urrategi<\/strong> o <strong>Edurne Pasaban<\/strong>.<\/p>\n<p>La monta\u00f1a y esos dos hist\u00f3ricos hitos son la ra\u00edz de la que nace en <strong>2008<\/strong> la propuesta de <strong>Steven Munatones<\/strong> a la <strong>World Open Water Swimming Association<\/strong> (WOWSA) para las <strong>aguas abiertas<\/strong>.<\/p>\n<h4><span class=\"ez-toc-section\" id=\"LOS_CANALES_Y_ESTRECHOS_ELEGIDOS_PARA_EL_DESAFIO_DE_LOS_7_OCEANOS\"><\/span>LOS CANALES Y ESTRECHOS ELEGIDOS PARA EL DESAF\u00cdO DE LOS 7 OC\u00c9ANOS<span class=\"ez-toc-section-end\"><\/span><\/h4>\n<hr \/>\n<p>En ese entonces la WOWSA dictamin\u00f3 que estos fueran las traves\u00edas elegidas.<\/p>\n<h5><span class=\"ez-toc-section\" id=\"CANAL_DE_LA_MANCHA_O_EL_%E2%80%9CEVEREST%E2%80%9D_DEL_MAR\"><\/span>CANAL DE LA MANCHA O EL \u201cEVEREST\u201d DEL MAR<span class=\"ez-toc-section-end\"><\/span><\/h5>\n<p>Lejos queda aquel <strong>1875<\/strong> en el que el ingl\u00e9s <strong>Matthew Webb<\/strong> fue el primer \u201cinsensato\u201d en acometer con \u00e9xito los <strong>33,5K<\/strong> que separan <strong>Dover<\/strong> (Inglaterra) de <strong>Cap Gris-Nez<\/strong> (Francia). En palabras de <strong>B\u00e1rbara Hern\u00e1ndez<\/strong>, se trata del <strong>Everest mar\u00edtimo<\/strong> debido a una dureza provocada por sus <strong>corrientes y su baja temperatura<\/strong> (entre 11\u00ba y 18\u00ba grados).<\/p>\n<h5><span class=\"ez-toc-section\" id=\"CANAL_DE_MOLOKAI_EL_GIGANTE_HAWAIANO\"><\/span>CANAL DE MOLOKAI: EL GIGANTE HAWAIANO<span class=\"ez-toc-section-end\"><\/span><\/h5>\n<p>El reto m\u00e1s longitudinal. Une a Molokai y Oahu en 42 kil\u00f3metros de\u00a0aguas c\u00e1lidas, grandes olas y corrientes (especialmente al llegar a Oahu) y fuertes vientos, que se acompa\u00f1a de abundante fauna marina en el que destacan los tiburones y las medusas Carabelas.<\/p>\n<h5><span class=\"ez-toc-section\" id=\"CANAL_DEL_NORTE_EL_FRIO_ENTRE_EIRE_Y_ALBA\"><\/span>CANAL DEL NORTE: EL FR\u00cdO ENTRE \u00c9IRE Y ALBA<span class=\"ez-toc-section-end\"><\/span><\/h5>\n<p>Conecta la costa de Irlanda con la de Escocia en 34,5K en los que se a\u00fanan las bajas temperaturas (10-13\u00ba), con fuertes y bravas corrientes, cambios en las mareas y el peligro de las medusas.<\/p>\n<h5><span class=\"ez-toc-section\" id=\"CANAL_DE_CATALINA\"><\/span>CANAL DE CATALINA<span class=\"ez-toc-section-end\"><\/span><\/h5>\n<p>40K separan Los \u00c1ngeles (California) y la Isla Catalina en unas aguas fr\u00edas donde tiburones, ballenas, medusa y otros campan a sus anchas.<\/p>\n<h5><span class=\"ez-toc-section\" id=\"ESTRECHO_DE_COOK_EL_PELIGRO_OCEANICO\"><\/span>ESTRECHO DE COOK: EL PELIGRO OC\u00c9ANICO<span class=\"ez-toc-section-end\"><\/span><\/h5>\n<p>Las islas del norte y sur de Nueva Zelanda se unen en 22,5K en los que los nadadores desaf\u00edan a la fiereza de sus mareas, a la impredecibilidad de la misma y a su capacidad orientativa. Todo ello aderezado con una temible vida marina.<\/p>\n<h5><span class=\"ez-toc-section\" id=\"ESTRECHO_DE_TSUGARU\"><\/span>ESTRECHO DE TSUGARU<span class=\"ez-toc-section-end\"><\/span><\/h5>\n<p>Enlaza en 19,5K a las islas niponas de Honshu y Hokkaido en un mar variante, con mareas y remolinos que hacen complejo el nado y con atunes y tiburones como invitados principales.<\/p>\n<h5><span class=\"ez-toc-section\" id=\"ESTRECHO_DE_GIBRALTAR_EL_DE_%E2%80%9CCASA%E2%80%9D\"><\/span>ESTRECHO DE GIBRALTAR: EL DE &#8220;CASA&#8221;<span class=\"ez-toc-section-end\"><\/span><\/h5>\n<p>Poco que decir de un estrecho conocido por todos. 14,4K entre Espa\u00f1a y Marruecos marcados por el choque natural de masas de agua del Mar Mediterr\u00e1neo y el Oc\u00e9ano Atl\u00e1ntico.<\/p>\n<h4><span class=\"ez-toc-section\" id=\"NORMATIVA_DEL_DESAFIO_DE_LOS_7_OCEANOS\"><\/span>NORMATIVA DEL DESAF\u00cdO DE LOS 7 OC\u00c9ANOS<span class=\"ez-toc-section-end\"><\/span><\/h4>\n<hr \/>\n<p>Por si el desaf\u00edo no fuera lo suficiente salvaje, peligroso y complejo; las y los nadadores deben cumplir una serie de estrictas normas para que su logro sea v\u00e1lido.<\/p>\n<p><strong>1#<\/strong>. Los nadadores estar\u00e1n acompa\u00f1ados por un juez designado por World Aquatics que dar\u00e1 el visto bueno o denegar\u00e1 el hito.<\/p>\n<p><strong>2#<\/strong>. Queda terminantemente <strong>prohibido el uso de neoprenos o cualquier otro material t\u00e9rmico<\/strong>, m\u00e1s all\u00e1 de impregnar con grasa el cuerpo.<\/p>\n<p><strong>3#<\/strong>. El nadador \u00fanicamente debe portar un <strong>traje de ba\u00f1o b\u00e1sico sin mangas; gorra y gafas<\/strong>.<\/p>\n<p><strong>4#<\/strong>. Los nadadores nadador <strong>deben introducirse en el mar caminando<\/strong> desde tierra firma y salir <strong>y llegar del mismo modo<\/strong>.<\/p>\n<p><strong>5#<\/strong>. Los nadadores <strong>deben entrar al agua solos<\/strong>, sin la ayuda de nadie.<\/p>\n<p><strong>6#<\/strong>. Los nadadores <strong>no pueden tocar ninguna embarcaci\u00f3n, elemento o persona<\/strong> que les permita una mayor flotabilidad, impulso o extraer beneficio en su nado.<\/p>\n<h4><span class=\"ez-toc-section\" id=\"LOS_PIONEROS_STEVE_REDMOND_Y_ANNA-CARIN_NORDIN\"><\/span>LOS PIONEROS: STEVE REDMOND Y ANNA-CARIN NORDIN<span class=\"ez-toc-section-end\"><\/span><\/h4>\n<hr \/>\n<p>Si Munatones hab\u00eda lanzado el envite en 2008, poco o nada tardaron los primeros valientes en recoger el guante.<\/p>\n<h5><span class=\"ez-toc-section\" id=\"LA_HISTORIA_DE_STEVE_REDMOND\"><\/span>LA HISTORIA DE STEVE REDMOND<span class=\"ez-toc-section-end\"><\/span><\/h5>\n<p>El m\u00e1s intr\u00e9pido, el irland\u00e9s <strong>Steve Redmond<\/strong> quien primero hab\u00eda sido jugador de <strong>rugby<\/strong> y una vez retirado se pas\u00f3 a las pruebas de ultrafondo. Y en ese nicho, Redmond se tir\u00f3 de cabeza a por el triatl\u00f3n y su distancia <strong>Ironman<\/strong>. Entre ellos, el <strong>Ironman Lanzarote de 2008<\/strong> que complet\u00f3 en 14:35:09 dentro de los GGEE (40-44).<\/p>\n<p>Todo cambio cuando un amigo le coment\u00f3 que estaba entrenando para hacer el <strong>Canal de la Mancha en 2009<\/strong> y Redmond decidi\u00f3 intentarlo ese mismo agosto. Ah\u00ed, vio las puertas abiertas a las ultramaratones marinas y ya no lo pudo dejar. \u00a0Un<strong> a\u00f1o despu\u00e9s<\/strong>, el <strong>Canal del Norte<\/strong> tambi\u00e9n estaba tachada, mientras que en <strong>2011<\/strong> tent\u00f3 con \u00e9xito el <strong>Estrecho de Gibraltar y el Canal de Catalina<\/strong>. Luego, en febrero de <strong>2012<\/strong> dio buena cuenta del <strong>Canal de Molokai y el Estrecho de Cook<\/strong> y con \u00e9l en el bolsillo ten\u00eda ante si la posibilidad de convertirse en la <strong>primera persona en nadar los 7 Oc\u00e9anos<\/strong> y lo hizo el<strong> 14 de julio de 2012 al surcar satisfactoriamente el Estrecho de Tsugaru<\/strong>. Hab\u00eda hecho historia.<\/p>\n<h5><span class=\"ez-toc-section\" id=\"ANNA-CARIN_NORDIN_PODER_FEMENINO\"><\/span>ANNA-CARIN NORDIN: PODER FEMENINO<span class=\"ez-toc-section-end\"><\/span><\/h5>\n<p>La misma que iba a escribir la sueca <strong>Anna-Carin Nordin<\/strong> un a\u00f1o despu\u00e9s, cuando el <strong>8 de julio de 2013 se cristaliz\u00f3 en el Canal del Norte su gesta como segunda persona y primera mujer en completar el Desaf\u00edo de los 7 Oc\u00e9anos<\/strong>. Al igual que Redmond, emple\u00f3 <strong>tres a\u00f1os<\/strong> para ello y su mapa empez\u00f3 en 2010 con el Canal de la Mancha; sigui\u00f3 en 2011 con el Molokai; en 2012 con el Estrecho de Gibraltar, el Canal de Catalina y el Estrecho de Tsugaru; y finiquit\u00f3 en 2013 con el Estrecho de Cook y el mencionado Canal del Norte.<\/p>\n<h5><span class=\"ez-toc-section\" id=\"LEVACIC_ROMPE_ESQUEMAS_DE_PRECOCIDAD\"><\/span>LEVA\u010cI\u0106 ROMPE ESQUEMAS DE PRECOCIDAD<span class=\"ez-toc-section-end\"><\/span><\/h5>\n<p><strong>Redmond y Nordin<\/strong> fueron los pioneros y ambos lo consiguieron con <strong>46 y 43 a\u00f1os<\/strong> respectivamente. Digamos que en edad madura. Pero los desaf\u00edos est\u00e1n para ser desafiados y eso hizo la croata <strong>Dina Leva\u010di\u0107<\/strong> el a\u00f1o pasado (2023) al conseguirlo con apenas <strong>27 a\u00f1os<\/strong>. Un descenso de la edad media, cada vez m\u00e1s habitual en el Desaf\u00edo de los 7 Oc\u00e9anos.<\/p>\n<h5><span class=\"ez-toc-section\" id=\"RETO_PLURICONTINENTAL\"><\/span>RETO PLURICONTINENTAL<span class=\"ez-toc-section-end\"><\/span><\/h5>\n<p>Siete traves\u00edas a lo largo del mundo y el mundo ya ha respondido. Al menos un representante de cada continente ha completado el <strong>Desaf\u00edo de los 7 Oc\u00e9anos<\/strong>.<\/p>\n<p>En el caso europeo ya est\u00e1 todo dicho con <strong>Redmond y Nordin.<\/strong> En el <strong>caso americano<\/strong> la nadadora <strong>Michelle Macy<\/strong> fue la tercera y la primera <strong>norteamericana,<\/strong> <strong>Antonio Arg\u00fcelles<\/strong> hizo lo propio en la regi\u00f3n de <b>Centroam\u00e9rica, M\u00e9xico y el Caribe<\/b>\u00a0(<b>CAMEXCA) <\/b>y este mismo a\u00f1o<b> B\u00e1rbara Hern\u00e1ndez <\/b>se ha erigido en la<b> \u00fanica persona de Sudam\u00e9rica <\/b>en conseguirlo. <strong>Kim Chambers<\/strong> abri\u00f3 el camino entre los <strong>oce\u00e1nicos<\/strong>, lo mismo sucede con <strong>Rohan Dattatrey More en Asia<\/strong> y <strong>Cameron Bellamy en \u00c1frica<\/strong>.<\/p>\n<h4><span class=\"ez-toc-section\" id=\"JORGE_CRIVILLES_EL_UNICO_ESPANOL_DE_LA_LISTA\"><\/span>JORGE CRIVILL\u00c9S: EL \u00daNICO ESPA\u00d1OL DE LA LISTA<span class=\"ez-toc-section-end\"><\/span><\/h4>\n<hr \/>\n<p>El club es selecto, pero en \u00e9l se encuentra <strong>Jorge Crivill\u00e9s<\/strong>. Un visitador m\u00e9dico al que una lesi\u00f3n lumbar le llev\u00f3 a convertirse en nadador <strong>2009<\/strong> y a enrolarse a\u00f1os despu\u00e9s en un reto que desconoc\u00eda cuando empez\u00f3 en esto. Pero como Redmond, una vez estuvo dentro no cej\u00f3 en su empe\u00f1o.<\/p>\n<p>En <strong>2012<\/strong> clavaba la primera tachuela de las siete, al cruzar el <strong>Canal de la Mancha<\/strong>; tres a\u00f1os tuvo que esperar su segundo reto, el <strong>Canal de Santa Catalina en 2015<\/strong>; al que le dio continuidad en <strong>2016 el Canal de Molakai<\/strong>; y sigui\u00f3 en <strong>2017 con Canal de Tsugaru<\/strong>. En <strong>2019<\/strong>, fue el turno de un <strong>Estrecho de Gibraltar<\/strong> en el que ya hab\u00eda nadado en 2010 pero en esta ocasi\u00f3n bajo los par\u00e1metros de la <strong>WOWSA<\/strong>; y del <strong>Canal de Norte<\/strong>. Finalmente, el <strong>20 de enero de 2020<\/strong> &#8211; y en su segundo intento &#8211; el <strong>Estrecho de Cook<\/strong> pon\u00eda el broche de oro con el que <strong>Crivill\u00e9s<\/strong> se convert\u00eda en el <strong>primer espa\u00f1ol en pasar el Desaf\u00edo de los 7 Oc\u00e9anos<\/strong>.<\/p>\n<h5><span class=\"ez-toc-section\" id=\"MAS_RETOS_SOLIDARIOS\"><\/span>M\u00c1S RETOS SOLIDARIOS<span class=\"ez-toc-section-end\"><\/span><\/h5>\n<p>Adem\u00e1s, m\u00e1s all\u00e1 de desafiar a los l\u00edmites de su cuerpo y mente, los 7 Oc\u00e9anos de Crivill\u00e9s, as\u00ed como cada una de sus aventuras siempre han estado marcadas por su vertiente solidaria, que no es otra que recaudar fondos para los pacientes <strong>GEPAC<\/strong> <strong>(Grupo Espa\u00f1ol de Pacientes con C\u00e1ncer)<\/strong> y <strong>AEAL<\/strong> (<strong>Asociaci\u00f3n Espa\u00f1ola de Afectados por Linfoma, Mieloma y Leucemia)<\/strong> apoyado en esa noble causa por la <strong>Fundaci\u00f3n ASISA<\/strong>.<\/p>\n<p style=\"text-align: left;\">El mismo fin con el que el <strong>pasado mes de junio<\/strong> se convirti\u00f3 en el <strong>primer hombre<\/strong> en cubrir a nado los <strong>50 kil\u00f3metros<\/strong> que separan la <strong>Isla de Tabarca <\/strong>de la<strong> Isla de los Periodistas<\/strong> en <strong>Alicante<\/strong>.<\/p>\n<p><span style=\"color: var(--td_text_color, #111111); font-family: Roboto, sans-serif; font-size: 19px;\">LA LOCURA 365 DE ANDY DONALDSON<\/span><\/p>\n<hr \/>\n<p><strong>Andy Donaldson<\/strong> no fue el primero, pero s\u00ed es el hombre que ha acometido el <strong>Desaf\u00edo de los 7 Oc\u00e9anos<\/strong> en la <strong>mayor brevedad tanto en el calendario como en el cronometro acumulativo<\/strong>. El escoc\u00e9s lo hizo en apenas \u00a1<strong>355 d\u00edas<\/strong>!<\/p>\n<p>Su locura comenz\u00f3 el <strong>7 de agosto de 2022<\/strong> en un <strong>Canal de la Mancha<\/strong> en el que cubri\u00f3 sus <strong>33 kil\u00f3metros<\/strong> en ocho horas justas (<strong>08:00:00<\/strong>). Su primera experiencia se sald\u00f3 con la <strong>traves\u00eda m\u00e1s r\u00e1pida de la \u00faltima d\u00e9cada y un r\u00e9cord brit\u00e1nico<\/strong>, al que sigui\u00f3 otro en su \u201ccasa\u201d en el \u00a0<strong>Canal del Norte<\/strong>, que anticipaba el <strong>r\u00e9cord mundial<\/strong> que iba a firmar en el<strong> Estrecho de Cook<\/strong> (4h33min). Despu\u00e9s le seguir\u00edan el <strong>Canal de Molokai<\/strong>; el <strong>Estrecho de Gibraltar<\/strong> (r\u00e9cord brit\u00e1nico); el <strong>Canal de Catalina<\/strong> (r\u00e9cord brit\u00e1nico) y, finalmente, un <strong>Estrecho de Tsugaru<\/strong> extremadamente dif\u00edcil por las fuertes corrientes que azotaban y que concluy\u00f3 el<strong> 27 de julio de 2024<\/strong>.De ah\u00ed, al hospital, pero con un r\u00e9cord Guinness y su hambre intacta. La misma que le lleva en estos momentos a nadar los <strong>260 kil\u00f3metros alrededor de Maui<\/strong> (Haw\u00e1i).<\/p>\n<h4><span class=\"ez-toc-section\" id=\"EL_CLUB_DE_LXS_%E2%80%9C30%E2%80%9D\"><\/span>EL CLUB DE LXS \u201c30\u201d<span class=\"ez-toc-section-end\"><\/span><\/h4>\n<hr \/>\n<p>Estos son los 30 deportistas que han logrado completar el desaf\u00edo de los 7 Oc\u00e9anos.<\/p>\n\n<table id=\"tablepress-10-no-2\" class=\"tablepress tablepress-id-10\">\n<thead>\n<tr class=\"row-1 odd\">\n\t<th class=\"column-1\">DEPORTISTA<\/th><th class=\"column-2\">FECHA RETO COMPLETADO<\/th>\n<\/tr>\n<\/thead>\n<tbody class=\"row-hover\">\n<tr class=\"row-2 even\">\n\t<td class=\"column-1\">Stephen Redmond<\/td><td class=\"column-2\">14\/07\/2012<\/td>\n<\/tr>\n<tr class=\"row-3 odd\">\n\t<td class=\"column-1\">Anna-Carin Nordin<\/td><td class=\"column-2\">08\/07\/2013<\/td>\n<\/tr>\n<tr class=\"row-4 even\">\n\t<td class=\"column-1\">Michelle Macy<\/td><td class=\"column-2\">15\/07\/2013<\/td>\n<\/tr>\n<tr class=\"row-5 odd\">\n\t<td class=\"column-1\">Darren Miller<\/td><td class=\"column-2\">29\/08\/2013<\/td>\n<\/tr>\n<tr class=\"row-6 even\">\n\t<td class=\"column-1\">Adam Walker<\/td><td class=\"column-2\">06\/08\/2014<\/td>\n<\/tr>\n<tr class=\"row-7 odd\">\n\t<td class=\"column-1\">Kim Chambers<\/td><td class=\"column-2\">02\/09\/2014<\/td>\n<\/tr>\n<tr class=\"row-8 even\">\n\t<td class=\"column-1\">Antonio Arg\u00fcelles<\/td><td class=\"column-2\">03\/08\/2017<\/td>\n<\/tr>\n<tr class=\"row-9 odd\">\n\t<td class=\"column-1\">Ion Lazarenco-Tiron<\/td><td class=\"column-2\">27\/01\/2018<\/td>\n<\/tr>\n<tr class=\"row-10 even\">\n\t<td class=\"column-1\">Rohan Dattatrey More<\/td><td class=\"column-2\">09\/02\/2018<\/td>\n<\/tr>\n<tr class=\"row-11 odd\">\n\t<td class=\"column-1\">Abhejali Bernardov\u00e1<\/td><td class=\"column-2\">24\/02\/2018<\/td>\n<\/tr>\n<tr class=\"row-12 even\">\n\t<td class=\"column-1\">Cameron Bellamy<\/td><td class=\"column-2\">21\/06\/2018<\/td>\n<\/tr>\n<tr class=\"row-13 odd\">\n\t<td class=\"column-1\">Lynton Mortensen<\/td><td class=\"column-2\">14\/10\/2018<\/td>\n<\/tr>\n<tr class=\"row-14 even\">\n\t<td class=\"column-1\">Thomas \u201cFleppy\u201d Pembroke<\/td><td class=\"column-2\">14\/12\/2018<\/td>\n<\/tr>\n<tr class=\"row-15 odd\">\n\t<td class=\"column-1\">Nora Toledano Cadena<\/td><td class=\"column-2\">20\/03\/2019<\/td>\n<\/tr>\n<tr class=\"row-16 even\">\n\t<td class=\"column-1\">Mariel Hawley D\u00e1vila<\/td><td class=\"column-2\">30\/03\/2019<\/td>\n<\/tr>\n<tr class=\"row-17 odd\">\n\t<td class=\"column-1\">Andr\u00e9 Wiersig<\/td><td class=\"column-2\">09\/06\/2019<\/td>\n<\/tr>\n<tr class=\"row-18 even\">\n\t<td class=\"column-1\">Elizabeth Fry<\/td><td class=\"column-2\">25\/08\/2019<\/td>\n<\/tr>\n<tr class=\"row-19 odd\">\n\t<td class=\"column-1\">Attila M\u00e1nyoki<\/td><td class=\"column-2\">26\/08\/2019<\/td>\n<\/tr>\n<tr class=\"row-20 even\">\n\t<td class=\"column-1\">Jonathan Ratcliffe<\/td><td class=\"column-2\">10\/12\/2019<\/td>\n<\/tr>\n<tr class=\"row-21 odd\">\n\t<td class=\"column-1\">Jorge Crivill\u00e9s<\/td><td class=\"column-2\">20\/01\/2020<\/td>\n<\/tr>\n<tr class=\"row-22 even\">\n\t<td class=\"column-1\">Adrian Sarchet<\/td><td class=\"column-2\">29\/02\/2020<\/td>\n<\/tr>\n<tr class=\"row-23 odd\">\n\t<td class=\"column-1\">Prabhat Koli<\/td><td class=\"column-2\">01\/03\/2020<\/td>\n<\/tr>\n<tr class=\"row-24 even\">\n\t<td class=\"column-1\">Dina Leva\u010di\u0107<\/td><td class=\"column-2\">14\/03\/2023<\/td>\n<\/tr>\n<tr class=\"row-25 odd\">\n\t<td class=\"column-1\">Herman van der Westhuizen<\/td><td class=\"column-2\">16\/07\/2023<\/td>\n<\/tr>\n<tr class=\"row-26 even\">\n\t<td class=\"column-1\">Andy Donaldson<\/td><td class=\"column-2\">27\/07\/2023<\/td>\n<\/tr>\n<tr class=\"row-27 odd\">\n\t<td class=\"column-1\">Stephen Junk<\/td><td class=\"column-2\">10\/09\/2023<\/td>\n<\/tr>\n<tr class=\"row-28 even\">\n\t<td class=\"column-1\">Kieron Palframan<\/td><td class=\"column-2\">06\/10\/2023<\/td>\n<\/tr>\n<tr class=\"row-29 odd\">\n\t<td class=\"column-1\">B\u00e1rbara Hern\u00e1ndez Huerta<\/td><td class=\"column-2\">14\/06\/2024<\/td>\n<\/tr>\n<tr class=\"row-30 even\">\n\t<td class=\"column-1\">Mark Sowerby<\/td><td class=\"column-2\">29\/06\/2024<\/td>\n<\/tr>\n<tr class=\"row-31 odd\">\n\t<td class=\"column-1\">Zach Margolis<\/td><td class=\"column-2\">13\/07\/2024<\/td>\n<\/tr>\n<\/tbody>\n<\/table>\n<!-- #tablepress-10-no-2 from cache -->\n<p><iframe title=\"C\u00f3mo Ponerse y Quitarse un Neopreno de Triatl\u00f3n: | Gu\u00eda para Principiantes\" width=\"696\" height=\"392\" src=\"https:\/\/www.youtube.com\/embed\/VfaQ6SsoCQg?feature=oembed\" frameborder=\"0\" allow=\"accelerometer; autoplay; clipboard-write; encrypted-media; gyroscope; picture-in-picture; web-share\" referrerpolicy=\"strict-origin-when-cross-origin\" allowfullscreen><\/iframe><\/p>\n","protected":false},"excerpt":{"rendered":"<p>El Desaf\u00edo de los 7 Oc\u00e9anos o la equivalencia marina de &#8216;hollar&#8217; las cimas de las &#8216;7 Cumbres&#8217; o los &#8217;14 Ochomiles&#8217; en la monta\u00f1a.<\/p>\n","protected":false},"author":351,"featured_media":91527,"comment_status":"closed","ping_status":"open","sticky":false,"template":"","format":"standard","meta":{"_acf_changed":false,"rank_math_lock_modified_date":false,"footnotes":""},"categories":[17,10639,517],"tags":[175,11188,11186,11189,11187,11190],"class_list":{"0":"post-91516","1":"post","2":"type-post","3":"status-publish","4":"format-standard","5":"has-post-thumbnail","7":"category-actualidad","8":"category-portada","9":"category-travesias","10":"tag-aguas-abiertas","11":"tag-anne-carin-nordin","12":"tag-desafio-7-oceanos","13":"tag-jorge-crivilles","14":"tag-steve-redmond","15":"tag-travesia-a-nado"},"acf":[],"_links":{"self":[{"href":"https:\/\/miurltemporal.com/main/triatletasenred.sport.es\/wp-json\/wp\/v2\/posts\/91516"}],"collection":[{"href":"https:\/\/miurltemporal.com/main/triatletasenred.sport.es\/wp-json\/wp\/v2\/posts"}],"about":[{"href":"https:\/\/miurltemporal.com/main/triatletasenred.sport.es\/wp-json\/wp\/v2\/types\/post"}],"author":[{"embeddable":true,"href":"https:\/\/miurltemporal.com/main/triatletasenred.sport.es\/wp-json\/wp\/v2\/users\/351"}],"replies":[{"embeddable":true,"href":"https:\/\/miurltemporal.com/main/triatletasenred.sport.es\/wp-json\/wp\/v2\/comments?post=91516"}],"version-history":[{"count":2,"href":"https:\/\/miurltemporal.com/main/triatletasenred.sport.es\/wp-json\/wp\/v2\/posts\/91516\/revisions"}],"predecessor-version":[{"id":91528,"href":"https:\/\/miurltemporal.com/main/triatletasenred.sport.es\/wp-json\/wp\/v2\/posts\/91516\/revisions\/91528"}],"wp:featuredmedia":[{"embeddable":true,"href":"https:\/\/miurltemporal.com/main/triatletasenred.sport.es\/wp-json\/wp\/v2\/media\/91527"}],"wp:attachment":[{"href":"https:\/\/miurltemporal.com/main/triatletasenred.sport.es\/wp-json\/wp\/v2\/media?parent=91516"}],"wp:term":[{"taxonomy":"category","embeddable":true,"href":"https:\/\/miurltemporal.com/main/triatletasenred.sport.es\/wp-json\/wp\/v2\/categories?post=91516"},{"taxonomy":"post_tag","embeddable":true,"href":"https:\/\/miurltemporal.com/main/triatletasenred.sport.es\/wp-json\/wp\/v2\/tags?post=91516"}],"curies":[{"name":"wp","href":"https:\/\/api.w.org\/{rel}","templated":true}]}}