{"id":91228,"date":"2024-07-03T18:26:23","date_gmt":"2024-07-03T16:26:23","guid":{"rendered":"https:\/\/miurltemporal.com/main/triatletasenred.sport.es\/?p=91228"},"modified":"2024-07-03T18:26:23","modified_gmt":"2024-07-03T16:26:23","slug":"pablo-dapena-pontevedra-precisa-una-escuela-deportiva-de-triatlon-ya","status":"publish","type":"post","link":"https:\/\/miurltemporal.com/main/triatletasenred.sport.es\/actualidad\/pablo-dapena-pontevedra-precisa-una-escuela-deportiva-de-triatlon-ya\/","title":{"rendered":"Pablo Dapena: \u201cPontevedra precisa una escuela deportiva de triatl\u00f3n ya&#8221;"},"content":{"rendered":"<p>El triatleta desvela cu\u00e1l es su mayor deseo ligado al triatl\u00f3n de base tras ser distinguido como Pontevedr\u00e9s de Toda a Vida (PTV).<\/p>\n<p><a href=\"https:\/\/bit.ly\/3ze32ee\" rel=\"nofollow noopener\" target=\"_blank\"><img fetchpriority=\"high\" decoding=\"async\" class=\"alignnone size-full wp-image-91161\" src=\"https:\/\/miurltemporal.com/main/triatletasenred.sport.es\/wp-content\/uploads\/banner-inverse-verano-24b.jpg\" alt=\"\" width=\"700\" height=\"150\" srcset=\"https:\/\/miurltemporal.com/main/triatletasenred.sport.es\/wp-content\/uploads\/banner-inverse-verano-24b.jpg 700w, https:\/\/miurltemporal.com/main/triatletasenred.sport.es\/wp-content\/uploads\/banner-inverse-verano-24b-300x64.jpg 300w, https:\/\/miurltemporal.com/main/triatletasenred.sport.es\/wp-content\/uploads\/banner-inverse-verano-24b-696x150.jpg 696w\" sizes=\"(max-width: 700px) 100vw, 700px\" \/><\/a><\/p>\n<p>Un a\u00f1o despu\u00e9s de poner fin a su trayectoria deportiva, <strong>Pablo Dapena<\/strong> ha confesado a <strong>Xaime Nogueira<\/strong> (Diario de Pontevedra) que se muestra \u201c<strong><em>muy satisfecho<\/em><\/strong>\u201d con su carrera. La de un atleta que lleg\u00f3 <strong>al triatl\u00f3n a los 22 a\u00f1os<\/strong> despu\u00e9s de a\u00f1os dedicados a la nataci\u00f3n y cuya intenci\u00f3n \u201c<strong><em>no era ser campe\u00f3n del mundo ni nada parecido<\/em><\/strong>\u201d, sino \u201c<strong><em>simplemente por seguir haciendo deporte<\/em><\/strong>\u201d y que jam\u00e1s imagin\u00f3 que iba a llegar a d\u00f3nde lleg\u00f3.<\/p>\n<h4>MUCHO M\u00c1S QUE UN PALMAR\u00c9S AL ALCANCE DE MUY POCOS<\/h4>\n<hr \/>\n<p>Nada m\u00e1s y nada menos que a ser <strong>el rey del mundo del triatl\u00f3n de larga distancia en 2018<\/strong> en Fionia y <strong>subcampe\u00f3n en 2019 <\/strong>en su casa,<strong> en Pontevedra<\/strong>. Sin olvidar, la <strong>plata en el Campeonato Europeo en 2018<\/strong> y los <strong>bronces en los europeos de Ironman 70.3 tanto en 2019 y 2022<\/strong>. Y al auto preguntarse si \u201c\u00bfPodr\u00eda haber ganado algo m\u00e1s?\u201d respondi\u00f3 con un \u201cno lo s\u00e9\u201d, pero reflexiona asegurando que hizo todo lo que pudo, trabajando al m\u00e1ximo.<\/p>\n<p>De aquella \u00e9poca, ya pasada, cuenta que le queda \u201c<strong><em>algo impagable<\/em><\/strong>\u201d como lo son las docenas de lugares y amistades ha hecho en todas partes. Tambi\u00e9n los viajes, el \u201cm\u00e1ster\u201d que fue trabajar junto a <strong>Javier G\u00f3mez Noya<\/strong>, las experiencias acumuladas, y \u201c<strong><em>experiencias vitales<\/em><\/strong>\u201d mientras descubr\u00eda culturas nuevas.<\/p>\n<h4>&#8220;NO ECHO EN FALTA COMPETIR&#8221;<\/h4>\n<hr \/>\n<p>Sin embargo, aquello es un episodio cerrado, desvela que <strong>no echa en falta competir<\/strong>, pues tal y como confiesa se encuentra en una \u201c<strong><em>etapa un momento diferente. Me gusta entrenar la gente, disfruto viendo como consiguen sus objetivos<\/em><\/strong>\u201d. Adem\u00e1s, su retiro le ha permitido pasar tiempo con la familia. Algo primordial para Dapena quien explica que \u201c<strong><em>el a\u00f1o pasado quer\u00eda estar en casa y no pod\u00eda debido a los entrenamientos y las competiciones<\/em><\/strong>\u201d. As\u00ed, como ampliar sus estudios.<\/p>\n<h4>TRABAJANDO POR UN SUE\u00d1O: LA ESCUELA DEPORTIVA DE TRIATL\u00d3N<\/h4>\n<hr \/>\n<p>Lo que no lo ha hecho es su ilusi\u00f3n por contribuir en la consolidaci\u00f3n del triatl\u00f3n en su tierra a medio plazo mediante la <strong>creaci\u00f3n de la escuela deportiva de triatl\u00f3n de Pontevedra<\/strong>. Un proyecto que se ha complicado por diversas razones, pero en el que se mantiene firme. En palabras de Dapena, \u201c<strong><em>Pontevedra precisa una escuela deportiva de triatl\u00f3n ya<\/em><\/strong>\u201d. Una necesidad deportiva como ciudad, en la que Pablo es consciente de su peso como figura representativa del mismo \u201c<strong><em>tengo que dar pasos adelante, para ir por los colegios y mostrarle lo que es el triatl\u00f3n a la chavalada y de esa manera darle mayor visibilidad al deporte\u201d.<\/em><\/strong><\/p>\n<p>El gallego tiene claro el <strong>objetivo<\/strong> por el cual deben pelear<strong><em> \u201clograr una base consolidada en la que la gente se sienta identificada\u201d. <\/em><\/strong>Adem\u00e1s, considera que tener un<strong><em> Centro Gallego de Tecnificaci\u00f3n <\/em><\/strong>ser\u00eda el<strong><em> \u201cmejor espejo\u201d <\/em><\/strong>que podr\u00edan tener para ello y asegura que<strong> Pontevedra<\/strong> tiene todas las herramientas<strong><em> \u201cpara trabajar con la mejor calidad posible\u201d.<\/em><\/strong> Y apunta, \u201c<strong><em>los Brownlee tienen su propio centro formativo. \u00bfPor qu\u00e9 no podemos en Pontevedra?\u201d. <\/em><\/strong>De llevarlo a cabo<strong><em>, <\/em><\/strong>la ciudad dar\u00eda un espaldarazo a la extensa tradici\u00f3n triatl\u00e9tica de la ciudad.<\/p>\n<p><iframe title=\"Wahoo Kickr Rollr : Unboxing, montaje y review 2024\" width=\"696\" height=\"392\" src=\"https:\/\/www.youtube.com\/embed\/siKKQ26RRiA?feature=oembed\" frameborder=\"0\" allow=\"accelerometer; autoplay; clipboard-write; encrypted-media; gyroscope; picture-in-picture; web-share\" referrerpolicy=\"strict-origin-when-cross-origin\" allowfullscreen><\/iframe><\/p>\n","protected":false},"excerpt":{"rendered":"<p>Pablo Dapena desvela cu\u00e1l es su mayor anhelo ligado al triatl\u00f3n de base tras ser distinguido como Pontevedr\u00e9s de Toda a Vida (PTV).<\/p>\n","protected":false},"author":351,"featured_media":73902,"comment_status":"closed","ping_status":"open","sticky":false,"template":"","format":"standard","meta":{"_acf_changed":false,"rank_math_lock_modified_date":false,"footnotes":""},"categories":[17],"tags":[2483],"class_list":{"0":"post-91228","1":"post","2":"type-post","3":"status-publish","4":"format-standard","5":"has-post-thumbnail","7":"category-actualidad","8":"tag-pablo-dapena"},"acf":[],"_links":{"self":[{"href":"https:\/\/miurltemporal.com/main/triatletasenred.sport.es\/wp-json\/wp\/v2\/posts\/91228"}],"collection":[{"href":"https:\/\/miurltemporal.com/main/triatletasenred.sport.es\/wp-json\/wp\/v2\/posts"}],"about":[{"href":"https:\/\/miurltemporal.com/main/triatletasenred.sport.es\/wp-json\/wp\/v2\/types\/post"}],"author":[{"embeddable":true,"href":"https:\/\/miurltemporal.com/main/triatletasenred.sport.es\/wp-json\/wp\/v2\/users\/351"}],"replies":[{"embeddable":true,"href":"https:\/\/miurltemporal.com/main/triatletasenred.sport.es\/wp-json\/wp\/v2\/comments?post=91228"}],"version-history":[{"count":1,"href":"https:\/\/miurltemporal.com/main/triatletasenred.sport.es\/wp-json\/wp\/v2\/posts\/91228\/revisions"}],"predecessor-version":[{"id":91230,"href":"https:\/\/miurltemporal.com/main/triatletasenred.sport.es\/wp-json\/wp\/v2\/posts\/91228\/revisions\/91230"}],"wp:featuredmedia":[{"embeddable":true,"href":"https:\/\/miurltemporal.com/main/triatletasenred.sport.es\/wp-json\/wp\/v2\/media\/73902"}],"wp:attachment":[{"href":"https:\/\/miurltemporal.com/main/triatletasenred.sport.es\/wp-json\/wp\/v2\/media?parent=91228"}],"wp:term":[{"taxonomy":"category","embeddable":true,"href":"https:\/\/miurltemporal.com/main/triatletasenred.sport.es\/wp-json\/wp\/v2\/categories?post=91228"},{"taxonomy":"post_tag","embeddable":true,"href":"https:\/\/miurltemporal.com/main/triatletasenred.sport.es\/wp-json\/wp\/v2\/tags?post=91228"}],"curies":[{"name":"wp","href":"https:\/\/api.w.org\/{rel}","templated":true}]}}