{"id":91222,"date":"2024-07-03T08:34:33","date_gmt":"2024-07-03T06:34:33","guid":{"rendered":"https:\/\/miurltemporal.com/main/triatletasenred.sport.es\/?p=91222"},"modified":"2024-07-03T08:34:33","modified_gmt":"2024-07-03T06:34:33","slug":"asi-es-el-ibiza-sprint-triathlon-que-debutara-este-octubre","status":"publish","type":"post","link":"https:\/\/miurltemporal.com/main/triatletasenred.sport.es\/actualidad\/asi-es-el-ibiza-sprint-triathlon-que-debutara-este-octubre\/","title":{"rendered":"As\u00ed es el Ibiza SPRINT Triathlon que debutar\u00e1 este octubre"},"content":{"rendered":"<h4>El 27 de octubre, Ibiza acoger\u00e1 la primera edici\u00f3n del Ibiza SPRINT Triathlon, una prometedora competici\u00f3n que invita a despedir la temporada en un entorno inigualable.<\/h4>\n<p><a href=\"http:\/\/www.zone3.es\" rel=\"nofollow noopener\" target=\"_blank\"><img fetchpriority=\"high\" decoding=\"async\" class=\"aligncenter size-full wp-image-83185\" src=\"https:\/\/miurltemporal.com/main/triatletasenred.sport.es\/wp-content\/uploads\/banner-zone3_ter.jpg\" alt=\"\" width=\"2188\" height=\"469\" srcset=\"https:\/\/miurltemporal.com/main/triatletasenred.sport.es\/wp-content\/uploads\/banner-zone3_ter.jpg 2188w, https:\/\/miurltemporal.com/main/triatletasenred.sport.es\/wp-content\/uploads\/banner-zone3_ter-700x150.jpg 700w, https:\/\/miurltemporal.com/main/triatletasenred.sport.es\/wp-content\/uploads\/banner-zone3_ter-300x64.jpg 300w, https:\/\/miurltemporal.com/main/triatletasenred.sport.es\/wp-content\/uploads\/banner-zone3_ter-1024x219.jpg 1024w, https:\/\/miurltemporal.com/main/triatletasenred.sport.es\/wp-content\/uploads\/banner-zone3_ter-768x165.jpg 768w, https:\/\/miurltemporal.com/main/triatletasenred.sport.es\/wp-content\/uploads\/banner-zone3_ter-1536x329.jpg 1536w, https:\/\/miurltemporal.com/main/triatletasenred.sport.es\/wp-content\/uploads\/banner-zone3_ter-2048x439.jpg 2048w, https:\/\/miurltemporal.com/main/triatletasenred.sport.es\/wp-content\/uploads\/banner-zone3_ter-696x149.jpg 696w, https:\/\/miurltemporal.com/main/triatletasenred.sport.es\/wp-content\/uploads\/banner-zone3_ter-1068x229.jpg 1068w, https:\/\/miurltemporal.com/main/triatletasenred.sport.es\/wp-content\/uploads\/banner-zone3_ter-1920x412.jpg 1920w, https:\/\/miurltemporal.com/main/triatletasenred.sport.es\/wp-content\/uploads\/banner-zone3_ter-1959x420.jpg 1959w, https:\/\/miurltemporal.com/main/triatletasenred.sport.es\/wp-content\/uploads\/banner-zone3_ter-1320x283.jpg 1320w\" sizes=\"(max-width: 2188px) 100vw, 2188px\" \/><\/a><\/p>\n<div class=\"flex flex-grow flex-col max-w-full\">\n<div class=\"min-h-[20px] text-message flex flex-col items-start whitespace-pre-wrap break-words [.text-message+&amp;]:mt-5 juice:w-full juice:items-end overflow-x-auto gap-2\" dir=\"auto\" data-message-author-role=\"assistant\" data-message-id=\"c4fca618-fbbf-458d-8454-eafefe881d66\">\n<div class=\"flex w-full flex-col gap-1 juice:empty:hidden juice:first:pt-[3px]\">\n<div class=\"markdown prose w-full break-words dark:prose-invert dark\">\n<p>El Ibiza SPRINT Triathlon est\u00e1 listo para su primera edici\u00f3n este 27 de octubre, organizado por la Asociaci\u00f3n Deportiva Ibiza Half Triathlon con el respaldo del Consell d\u2019Eivissa y el Ayuntamiento de Ibiza. Este evento promete ser m\u00e1s que un triatl\u00f3n; es una experiencia completa, combinando deporte con el encanto tur\u00edstico y cultural de Ibiza.<\/p>\n<p>El epicentro de la actividad ser\u00e1 el paseo de Ses Figueretes, que no solo ser\u00e1 el punto de transici\u00f3n sino tambi\u00e9n el coraz\u00f3n de la expo y actividades relacionadas. Los participantes competir\u00e1n en formato sprint, comenzando con una nataci\u00f3n de una sola vuelta de 750 metros en las aguas cristalinas de la Playa de Ses Figueretes. Despu\u00e9s de la nataci\u00f3n, los triatletas montar\u00e1n en un circuito urbano cerrado y seguro de 5 kil\u00f3metros por vuelta, completando un total de 20 kil\u00f3metros en bicicleta, seguidos de una carrera a pie de 5 kil\u00f3metros en un circuito totalmente llano.<\/p>\n<p>Este evento no solo desaf\u00eda a los triatletas sino que tambi\u00e9n les ofrece la oportunidad de disfrutar de un ambiente festivo, con el aliento constante de familiares y espectadores a lo largo del recorrido. Andoni Valencia, triatleta pionero en Espa\u00f1a y uno de los organizadores, subraya la intenci\u00f3n de que el Ibiza SPRINT Triathlon sea una experiencia compartida, no solo con compa\u00f1eros de club sino tambi\u00e9n con familiares y amigos, aprovechando la riqueza tur\u00edstica y cultural de la isla.<\/p>\n<p>Este triatl\u00f3n cierra el calendario de competiciones de corta distancia en Europa, representando una excelente oportunidad para despedir la temporada en uno de los destinos m\u00e1s emblem\u00e1ticos. Con precios de inscripci\u00f3n accesibles y beneficios tur\u00edsticos durante la temporada baja, el Ibiza SPRINT Triathlon se posiciona como un evento imperdible para los entusiastas del triatl\u00f3n que buscan cerrar el a\u00f1o con un desaf\u00edo deportivo en un escenario excepcional.<\/p>\n<div class=\"youtube-embed\" data-video_id=\"o8nEzqId8hA\"><iframe title=\"Como Nadar Crol CORRECTAMENTE sin CANSARSE | EJERCICIOS PR\u00c1CTICOS\u2705\" width=\"696\" height=\"392\" src=\"https:\/\/www.youtube.com\/embed\/o8nEzqId8hA?start=30&#038;feature=oembed\" frameborder=\"0\" allow=\"accelerometer; autoplay; clipboard-write; encrypted-media; gyroscope; picture-in-picture; web-share\" referrerpolicy=\"strict-origin-when-cross-origin\" allowfullscreen><\/iframe><\/div>\n<\/div>\n<\/div>\n<\/div>\n<\/div>\n","protected":false},"excerpt":{"rendered":"<p>El 27 de octubre, Ibiza acoger\u00e1 la primera edici\u00f3n del Ibiza SPRINT Triathlon, una prometedora competici\u00f3n que invita a despedir la temporada en un entorno inigualable.<\/p>\n","protected":false},"author":322,"featured_media":76217,"comment_status":"closed","ping_status":"open","sticky":false,"template":"","format":"standard","meta":{"_acf_changed":false,"rank_math_lock_modified_date":false,"footnotes":""},"categories":[17,19,1191],"tags":[],"class_list":{"0":"post-91222","1":"post","2":"type-post","3":"status-publish","4":"format-standard","5":"has-post-thumbnail","7":"category-actualidad","8":"category-competiciones","9":"category-triatlon"},"acf":[],"_links":{"self":[{"href":"https:\/\/miurltemporal.com/main/triatletasenred.sport.es\/wp-json\/wp\/v2\/posts\/91222"}],"collection":[{"href":"https:\/\/miurltemporal.com/main/triatletasenred.sport.es\/wp-json\/wp\/v2\/posts"}],"about":[{"href":"https:\/\/miurltemporal.com/main/triatletasenred.sport.es\/wp-json\/wp\/v2\/types\/post"}],"author":[{"embeddable":true,"href":"https:\/\/miurltemporal.com/main/triatletasenred.sport.es\/wp-json\/wp\/v2\/users\/322"}],"replies":[{"embeddable":true,"href":"https:\/\/miurltemporal.com/main/triatletasenred.sport.es\/wp-json\/wp\/v2\/comments?post=91222"}],"version-history":[{"count":1,"href":"https:\/\/miurltemporal.com/main/triatletasenred.sport.es\/wp-json\/wp\/v2\/posts\/91222\/revisions"}],"predecessor-version":[{"id":91227,"href":"https:\/\/miurltemporal.com/main/triatletasenred.sport.es\/wp-json\/wp\/v2\/posts\/91222\/revisions\/91227"}],"wp:featuredmedia":[{"embeddable":true,"href":"https:\/\/miurltemporal.com/main/triatletasenred.sport.es\/wp-json\/wp\/v2\/media\/76217"}],"wp:attachment":[{"href":"https:\/\/miurltemporal.com/main/triatletasenred.sport.es\/wp-json\/wp\/v2\/media?parent=91222"}],"wp:term":[{"taxonomy":"category","embeddable":true,"href":"https:\/\/miurltemporal.com/main/triatletasenred.sport.es\/wp-json\/wp\/v2\/categories?post=91222"},{"taxonomy":"post_tag","embeddable":true,"href":"https:\/\/miurltemporal.com/main/triatletasenred.sport.es\/wp-json\/wp\/v2\/tags?post=91222"}],"curies":[{"name":"wp","href":"https:\/\/api.w.org\/{rel}","templated":true}]}}