{"id":91165,"date":"2024-06-28T11:07:25","date_gmt":"2024-06-28T09:07:25","guid":{"rendered":"https:\/\/miurltemporal.com/main/triatletasenred.sport.es\/?p=91165"},"modified":"2024-06-28T11:07:25","modified_gmt":"2024-06-28T09:07:25","slug":"paris-con-la-mirada-en-el-cielo-y-en-el-agua-del-sena","status":"publish","type":"post","link":"https:\/\/miurltemporal.com/main/triatletasenred.sport.es\/actualidad\/paris-con-la-mirada-en-el-cielo-y-en-el-agua-del-sena\/","title":{"rendered":"Par\u00eds, con la mirada en el cielo y en el agua del Sena"},"content":{"rendered":"<p>A un mes de los Juegos Ol\u00edmpicos de Par\u00eds, los \u00faltimos acontecimiento en el r\u00edo Sena comprometen cada vez m\u00e1s el futuro del triatl\u00f3n y las aguas abiertas.<\/p>\n<p><a href=\"http:\/\/www.zone3.es\" rel=\"nofollow noopener\" target=\"_blank\"><img fetchpriority=\"high\" decoding=\"async\" class=\"alignnone size-large wp-image-83185\" src=\"https:\/\/miurltemporal.com/main/triatletasenred.sport.es\/wp-content\/uploads\/banner-zone3_ter-1024x219.jpg\" alt=\"\" width=\"696\" height=\"149\" srcset=\"https:\/\/miurltemporal.com/main/triatletasenred.sport.es\/wp-content\/uploads\/banner-zone3_ter-1024x219.jpg 1024w, https:\/\/miurltemporal.com/main/triatletasenred.sport.es\/wp-content\/uploads\/banner-zone3_ter-700x150.jpg 700w, https:\/\/miurltemporal.com/main/triatletasenred.sport.es\/wp-content\/uploads\/banner-zone3_ter-300x64.jpg 300w, https:\/\/miurltemporal.com/main/triatletasenred.sport.es\/wp-content\/uploads\/banner-zone3_ter-768x165.jpg 768w, https:\/\/miurltemporal.com/main/triatletasenred.sport.es\/wp-content\/uploads\/banner-zone3_ter-1536x329.jpg 1536w, https:\/\/miurltemporal.com/main/triatletasenred.sport.es\/wp-content\/uploads\/banner-zone3_ter-2048x439.jpg 2048w, https:\/\/miurltemporal.com/main/triatletasenred.sport.es\/wp-content\/uploads\/banner-zone3_ter-696x149.jpg 696w, https:\/\/miurltemporal.com/main/triatletasenred.sport.es\/wp-content\/uploads\/banner-zone3_ter-1068x229.jpg 1068w, https:\/\/miurltemporal.com/main/triatletasenred.sport.es\/wp-content\/uploads\/banner-zone3_ter-1920x412.jpg 1920w, https:\/\/miurltemporal.com/main/triatletasenred.sport.es\/wp-content\/uploads\/banner-zone3_ter-1959x420.jpg 1959w, https:\/\/miurltemporal.com/main/triatletasenred.sport.es\/wp-content\/uploads\/banner-zone3_ter-1320x283.jpg 1320w\" sizes=\"(max-width: 696px) 100vw, 696px\" \/><\/a><\/p>\n<p>Hace un tiempo os hablamos de la <a href=\"https:\/\/miurltemporal.com/main/triatletasenred.sport.es\/actualidad\/el-triatlon-en-paris-2024-en-serio-riesgo-de-cancelacion\/\"><strong>preocupaci\u00f3n del Comit\u00e9 Organizador de los Juegos Ol\u00edmpicos de Par\u00eds<\/strong><\/a> presidido por Tony Estanguet <strong>acerca de los niveles de poluci\u00f3n del r\u00edo Sena<\/strong>. En aquel entonces, quedaban <strong>100 d\u00edas<\/strong> para la cita, ahora \u00fanicamente <strong>un mes (30 d\u00edas)<\/strong> y algunos de <strong>sus mayores temores se est\u00e1n cumpliendo uno a uno<\/strong>.<\/p>\n<h4>UN INICIO DE VERANO INUSITADAMENTE LLUVIOSO<\/h4>\n<hr \/>\n<p>En <strong>abril<\/strong> ya se advert\u00eda que, de producirse <strong>fuertes episodios de lluvias<\/strong> en las semanas y d\u00edas previos a la competici\u00f3n, esto se iba a traducir en <strong>un aumento del nivel de concentraci\u00f3n de bacterias E. Coli fecales estaba por encima de 1.000 unidades formadoras de colonias (UFC)\/100 ml<\/strong> \u2013 (el umbral utilizado por las federaciones internacionales de triatl\u00f3n y nataci\u00f3n en aguas abiertas para permitir la celebraci\u00f3n de eventos) que imposibilitar\u00eda la salubridad del agua. Desde entonces, y durante el mes de <strong>mayo<\/strong> y de <strong>junio la regi\u00f3n de \u00cele-de-France<\/strong> ha sido azotado <strong>las lluvias y las tormentas el\u00e9ctricas<\/strong>.<\/p>\n<h5>LA ALARMA DEL EQUIPO DE AGUAS ABIERTAS<\/h5>\n<p>La <strong>suspensi\u00f3n del entrenamiento de la selecci\u00f3n gala de aguas abiertas previsto para el 10 de junio<\/strong>, en lo que iba a suponer su primera gran prueba en el escenario so\u00f1ado, antes de partir hacia el <strong>Campeonato de Europa de Belgrado<\/strong> no presagiaba nada bueno. Tal y como desvelaba <strong>Radio France<\/strong>, el <strong>Sena hab\u00eda recibido la evacuaci\u00f3n de aguas pluviales y residuales debido al desbordamiento de las alcantarillas parisinas<\/strong> debido a las aguas del mes de <strong>mayo<\/strong>.<\/p>\n<h4>LA \u00daLTIMA MEDICI\u00d3N: NEGATIVA<\/h4>\n<hr \/>\n<p>Con ese precedente, y un tiempo invariable, no ha sido ninguna sorpresa que <strong>el \u00faltimo bolet\u00edn sobre la calidad del agua <\/strong>del r\u00edo, publicado el <strong>viernes 21 de junio<\/strong> por las autoridades locales, confirme que <strong>el Sena sigue siendo inadecuado para el ba\u00f1o<\/strong>.<\/p>\n<h4>ENSAYOS Y BA\u00d1O INSTITUCIONAL CANCELADOS<\/h4>\n<hr \/>\n<p>Un mazazo para la organizaci\u00f3n que no ha llegado solo, sino con una cascada de consecuencias. Seg\u00fan ha informado <strong>AFP<\/strong>, el <strong>ensayo de la ceremonia de apertura de los Juegos Ol\u00edmpicos<\/strong>, que deb\u00eda haberse celebrado el lunes <strong>24 de junio<\/strong> se ha tenido que posponerse <strong>por tercera vez debido al alto caudal del Sena<\/strong>. Cabe recordar que el r\u00edo junto a la flota que lo va a navegar es parte esencial de la puesta en escena de la inauguraci\u00f3n.<\/p>\n<p>Con la flota amarrada, <strong>el anunciado ba\u00f1o del 23 de junio de la alcaldesa de Par\u00eds, Anne Hidalgo<\/strong>, y al que posiblemente tambi\u00e9n se iba a sumar el presidente de la Rep\u00fablica Francesa, <strong>Emmanuel Macron<\/strong>, para demostrar la viabilidad del nado\u00a0tambi\u00e9n qued\u00f3 <strong>aplazado hasta mediados de julio<\/strong>. Apenas <strong>diez d\u00edas antes<\/strong> de la fecha prevista para el <strong>triatl\u00f3n<\/strong>.<\/p>\n<h4>\u201cLA CALIDAD DEL AGUA NO EST\u00c1 A LA ALTURA, PERO CONFIAMOS&#8221;<\/h4>\n<hr \/>\n<p>En este contexto, el <strong>presidente de la prefectura de la \u00cele-de-France, Marc Guillaume<\/strong>, se ha rendido a lo evidente en las \u00faltimas horas. &#8220;<strong><em>No hay duda de que la calidad del agua hoy en d\u00eda no est\u00e1 a la altura<\/em><\/strong>&#8220;. No obstante, ha expresado su \u201c<strong><em>confianza<\/em><\/strong>\u201d en que <strong>los eventos se lleven a cabo seg\u00fan lo planeado<\/strong>, ampar\u00e1ndose en un \u201c<strong><em>cambio en el clima<\/em><\/strong>\u201d donde las lluvias van a dar paso al sol y esto va a permitir sumergirse en las aguas del Sena.<\/p>\n<p>Una situaci\u00f3n que, sin embargo, y <strong>seg\u00fan el servicio meteorol\u00f3gico franc\u00e9s<\/strong> no tiene pinta de revertirse a corto plazo, pues <strong>se espera que estas condiciones climatol\u00f3gicas se alarguen durante los primeros d\u00edas del mes de julio.<\/strong><\/p>\n<h4>TRIATL\u00d3N Y AGUAS ABIERTAS: EXPECTANTES Y SIN GRANDES ALTERNATIVAS<\/h4>\n<hr \/>\n<p>Sin duda alguna, el panorama para el triatl\u00f3n y las aguas abiertas en los Juegos Ol\u00edmpicos de Par\u00eds dista de ser ideal y esperanzadora. M\u00e1s cuando las &#8220;soluciones&#8221; planteadas para <strong>el triatl\u00f3n<\/strong> son <strong>retrasar su fecha <\/strong>o en caso extremo<strong>\u00a0convertirlo en un duatl\u00f3n<\/strong>. Peor suerte corren las <strong>aguas abiertas<\/strong>, directamente <strong>sin Plan B<\/strong> y<strong> ubicadas al final del calendario ol\u00edmpico<\/strong>.<\/p>\n<div class=\"youtube-embed\" data-video_id=\"\"><iframe title=\"Triatl\u00f3n En Vena Podcast #419 | Jose Hidalgo, presidente de la FETRI\" width=\"696\" height=\"392\" src=\"https:\/\/www.youtube.com\/embed\/vtp2VEqc1Z4?feature=oembed&#038;enablejsapi=1\" frameborder=\"0\" allow=\"accelerometer; autoplay; clipboard-write; encrypted-media; gyroscope; picture-in-picture; web-share\" referrerpolicy=\"strict-origin-when-cross-origin\" allowfullscreen><\/iframe><\/div>\n","protected":false},"excerpt":{"rendered":"<p>Los \u00faltimos acontecimiento en el r\u00edo Sena comprometen cada vez m\u00e1s el futuro del triatl\u00f3n y las aguas abiertas en los Juegos Ol\u00edmpicos de Par\u00eds.<\/p>\n","protected":false},"author":351,"featured_media":91167,"comment_status":"closed","ping_status":"open","sticky":false,"template":"","format":"standard","meta":{"_acf_changed":false,"rank_math_lock_modified_date":false,"footnotes":""},"categories":[17],"tags":[175,2486,4030,11151,11152,24],"class_list":{"0":"post-91165","1":"post","2":"type-post","3":"status-publish","4":"format-standard","5":"has-post-thumbnail","7":"category-actualidad","8":"tag-aguas-abiertas","9":"tag-juegos-olimpicos","10":"tag-paris","11":"tag-rio-sena","12":"tag-sena-juegos-olimpicos","13":"tag-triatlon"},"acf":[],"_links":{"self":[{"href":"https:\/\/miurltemporal.com/main/triatletasenred.sport.es\/wp-json\/wp\/v2\/posts\/91165"}],"collection":[{"href":"https:\/\/miurltemporal.com/main/triatletasenred.sport.es\/wp-json\/wp\/v2\/posts"}],"about":[{"href":"https:\/\/miurltemporal.com/main/triatletasenred.sport.es\/wp-json\/wp\/v2\/types\/post"}],"author":[{"embeddable":true,"href":"https:\/\/miurltemporal.com/main/triatletasenred.sport.es\/wp-json\/wp\/v2\/users\/351"}],"replies":[{"embeddable":true,"href":"https:\/\/miurltemporal.com/main/triatletasenred.sport.es\/wp-json\/wp\/v2\/comments?post=91165"}],"version-history":[{"count":1,"href":"https:\/\/miurltemporal.com/main/triatletasenred.sport.es\/wp-json\/wp\/v2\/posts\/91165\/revisions"}],"predecessor-version":[{"id":91168,"href":"https:\/\/miurltemporal.com/main/triatletasenred.sport.es\/wp-json\/wp\/v2\/posts\/91165\/revisions\/91168"}],"wp:featuredmedia":[{"embeddable":true,"href":"https:\/\/miurltemporal.com/main/triatletasenred.sport.es\/wp-json\/wp\/v2\/media\/91167"}],"wp:attachment":[{"href":"https:\/\/miurltemporal.com/main/triatletasenred.sport.es\/wp-json\/wp\/v2\/media?parent=91165"}],"wp:term":[{"taxonomy":"category","embeddable":true,"href":"https:\/\/miurltemporal.com/main/triatletasenred.sport.es\/wp-json\/wp\/v2\/categories?post=91165"},{"taxonomy":"post_tag","embeddable":true,"href":"https:\/\/miurltemporal.com/main/triatletasenred.sport.es\/wp-json\/wp\/v2\/tags?post=91165"}],"curies":[{"name":"wp","href":"https:\/\/api.w.org\/{rel}","templated":true}]}}