{"id":91038,"date":"2024-06-10T07:28:54","date_gmt":"2024-06-10T05:28:54","guid":{"rendered":"https:\/\/miurltemporal.com/main/triatletasenred.sport.es\/?p=91038"},"modified":"2024-06-20T07:30:44","modified_gmt":"2024-06-20T05:30:44","slug":"resultadostritouramposta2024","status":"publish","type":"post","link":"https:\/\/miurltemporal.com/main/triatletasenred.sport.es\/actualidad\/resultadostritouramposta2024\/","title":{"rendered":"As\u00ed se ha vivido la segunda prueba de TriTour en Amposta"},"content":{"rendered":"<h3 style=\"font-weight: 400;\">M\u00e1s de 700 triatletas en la segunda prueba del circuito TriTour \u00a0en las diferentes categor\u00edas, estrenando la modalidad de Aquabike.<\/h3>\n<p><a href=\"https:\/\/bit.ly\/3PM9oHm\" rel=\"nofollow noopener\" target=\"_blank\"><img fetchpriority=\"high\" decoding=\"async\" class=\"aligncenter size-full wp-image-89553\" src=\"https:\/\/miurltemporal.com/main/triatletasenred.sport.es\/wp-content\/uploads\/INVERSE-CICLISMO-VERANO-TRIATLETAS-EN-RED-002.jpg\" alt=\"\" width=\"700\" height=\"150\" srcset=\"https:\/\/miurltemporal.com/main/triatletasenred.sport.es\/wp-content\/uploads\/INVERSE-CICLISMO-VERANO-TRIATLETAS-EN-RED-002.jpg 700w, https:\/\/miurltemporal.com/main/triatletasenred.sport.es\/wp-content\/uploads\/INVERSE-CICLISMO-VERANO-TRIATLETAS-EN-RED-002-300x64.jpg 300w, https:\/\/miurltemporal.com/main/triatletasenred.sport.es\/wp-content\/uploads\/INVERSE-CICLISMO-VERANO-TRIATLETAS-EN-RED-002-696x150.jpg 696w\" sizes=\"(max-width: 700px) 100vw, 700px\" \/><\/a><\/p>\n<div class=\"flex flex-grow flex-col max-w-full\">\n<div class=\"min-h-[20px] text-message flex flex-col items-start whitespace-pre-wrap break-words [.text-message+&amp;]:mt-5 juice:w-full juice:items-end overflow-x-auto gap-2\" dir=\"auto\" data-message-author-role=\"assistant\" data-message-id=\"1503dc63-d9a0-418d-925f-ff6070b82492\">\n<div class=\"flex w-full flex-col gap-1 juice:empty:hidden juice:first:pt-[3px]\">\n<div class=\"markdown prose w-full break-words dark:prose-invert dark\">\n<p>El segundo evento del circuito TriTour en Amposta ha sido el epicentro de una competici\u00f3n vibrante, que se ha celebrado durante el fin de semana del 8 y 9 de junio. Con la participaci\u00f3n de m\u00e1s de 700 triatletas en diversas categor\u00edas, desde Sprint a Half, incluida la nueva modalidad de Aquabike, la prueba ha demostrado ser un evento de alta demanda, reflejando la popularidad y el esp\u00edritu inclusivo del circuito TriTour. Los triatletas, provenientes de numerosos clubes, han encontrado en este evento la oportunidad perfecta para desafiar sus l\u00edmites y disfrutar de un gran ambiente competitivo.<\/p>\n<h4><strong>Detalles Competitivos y Recorridos<\/strong><\/h4>\n<p>La prueba se caracteriz\u00f3 por su diversidad de distancias, permitiendo que cada triatleta encontrara su desaf\u00edo ideal. El s\u00e1bado se disputaron las distancias Short y Half, junto con la nueva modalidad de Aquabike, destac\u00e1ndose por las condiciones clim\u00e1ticas algo desafiantes, con calor y vientos moderados que pusieron a prueba la resistencia de los competidores. El domingo, las distancias Ol\u00edmpica y Sprint ofrecieron un clima inicialmente ideal que se complic\u00f3 con el viento, a\u00f1adiendo un elemento extra de dificultad a la competici\u00f3n.<\/p>\n<p>El evento no solo destac\u00f3 por su competici\u00f3n feroz sino tambi\u00e9n por el hermoso entorno de Amposta. Los participantes nadaron en el r\u00edo Ebro, enfrent\u00e1ndose a corrientes favorables, y recorrieron paisajes espectaculares en bicicleta, pasando por campos de arroz y la hist\u00f3rica plaza del mercado de Amposta durante la carrera a pie. Este escenario ofreci\u00f3 a los triatletas una mezcla de desaf\u00edo f\u00edsico y belleza natural, culminando en una experiencia sumamente gratificante.<\/p>\n<h4><strong>Resultados Destacados y Pr\u00f3ximos Eventos<\/strong><\/h4>\n<p>Los ganadores de las distintas categor\u00edas demostraron excepcionales rendimientos, con destacadas actuaciones en todas las modalidades. La inclusi\u00f3n de la distancia Aquabike ha sido especialmente bien recibida, ofreciendo una nueva forma de participaci\u00f3n que complementa las ya establecidas distancias Short, Half, Ol\u00edmpica y Sprint.<\/p>\n<p>Con la exitosa conclusi\u00f3n del TriTour Amposta, la atenci\u00f3n se dirige ahora hacia el pr\u00f3ximo evento en Pont de Suert, que promete ser igualmente emocionante con sus paisajes monta\u00f1osos. Esta pr\u00f3xima parada es otra oportunidad excelente para los triatletas de avanzar en la temporada con energ\u00eda y motivaci\u00f3n, en un circuito que continuamente busca ofrecer las mejores experiencias en triatl\u00f3n.<\/p>\n<div class=\"youtube-embed\" data-video_id=\"ezEP5FvOrUc\"><iframe title=\"COROS DURA a fondo \ud83e\udee1 \u00bfUn GPS de bater\u00eda INFINITA? |\" width=\"696\" height=\"392\" src=\"https:\/\/www.youtube.com\/embed\/ezEP5FvOrUc?start=2&#038;feature=oembed\" frameborder=\"0\" allow=\"accelerometer; autoplay; clipboard-write; encrypted-media; gyroscope; picture-in-picture; web-share\" referrerpolicy=\"strict-origin-when-cross-origin\" allowfullscreen><\/iframe><\/div>\n<\/div>\n<\/div>\n<\/div>\n<\/div>\n","protected":false},"excerpt":{"rendered":"<p>M\u00e1s de 700 triatletas en la segunda prueba del circuito TriTour \u00a0en las diferentes categor\u00edas, estrenando la modalidad de Aquabike.<\/p>\n","protected":false},"author":322,"featured_media":91041,"comment_status":"closed","ping_status":"open","sticky":false,"template":"","format":"standard","meta":{"_acf_changed":false,"rank_math_lock_modified_date":false,"footnotes":""},"categories":[17,19,1191],"tags":[],"class_list":{"0":"post-91038","1":"post","2":"type-post","3":"status-publish","4":"format-standard","5":"has-post-thumbnail","7":"category-actualidad","8":"category-competiciones","9":"category-triatlon"},"acf":[],"_links":{"self":[{"href":"https:\/\/miurltemporal.com/main/triatletasenred.sport.es\/wp-json\/wp\/v2\/posts\/91038"}],"collection":[{"href":"https:\/\/miurltemporal.com/main/triatletasenred.sport.es\/wp-json\/wp\/v2\/posts"}],"about":[{"href":"https:\/\/miurltemporal.com/main/triatletasenred.sport.es\/wp-json\/wp\/v2\/types\/post"}],"author":[{"embeddable":true,"href":"https:\/\/miurltemporal.com/main/triatletasenred.sport.es\/wp-json\/wp\/v2\/users\/322"}],"replies":[{"embeddable":true,"href":"https:\/\/miurltemporal.com/main/triatletasenred.sport.es\/wp-json\/wp\/v2\/comments?post=91038"}],"version-history":[{"count":1,"href":"https:\/\/miurltemporal.com/main/triatletasenred.sport.es\/wp-json\/wp\/v2\/posts\/91038\/revisions"}],"predecessor-version":[{"id":91040,"href":"https:\/\/miurltemporal.com/main/triatletasenred.sport.es\/wp-json\/wp\/v2\/posts\/91038\/revisions\/91040"}],"wp:featuredmedia":[{"embeddable":true,"href":"https:\/\/miurltemporal.com/main/triatletasenred.sport.es\/wp-json\/wp\/v2\/media\/91041"}],"wp:attachment":[{"href":"https:\/\/miurltemporal.com/main/triatletasenred.sport.es\/wp-json\/wp\/v2\/media?parent=91038"}],"wp:term":[{"taxonomy":"category","embeddable":true,"href":"https:\/\/miurltemporal.com/main/triatletasenred.sport.es\/wp-json\/wp\/v2\/categories?post=91038"},{"taxonomy":"post_tag","embeddable":true,"href":"https:\/\/miurltemporal.com/main/triatletasenred.sport.es\/wp-json\/wp\/v2\/tags?post=91038"}],"curies":[{"name":"wp","href":"https:\/\/api.w.org\/{rel}","templated":true}]}}