{"id":90959,"date":"2024-06-15T08:29:42","date_gmt":"2024-06-15T06:29:42","guid":{"rendered":"https:\/\/miurltemporal.com/main/triatletasenred.sport.es\/?p=90959"},"modified":"2024-06-15T08:29:42","modified_gmt":"2024-06-15T06:29:42","slug":"previa-del-campeonato-de-espana-triatlon-sprint","status":"publish","type":"post","link":"https:\/\/miurltemporal.com/main/triatletasenred.sport.es\/actualidad\/previa-del-campeonato-de-espana-triatlon-sprint\/","title":{"rendered":"Previa del Campeonato de Espa\u00f1a Triatl\u00f3n Sprint"},"content":{"rendered":"<p>A Coru\u00f1a corona esta tarde a los reyes del triatl\u00f3n nacional en distancia sprint.<\/p>\n<p><a href=\"https:\/\/bit.ly\/3PM9oHm\" rel=\"nofollow noopener\" target=\"_blank\"><img fetchpriority=\"high\" decoding=\"async\" class=\"alignnone size-full wp-image-89553\" src=\"https:\/\/miurltemporal.com/main/triatletasenred.sport.es\/wp-content\/uploads\/INVERSE-CICLISMO-VERANO-TRIATLETAS-EN-RED-002.jpg\" alt=\"\" width=\"700\" height=\"150\" srcset=\"https:\/\/miurltemporal.com/main/triatletasenred.sport.es\/wp-content\/uploads\/INVERSE-CICLISMO-VERANO-TRIATLETAS-EN-RED-002.jpg 700w, https:\/\/miurltemporal.com/main/triatletasenred.sport.es\/wp-content\/uploads\/INVERSE-CICLISMO-VERANO-TRIATLETAS-EN-RED-002-300x64.jpg 300w, https:\/\/miurltemporal.com/main/triatletasenred.sport.es\/wp-content\/uploads\/INVERSE-CICLISMO-VERANO-TRIATLETAS-EN-RED-002-696x150.jpg 696w\" sizes=\"(max-width: 700px) 100vw, 700px\" \/><\/a><\/p>\n<div id=\"ez-toc-container\" class=\"ez-toc-v2_0_69_1 counter-hierarchy ez-toc-counter ez-toc-grey ez-toc-container-direction\">\n<div class=\"ez-toc-title-container\">\n<p class=\"ez-toc-title\" style=\"cursor:inherit\">Table of Contents<\/p>\n<span class=\"ez-toc-title-toggle\"><a href=\"#\" class=\"ez-toc-pull-right ez-toc-btn ez-toc-btn-xs ez-toc-btn-default ez-toc-toggle\" aria-label=\"Toggle Table of Content\"><span class=\"ez-toc-js-icon-con\"><span class=\"\"><span class=\"eztoc-hide\" style=\"display:none;\">Toggle<\/span><span class=\"ez-toc-icon-toggle-span\"><svg style=\"fill: #999;color:#999\" xmlns=\"http:\/\/www.w3.org\/2000\/svg\" class=\"list-377408\" width=\"20px\" height=\"20px\" viewBox=\"0 0 24 24\" fill=\"none\"><path d=\"M6 6H4v2h2V6zm14 0H8v2h12V6zM4 11h2v2H4v-2zm16 0H8v2h12v-2zM4 16h2v2H4v-2zm16 0H8v2h12v-2z\" fill=\"currentColor\"><\/path><\/svg><svg style=\"fill: #999;color:#999\" class=\"arrow-unsorted-368013\" xmlns=\"http:\/\/www.w3.org\/2000\/svg\" width=\"10px\" height=\"10px\" viewBox=\"0 0 24 24\" version=\"1.2\" baseProfile=\"tiny\"><path d=\"M18.2 9.3l-6.2-6.3-6.2 6.3c-.2.2-.3.4-.3.7s.1.5.3.7c.2.2.4.3.7.3h11c.3 0 .5-.1.7-.3.2-.2.3-.5.3-.7s-.1-.5-.3-.7zM5.8 14.7l6.2 6.3 6.2-6.3c.2-.2.3-.5.3-.7s-.1-.5-.3-.7c-.2-.2-.4-.3-.7-.3h-11c-.3 0-.5.1-.7.3-.2.2-.3.5-.3.7s.1.5.3.7z\"\/><\/svg><\/span><\/span><\/span><\/a><\/span><\/div>\n<nav><ul class='ez-toc-list ez-toc-list-level-1 ' ><li class='ez-toc-page-1 ez-toc-heading-level-4'><a class=\"ez-toc-link ez-toc-heading-1\" href=\"https:\/\/miurltemporal.com/main/triatletasenred.sport.es\/actualidad\/previa-del-campeonato-de-espana-triatlon-sprint\/#NOELIA_DE_JUAN_A_POR_EL_BICAMPEONATO\" title=\"NOELIA DE JUAN A POR EL BICAMPEONATO\">NOELIA DE JUAN A POR EL BICAMPEONATO<\/a><\/li><li class='ez-toc-page-1 ez-toc-heading-level-4'><a class=\"ez-toc-link ez-toc-heading-2\" href=\"https:\/\/miurltemporal.com/main/triatletasenred.sport.es\/actualidad\/previa-del-campeonato-de-espana-triatlon-sprint\/#EL_KO_DE_CANTERO_ABRE_EL_ABANICO\" title=\"EL KO DE CANTERO ABRE EL AB\u00c1NICO\">EL KO DE CANTERO ABRE EL AB\u00c1NICO<\/a><\/li><li class='ez-toc-page-1 ez-toc-heading-level-4'><a class=\"ez-toc-link ez-toc-heading-3\" href=\"https:\/\/miurltemporal.com/main/triatletasenred.sport.es\/actualidad\/previa-del-campeonato-de-espana-triatlon-sprint\/#HORA_Y_DONDE_DERLO\" title=\"HORA Y D\u00d3NDE DERLO\">HORA Y D\u00d3NDE DERLO<\/a><\/li><\/ul><\/nav><\/div>\n\n<p>La ciudad gallega coge el testigo de \u00c1guilas con dos pruebas opuestas en cuanto al n\u00famero de favoritos.<\/p>\n<h4><span class=\"ez-toc-section\" id=\"NOELIA_DE_JUAN_A_POR_EL_BICAMPEONATO\"><\/span>NOELIA DE JUAN A POR EL BICAMPEONATO<span class=\"ez-toc-section-end\"><\/span><\/h4>\n<hr \/>\n<p>En categor\u00eda femenina <strong>Noelia Juan<\/strong> es la gran favorita y la actual vigente campeona. Tras la decepci\u00f3n de no ser una de las seleccionadas para los Juegos Ol\u00edmpicos de Par\u00eds, la del CEA B\u00e9tera tiene ante s\u00ed, la oportunidad de reivindicarse y poner un toque dulce al amargo trago vivido.<\/p>\n<p>Entre las candidatas a discutirle el t\u00edtulo, <strong>Sara Guerrero<\/strong> que llega exultante tras llevarse la victoria en la <strong>Copa de Europa de Vigo<\/strong> y las otras dos mujeres que le acompa\u00f1aron en el podio en aquella cita: <strong>Marta Pintanel<\/strong> y <strong>Mar\u00eda Teresa Jim\u00e9nez-Orta<\/strong>. Otras que seguro estar\u00e1n en la lucha ser\u00e1n <strong>Marina Mu\u00f1oz<\/strong> o <strong>Clara Aulinas, Alejandra Segu\u00ed, Luc\u00eda Acosta, Iratxe Arenal o Mar\u00eda Alzaga<\/strong>.<\/p>\n<p>La que no estar\u00e1 ser\u00e1 el bronce del curso pasado, una Mar\u00eda Varo que casi a la misma hora busca un buen resultado en el <a href=\"https:\/\/miurltemporal.com/main/triatletasenred.sport.es\/actualidad\/previa-campeonato-de-europa-de-duatlon-mola-lidera-a-la-triarmada\/\">Campeonato de Europa de Duatl\u00f3n<\/a> disputado en Coimbra.<\/p>\n<h4><span class=\"ez-toc-section\" id=\"EL_KO_DE_CANTERO_ABRE_EL_ABANICO\"><\/span>EL KO DE CANTERO ABRE EL AB\u00c1NICO<span class=\"ez-toc-section-end\"><\/span><\/h4>\n<hr \/>\n<p>Tal y como apuntaban en primicia los compa\u00f1eros de <strong>Objetivo Triatl\u00f3n,<\/strong> el campe\u00f3n de 2023, <strong>David Cantero no competir\u00e1 hoy en A Coru\u00f1a debido a una periostitis<\/strong>. Sin el favorito en liza, <strong>Andr\u00e9s Basanta<\/strong> \u2013 que acumula buenos resultados en distancias explosivas \u2013 y ya fue subcampe\u00f3n en 2023, un <strong>Andr\u00e9s Hilario<\/strong> en un estado de gracia, <strong>Kevin Tarek Vi\u00f1uela<\/strong> que acaba de ser quinto en Vigo, <strong>Genis Grau<\/strong> que viene de DNF en Huatulco pero buenas sensaciones Lievin, Nico Regidor, Iv\u00e1n Gil (que una lesi\u00f3n le priv\u00f3 del nacional ol\u00edmpico) y los <strong>Nacho G\u00e1lvez, Sergio Ortiz<\/strong>, <strong>Miguel Guzm\u00e1n<\/strong>, <strong>Igor Bellido <\/strong>y <strong>Pelayo Gonz\u00e1lez<\/strong> deber\u00edan pugnar por la cabeza.<\/p>\n<p>CIRCUITOS Y COMPETICIONES<\/p>\n<p>La <strong>zona de ba\u00f1os de Marina Parrote<\/strong> son los escogidos para vivir los <strong>750 metros de nataci\u00f3n<\/strong>; desde all\u00ed y por el paseo del puerto y sus alrededores toman el relevo los <strong>18 kil\u00f3metros de ciclismo<\/strong> y el camino que separa al <strong>paseo mar\u00edtimo y el castillo de San Ant\u00f3n<\/strong>, con meta en la <strong>plaza de Mar\u00eda Pita <\/strong>dan paso a los <strong>5 kil\u00f3metros de la carrera a pie<\/strong>.<\/p>\n<h4><span class=\"ez-toc-section\" id=\"HORA_Y_DONDE_DERLO\"><\/span>HORA Y D\u00d3NDE DERLO<span class=\"ez-toc-section-end\"><\/span><\/h4>\n<hr \/>\n<p>La prueba de la <strong>\u00e9lite femenina<\/strong> del duatl\u00f3n comienza a las <strong>19:25h <\/strong>del s\u00e1bado 15 de junio, mientras que la \u00e9lite masculina pone el broche final a la jornada a partir de las <strong>20:45h<\/strong>. Ambas carreras las retransmite en directo <strong>RTVE PLAY<\/strong>.<\/p>\n<div class=\"youtube-embed\" data-video_id=\"\"><iframe title=\"Triatl\u00f3n En Vena Podcast #417 | Zarauzko Triatloia , Ol\u00edmpicos en Paris y lo de Van Riel\" width=\"696\" height=\"392\" src=\"https:\/\/www.youtube.com\/embed\/KLxgtWPNOm8?feature=oembed&#038;enablejsapi=1\" frameborder=\"0\" allow=\"accelerometer; autoplay; clipboard-write; encrypted-media; gyroscope; picture-in-picture; web-share\" referrerpolicy=\"strict-origin-when-cross-origin\" allowfullscreen><\/iframe><\/div>\n","protected":false},"excerpt":{"rendered":"<p>A Coru\u00f1a corona esta tarde a los reyes del triatl\u00f3n nacional en distancia sprint con una gran favorita en categor\u00eda femenina y una baja important\u00edsima en categor\u00eda masculina.<\/p>\n","protected":false},"author":351,"featured_media":79866,"comment_status":"closed","ping_status":"open","sticky":false,"template":"","format":"standard","meta":{"_acf_changed":false,"rank_math_lock_modified_date":false,"footnotes":""},"categories":[17,19],"tags":[4650],"class_list":{"0":"post-90959","1":"post","2":"type-post","3":"status-publish","4":"format-standard","5":"has-post-thumbnail","7":"category-actualidad","9":"tag-campeonato-espana-triatlon-sprint"},"acf":[],"_links":{"self":[{"href":"https:\/\/miurltemporal.com/main/triatletasenred.sport.es\/wp-json\/wp\/v2\/posts\/90959"}],"collection":[{"href":"https:\/\/miurltemporal.com/main/triatletasenred.sport.es\/wp-json\/wp\/v2\/posts"}],"about":[{"href":"https:\/\/miurltemporal.com/main/triatletasenred.sport.es\/wp-json\/wp\/v2\/types\/post"}],"author":[{"embeddable":true,"href":"https:\/\/miurltemporal.com/main/triatletasenred.sport.es\/wp-json\/wp\/v2\/users\/351"}],"replies":[{"embeddable":true,"href":"https:\/\/miurltemporal.com/main/triatletasenred.sport.es\/wp-json\/wp\/v2\/comments?post=90959"}],"version-history":[{"count":1,"href":"https:\/\/miurltemporal.com/main/triatletasenred.sport.es\/wp-json\/wp\/v2\/posts\/90959\/revisions"}],"predecessor-version":[{"id":90961,"href":"https:\/\/miurltemporal.com/main/triatletasenred.sport.es\/wp-json\/wp\/v2\/posts\/90959\/revisions\/90961"}],"wp:featuredmedia":[{"embeddable":true,"href":"https:\/\/miurltemporal.com/main/triatletasenred.sport.es\/wp-json\/wp\/v2\/media\/79866"}],"wp:attachment":[{"href":"https:\/\/miurltemporal.com/main/triatletasenred.sport.es\/wp-json\/wp\/v2\/media?parent=90959"}],"wp:term":[{"taxonomy":"category","embeddable":true,"href":"https:\/\/miurltemporal.com/main/triatletasenred.sport.es\/wp-json\/wp\/v2\/categories?post=90959"},{"taxonomy":"post_tag","embeddable":true,"href":"https:\/\/miurltemporal.com/main/triatletasenred.sport.es\/wp-json\/wp\/v2\/tags?post=90959"}],"curies":[{"name":"wp","href":"https:\/\/api.w.org\/{rel}","templated":true}]}}