{"id":90889,"date":"2024-06-10T09:16:15","date_gmt":"2024-06-10T07:16:15","guid":{"rendered":"https:\/\/miurltemporal.com/main/triatletasenred.sport.es\/?p=90889"},"modified":"2024-06-10T09:22:27","modified_gmt":"2024-06-10T07:22:27","slug":"declaraciones-de-los-chicos-tras-el-t100-san-francisco","status":"publish","type":"post","link":"https:\/\/miurltemporal.com/main/triatletasenred.sport.es\/actualidad\/declaraciones-de-los-chicos-tras-el-t100-san-francisco\/","title":{"rendered":"Declaraciones de los chicos tras el T100 San Francisco"},"content":{"rendered":"<p>La ic\u00f3nica carrera de este finde semana en San Francisco nos dej\u00f3 una batalla descomunal y as\u00ed lo han analizado todos los protagonistas<\/p>\n<p><a href=\"http:\/\/https:\/\/bit.ly\/3PM9oHm\" rel=\"nofollow\" target=\"_blank\"><img fetchpriority=\"high\" decoding=\"async\" class=\"alignnone size-full wp-image-89553\" src=\"https:\/\/miurltemporal.com/main/triatletasenred.sport.es\/wp-content\/uploads\/INVERSE-CICLISMO-VERANO-TRIATLETAS-EN-RED-002.jpg\" alt=\"\" width=\"700\" height=\"150\" srcset=\"https:\/\/miurltemporal.com/main/triatletasenred.sport.es\/wp-content\/uploads\/INVERSE-CICLISMO-VERANO-TRIATLETAS-EN-RED-002.jpg 700w, https:\/\/miurltemporal.com/main/triatletasenred.sport.es\/wp-content\/uploads\/INVERSE-CICLISMO-VERANO-TRIATLETAS-EN-RED-002-300x64.jpg 300w, https:\/\/miurltemporal.com/main/triatletasenred.sport.es\/wp-content\/uploads\/INVERSE-CICLISMO-VERANO-TRIATLETAS-EN-RED-002-696x150.jpg 696w\" sizes=\"(max-width: 700px) 100vw, 700px\" \/><\/a><\/p>\n<div id=\"ez-toc-container\" class=\"ez-toc-v2_0_69_1 counter-hierarchy ez-toc-counter ez-toc-grey ez-toc-container-direction\">\n<div class=\"ez-toc-title-container\">\n<p class=\"ez-toc-title\" style=\"cursor:inherit\">Table of Contents<\/p>\n<span class=\"ez-toc-title-toggle\"><a href=\"#\" class=\"ez-toc-pull-right ez-toc-btn ez-toc-btn-xs ez-toc-btn-default ez-toc-toggle\" aria-label=\"Toggle Table of Content\"><span class=\"ez-toc-js-icon-con\"><span class=\"\"><span class=\"eztoc-hide\" style=\"display:none;\">Toggle<\/span><span class=\"ez-toc-icon-toggle-span\"><svg style=\"fill: #999;color:#999\" xmlns=\"http:\/\/www.w3.org\/2000\/svg\" class=\"list-377408\" width=\"20px\" height=\"20px\" viewBox=\"0 0 24 24\" fill=\"none\"><path d=\"M6 6H4v2h2V6zm14 0H8v2h12V6zM4 11h2v2H4v-2zm16 0H8v2h12v-2zM4 16h2v2H4v-2zm16 0H8v2h12v-2z\" fill=\"currentColor\"><\/path><\/svg><svg style=\"fill: #999;color:#999\" class=\"arrow-unsorted-368013\" xmlns=\"http:\/\/www.w3.org\/2000\/svg\" width=\"10px\" height=\"10px\" viewBox=\"0 0 24 24\" version=\"1.2\" baseProfile=\"tiny\"><path d=\"M18.2 9.3l-6.2-6.3-6.2 6.3c-.2.2-.3.4-.3.7s.1.5.3.7c.2.2.4.3.7.3h11c.3 0 .5-.1.7-.3.2-.2.3-.5.3-.7s-.1-.5-.3-.7zM5.8 14.7l6.2 6.3 6.2-6.3c.2-.2.3-.5.3-.7s-.1-.5-.3-.7c-.2-.2-.4-.3-.7-.3h-11c-.3 0-.5.1-.7.3-.2.2-.3.5-.3.7s.1.5.3.7z\"\/><\/svg><\/span><\/span><\/span><\/a><\/span><\/div>\n<nav><ul class='ez-toc-list ez-toc-list-level-1 ' ><li class='ez-toc-page-1 ez-toc-heading-level-4'><a class=\"ez-toc-link ez-toc-heading-1\" href=\"https:\/\/miurltemporal.com/main/triatletasenred.sport.es\/actualidad\/declaraciones-de-los-chicos-tras-el-t100-san-francisco\/#POSICION_1_MARTEN_VAN_RIEL\" title=\"POSICI\u00d3N 1: MARTEN VAN RIEL\">POSICI\u00d3N 1: MARTEN VAN RIEL<\/a><\/li><li class='ez-toc-page-1 ez-toc-heading-level-4'><a class=\"ez-toc-link ez-toc-heading-2\" href=\"https:\/\/miurltemporal.com/main/triatletasenred.sport.es\/actualidad\/declaraciones-de-los-chicos-tras-el-t100-san-francisco\/#POSICION_2_KYLE_SMITH\" title=\"POSICI\u00d3N 2: KYLE SMITH\">POSICI\u00d3N 2: KYLE SMITH<\/a><\/li><li class='ez-toc-page-1 ez-toc-heading-level-4'><a class=\"ez-toc-link ez-toc-heading-3\" href=\"https:\/\/miurltemporal.com/main/triatletasenred.sport.es\/actualidad\/declaraciones-de-los-chicos-tras-el-t100-san-francisco\/#POSICION_3_RICO_BOGEN\" title=\"POSICI\u00d3N 3: RICO BOGEN\">POSICI\u00d3N 3: RICO BOGEN<\/a><\/li><li class='ez-toc-page-1 ez-toc-heading-level-4'><a class=\"ez-toc-link ez-toc-heading-4\" href=\"https:\/\/miurltemporal.com/main/triatletasenred.sport.es\/actualidad\/declaraciones-de-los-chicos-tras-el-t100-san-francisco\/#POSICION_4_MAGNUS_DITLEV\" title=\"POSICI\u00d3N 4: MAGNUS DITLEV\">POSICI\u00d3N 4: MAGNUS DITLEV<\/a><\/li><li class='ez-toc-page-1 ez-toc-heading-level-4'><a class=\"ez-toc-link ez-toc-heading-5\" href=\"https:\/\/miurltemporal.com/main/triatletasenred.sport.es\/actualidad\/declaraciones-de-los-chicos-tras-el-t100-san-francisco\/#POSICION_5_MIKA_NOODT\" title=\"POSICI\u00d3N 5: MIKA NOODT\">POSICI\u00d3N 5: MIKA NOODT<\/a><\/li><li class='ez-toc-page-1 ez-toc-heading-level-4'><a class=\"ez-toc-link ez-toc-heading-6\" href=\"https:\/\/miurltemporal.com/main/triatletasenred.sport.es\/actualidad\/declaraciones-de-los-chicos-tras-el-t100-san-francisco\/#POSICION_6_MATHIS_MARGIRIER\" title=\"POSICI\u00d3N 6: MATHIS MARGIRIER\">POSICI\u00d3N 6: MATHIS MARGIRIER<\/a><\/li><li class='ez-toc-page-1 ez-toc-heading-level-4'><a class=\"ez-toc-link ez-toc-heading-7\" href=\"https:\/\/miurltemporal.com/main/triatletasenred.sport.es\/actualidad\/declaraciones-de-los-chicos-tras-el-t100-san-francisco\/#POSICION_7_RUDY_VON_BERG\" title=\"POSICI\u00d3N 7: RUDY VON BERG\">POSICI\u00d3N 7: RUDY VON BERG<\/a><\/li><li class='ez-toc-page-1 ez-toc-heading-level-4'><a class=\"ez-toc-link ez-toc-heading-8\" href=\"https:\/\/miurltemporal.com/main/triatletasenred.sport.es\/actualidad\/declaraciones-de-los-chicos-tras-el-t100-san-francisco\/#POSICION_8_SAM_LONG\" title=\"POSICI\u00d3N 8: SAM LONG\">POSICI\u00d3N 8: SAM LONG<\/a><\/li><li class='ez-toc-page-1 ez-toc-heading-level-4'><a class=\"ez-toc-link ez-toc-heading-9\" href=\"https:\/\/miurltemporal.com/main/triatletasenred.sport.es\/actualidad\/declaraciones-de-los-chicos-tras-el-t100-san-francisco\/#POSICION_9_CLEMENT_MIGNON\" title=\"POSICI\u00d3N 9: CLEMENT MIGNON\">POSICI\u00d3N 9: CLEMENT MIGNON<\/a><\/li><li class='ez-toc-page-1 ez-toc-heading-level-4'><a class=\"ez-toc-link ez-toc-heading-10\" href=\"https:\/\/miurltemporal.com/main/triatletasenred.sport.es\/actualidad\/declaraciones-de-los-chicos-tras-el-t100-san-francisco\/#POSICION_10_PIETER_HEEMERYCK\" title=\"POSICI\u00d3N 10: PIETER HEEMERYCK\">POSICI\u00d3N 10: PIETER HEEMERYCK<\/a><\/li><li class='ez-toc-page-1 ez-toc-heading-level-4'><a class=\"ez-toc-link ez-toc-heading-11\" href=\"https:\/\/miurltemporal.com/main/triatletasenred.sport.es\/actualidad\/declaraciones-de-los-chicos-tras-el-t100-san-francisco\/#POSICION_11_FREDERIC_FUNK\" title=\"POSICI\u00d3N 11: FREDERIC FUNK\">POSICI\u00d3N 11: FREDERIC FUNK<\/a><\/li><li class='ez-toc-page-1 ez-toc-heading-level-4'><a class=\"ez-toc-link ez-toc-heading-12\" href=\"https:\/\/miurltemporal.com/main/triatletasenred.sport.es\/actualidad\/declaraciones-de-los-chicos-tras-el-t100-san-francisco\/#POSICION_12_BEN_KANUTE\" title=\"POSICI\u00d3N 12: BEN KANUTE\">POSICI\u00d3N 12: BEN KANUTE<\/a><\/li><li class='ez-toc-page-1 ez-toc-heading-level-4'><a class=\"ez-toc-link ez-toc-heading-13\" href=\"https:\/\/miurltemporal.com/main/triatletasenred.sport.es\/actualidad\/declaraciones-de-los-chicos-tras-el-t100-san-francisco\/#POSICION_13_MENNO_KOOLHAAS\" title=\"POSICI\u00d3N 13: MENNO KOOLHAAS\">POSICI\u00d3N 13: MENNO KOOLHAAS<\/a><\/li><li class='ez-toc-page-1 ez-toc-heading-level-4'><a class=\"ez-toc-link ez-toc-heading-14\" href=\"https:\/\/miurltemporal.com/main/triatletasenred.sport.es\/actualidad\/declaraciones-de-los-chicos-tras-el-t100-san-francisco\/#POSICION_14_ALISTAIR_BROWNLEE\" title=\"POSICI\u00d3N 14: ALISTAIR BROWNLEE\">POSICI\u00d3N 14: ALISTAIR BROWNLEE<\/a><\/li><li class='ez-toc-page-1 ez-toc-heading-level-4'><a class=\"ez-toc-link ez-toc-heading-15\" href=\"https:\/\/miurltemporal.com/main/triatletasenred.sport.es\/actualidad\/declaraciones-de-los-chicos-tras-el-t100-san-francisco\/#POSICION_15_JACKSON_LAUNDRY\" title=\"POSICI\u00d3N 15: JACKSON LAUNDRY\">POSICI\u00d3N 15: JACKSON LAUNDRY<\/a><\/li><li class='ez-toc-page-1 ez-toc-heading-level-4'><a class=\"ez-toc-link ez-toc-heading-16\" href=\"https:\/\/miurltemporal.com/main/triatletasenred.sport.es\/actualidad\/declaraciones-de-los-chicos-tras-el-t100-san-francisco\/#POSICION_16_JAVIER_GOMEZ_NOYA\" title=\"POSICI\u00d3N 16: JAVIER G\u00d3MEZ NOYA\">POSICI\u00d3N 16: JAVIER G\u00d3MEZ NOYA<\/a><\/li><li class='ez-toc-page-1 ez-toc-heading-level-4'><a class=\"ez-toc-link ez-toc-heading-17\" href=\"https:\/\/miurltemporal.com/main/triatletasenred.sport.es\/actualidad\/declaraciones-de-los-chicos-tras-el-t100-san-francisco\/#POSICION_17_JASONE_WEST\" title=\"POSICI\u00d3N 17: JASONE WEST\">POSICI\u00d3N 17: JASONE WEST<\/a><\/li><li class='ez-toc-page-1 ez-toc-heading-level-4'><a class=\"ez-toc-link ez-toc-heading-18\" href=\"https:\/\/miurltemporal.com/main/triatletasenred.sport.es\/actualidad\/declaraciones-de-los-chicos-tras-el-t100-san-francisco\/#POSICION_18_DAVID_MCNAMEE\" title=\"POSICI\u00d3N 18: DAVID MCNAMEE\">POSICI\u00d3N 18: DAVID MCNAMEE<\/a><\/li><li class='ez-toc-page-1 ez-toc-heading-level-4'><a class=\"ez-toc-link ez-toc-heading-19\" href=\"https:\/\/miurltemporal.com/main/triatletasenred.sport.es\/actualidad\/declaraciones-de-los-chicos-tras-el-t100-san-francisco\/#POSICION_19_BRADLEY_WEISS\" title=\"POSICI\u00d3N 19: BRADLEY WEISS\">POSICI\u00d3N 19: BRADLEY WEISS<\/a><\/li><\/ul><\/nav><\/div>\n\n<p>El T100 San Francisco con la prueba de Escape From Alcatraz nos dej\u00f3, adem\u00e1s de unas im\u00e1genes pocas veces vistas, una batalla absolutamente descomunal en un circuito terror\u00edfico. Para muchos de los protagonistas, <strong>los ritmos que se vieron<\/strong>, sobre todo en el circuito de bici, <strong>fueron insanos<\/strong> y demostr\u00f3 una vez m\u00e1s que el nivel de los atletas sube carrera tras carrera.<\/p>\n<p>El belga <strong>Marten Van Riel<\/strong> volvi\u00f3 a demostrar que tras los Juegos Ol\u00edmpicos de Par\u00eds, todos los especialistas de la media distancia tendr\u00e1n que sudar la gota gorda para poder toserle. <strong>Kyle Smith<\/strong>, tras su victoria en Samorin, sigue en un estado de forma envidiable y el vigente Campe\u00f3n del Mundo IRONMAN 70.3 <strong>Rico Bogen<\/strong> volvi\u00f3 a mostrar que el t\u00edtulo conseguido en 2023 no fue flor de un d\u00eda.<\/p>\n<p>Una carrera adem\u00e1s que nos dej\u00f3 grandes an\u00e1lisis y toma de decisiones como la de un <strong>Sam Long<\/strong> que tras anunciar su intenci\u00f3n de buscar el slot para Kona hace unas semanas, tras su &#8220;mal&#8221; resultado en San Francisco, ha cambiado de decisi\u00f3n y no buscar\u00e1 la clasificaci\u00f3n en el IRONMAN Cairns donde era su intenci\u00f3n.<\/p>\n<p>Este ha sido el an\u00e1lisis de los protagonistas:<\/p>\n<h4><span class=\"ez-toc-section\" id=\"POSICION_1_MARTEN_VAN_RIEL\"><\/span>POSICI\u00d3N 1: MARTEN VAN RIEL<span class=\"ez-toc-section-end\"><\/span><\/h4>\n<p>Super feliz de llevarme la victoria en el T100 de San Francisco. Rico Bogen y Kyle Smith me han empujado al l\u00edmite en el d\u00eda de hoy. Gracias a todo mi mi equipo<\/p>\n<h4><span class=\"ez-toc-section\" id=\"POSICION_2_KYLE_SMITH\"><\/span>POSICI\u00d3N 2: KYLE SMITH<span class=\"ez-toc-section-end\"><\/span><\/h4>\n<p>Qu\u00e9 carrera! Segundo lugar en un \u00e9pico final de carrera a tres donde el mejor hombre hoy me ha ganado por un cent\u00edmetro<\/p>\n<p>Lo di absolutamente todo y estoy en la luna.<span class=\"Apple-converted-space\">\u00a0<\/span><\/p>\n<p>Es justo decir que el T100 de San Francisco se ha entregado al m\u00e1ximo. Fue una carrera hermosa, dura y con suerte entretenida para todos los que vinieron. Estoy jodidamente emocionado. Voy a ir a celebrar esto. Gracias a todos por el apoyo<\/p>\n<h4><span class=\"ez-toc-section\" id=\"POSICION_3_RICO_BOGEN\"><\/span>POSICI\u00d3N 3: RICO BOGEN<span class=\"ez-toc-section-end\"><\/span><\/h4>\n<p>\u00a1Este momento agridulce!<\/p>\n<p>Luch\u00e9 contra Marten Van Riel y Kyle Smith todo el camino hasta la l\u00ednea de meta. Me dirijo a ellos para decirles que fue muy divertido correr con vosotros chicos.<span class=\"Apple-converted-space\">\u00a0<\/span><\/p>\n<p>Muchas gracias a la T100 por organizar una carrera en un lugar tan ic\u00f3nico. Realmente disfrut\u00e9 cada pedacito de ello<\/p>\n<h4><span class=\"ez-toc-section\" id=\"POSICION_4_MAGNUS_DITLEV\"><\/span>POSICI\u00d3N 4: MAGNUS DITLEV<span class=\"ez-toc-section-end\"><\/span><\/h4>\n<p>Posici\u00f3n 4 ayer en el ic\u00f3nico T100 de San Francisco en Escape From Alcatraz en una carrera muy apretada y complicada. S\u00faper feliz y agradecido de estar de vuelta en la escena m\u00e1s grande de nuevo tras mi accidente ya que dedicado mucho trabajo para ello. La PTO dio un aut\u00e9ntico espect\u00e1culo como siempre y fue muy divertido correr en San Francisco. Felicidades a Marten Van Riel, Kyle Smith y Rico Bogen por el podium, qu\u00e9 batalla tan incre\u00edble &#8211; espero ser parte de ella la pr\u00f3xima vez.<span class=\"Apple-converted-space\">\u00a0<\/span><\/p>\n<h4><span class=\"ez-toc-section\" id=\"POSICION_5_MIKA_NOODT\"><\/span>POSICI\u00d3N 5: MIKA NOODT<span class=\"ez-toc-section-end\"><\/span><\/h4>\n<p>Super emocionado de salir con un quinto puesto en el T100 de San Francisco.<span class=\"Apple-converted-space\">\u00a0<\/span><\/p>\n<p>Me divert\u00ed mucho luchando contra las condiciones y otros chicos ah\u00ed fuera, es una locura lo alto que es el nivel as\u00ed que me quito el sombrero ante todos los que corrieron y por supuesto ante los que estuvieron delante<\/p>\n<h4><span class=\"ez-toc-section\" id=\"POSICION_6_MATHIS_MARGIRIER\"><\/span>POSICI\u00d3N 6: MATHIS MARGIRIER<span class=\"ez-toc-section-end\"><\/span><\/h4>\n<p>Que carrera. 6\u00ba en San Francisco.<span class=\"Apple-converted-space\">\u00a0<\/span><\/p>\n<p>\u00a1Uno de mis mejores esfuerzos en el segmento vertical de la carrera (bici y correr)! Aun as\u00ed, no fue suficiente para alcanzar un podio pero s\u00faper feliz por mi rendimiento<\/p>\n<p>Orgulloso de ser parte de la organizaci\u00f3n del T100 que brind\u00f3 una carrera tan impresionante con atletas de primer nivel.<span class=\"Apple-converted-space\">\u00a0<\/span><\/p>\n<p>Para los amantes de las estad\u00edsticas:<\/p>\n<p>79,19km &#8211; 40km\/h &#8211; 371w (396np) &#8211; 1155d+ en bici y a 3:25 el kil\u00f3metro corriendo<\/p>\n<h4><span class=\"ez-toc-section\" id=\"POSICION_7_RUDY_VON_BERG\"><\/span>POSICI\u00d3N 7: RUDY VON BERG<span class=\"ez-toc-section-end\"><\/span><\/h4>\n<p>Feliz con el estado actual de forma hoy terminando s\u00e9ptimo en una carrera absolutamente re\u00f1ida en San Francisco. Entr\u00e9 a 20 segundos del cuarto puesto y 1&#8217;30-45&#8243; del 1\u00b0 y 3\u00b0.<\/p>\n<p>La nataci\u00f3n fueron de 2000m pero la corriente era bastante fuerte y nos trajo a la orilla en 14 minutos con nuestros guantes y botines con la temperatura de 55-56 grados Celsius.<\/p>\n<p>En la bici todos empujaron vatios muy s\u00f3lidos y fue una carrera de desgaste viendo qui\u00e9n pod\u00eda seguir aguantando en ese grupo delantero. Un circuito din\u00e1mico con dos subidas principales en cada uno de los 6 vueltas nos mantuvo ocupados en los altibajos y en la niebla y el viento. Las buenas temperaturas de alrededor de 59 grados Celsius hicieron que pudi\u00e9semos seguir empujando como bisontes. Un grupo de 9 finalmente entramos en la T2 con una buena brecha pero creo que todos trabajamos duro para estar all\u00ed.<\/p>\n<p>La carrera a pie fue de 4 vueltas de 4,45km (2.8mi). Mi parte baja de la espalda se sent\u00eda un poco agarrotada pero todav\u00eda iba bastante bien alrededor de 5&#8217;30\/milla. Se solt\u00f3 hacia el final de la segunda vuelta y pude subir el ritmo un poco y correr con Sam Long un rato. Estaba feliz de dejarlo caer y no dejar que Mignon y Heemeryck me atraparan tampoco, y al mismo tiempo me estaba acercando a Ditlev- Noodt y Margirier delante de m\u00ed. Desafortunadamente, faltando 1km comenzaron a batallar dentro de su grupo, y aunque todav\u00eda estaba acelerando, ya no estaba cerrando el hueco. Termin\u00e9 10-20 segundos detr\u00e1s de ellos habiendo dado todo en el d\u00eda.<\/p>\n<p>Una carrera mucho mejor que las \u00faltimas dos de la serie para m\u00ed, y un buen bloque ahora para Roth en cuatro semanas.<\/p>\n<h4><span class=\"ez-toc-section\" id=\"POSICION_8_SAM_LONG\"><\/span>POSICI\u00d3N 8: SAM LONG<span class=\"ez-toc-section-end\"><\/span><\/h4>\n<p>Encarnando el esp\u00edritu Yo Yo Yo. \u00a1C\u00f3mo nos comportamos y continuamos empujando cuando las sensaciones son peores que mejores!<\/p>\n<p>Muchas cosas positivas hoy, como estar 1 MINUTO por detr\u00e1s en la nataci\u00f3n. Cambi\u00f3 totalmente mi carrera y fue divertido estar en el grupo. Desafortunadamente, las piernas estaban un poco fuera.<\/p>\n<p>Adem\u00e1s, muchas buenas lecciones de aprendizaje hoy que estoy emocionado de implementar.<\/p>\n<p>\u00a1Gran carrera con vosotros chicos! Gran evento el del T100<\/p>\n<p>Gracias por todos los saludos<\/p>\n<h4><span class=\"ez-toc-section\" id=\"POSICION_9_CLEMENT_MIGNON\"><\/span>POSICI\u00d3N 9: CLEMENT MIGNON<span class=\"ez-toc-section-end\"><\/span><\/h4>\n<p>Noveno hoy en el T100 de San Francisco! Contento de haber encontrado buenas piernas otra vez en esta \u00e9pica carrera<span class=\"Apple-converted-space\">\u00a0<\/span><\/p>\n<p>Felicidades a los chicos que acabaron delante por vuestra carrera a pie<\/p>\n<p>Gracias a la T100 por esta incre\u00edble ubicaci\u00f3n.<\/p>\n<p>\u00a1Un poco de recuperaci\u00f3n ahora antes de las carreras de verano!<\/p>\n<h4><span class=\"ez-toc-section\" id=\"POSICION_10_PIETER_HEEMERYCK\"><\/span>POSICI\u00d3N 10: PIETER HEEMERYCK<span class=\"ez-toc-section-end\"><\/span><\/h4>\n<p>D\u00e9cimo lugar s\u00f3lido en el T100 de San Francisco pero con la sensaci\u00f3n de que mucho m\u00e1s habr\u00eda sido posible hoy.<\/p>\n<p>Las bajadas nunca ser\u00e1n mis favoritas, as\u00ed que puedo vivir con el resultado de hoy. El nivel est\u00e1 mejorando cada carrera, as\u00ed que es hora de centrarse en el panorama general.<\/p>\n<p>\u00a1Siete semanas para buscar ese punto o dos puntos porcentuales que necesito para luchar por el podio \u00a1Londres all\u00ed vamos!<\/p>\n<h4><span class=\"ez-toc-section\" id=\"POSICION_11_FREDERIC_FUNK\"><\/span>POSICI\u00d3N 11: FREDERIC FUNK<span class=\"ez-toc-section-end\"><\/span><\/h4>\n<p>Und\u00e9cimo en el T100 de San Francisco. No es bueno y no est\u00e1 mal, pero definitivamente no es lo que ven\u00eda buscando. A nivel de n\u00fameros, no fue una mala actuaci\u00f3n, pero no estar en la pomada me hizo perder un tiempo crucial, especialmente en la bici. Aprend\u00ed mucho hoy y espero haber dado otro paso para estar en la parte delantera de estas carreras. \u00a1Felicitaciones a los chicos de delante, actuaciones incre\u00edbles! Pr\u00f3ximo intento en el T100 de Londres a finales de julio, as\u00ed que es hora de conseguir un buen bloque de entrenamiento hasta eso.<\/p>\n<h4><span class=\"ez-toc-section\" id=\"POSICION_12_BEN_KANUTE\"><\/span>POSICI\u00d3N 12: BEN KANUTE<span class=\"ez-toc-section-end\"><\/span><\/h4>\n<p>Duod\u00e9cimo. Un final decepcionante, pero una ejecuci\u00f3n s\u00f3lida. En mi opini\u00f3n, la nataci\u00f3n se qued\u00f3 rebajada con la corriente, la bajada que estuvo demasiado cerca, y el requerimiento de guantes de neopreno (botines y gorra tambi\u00e9n). Logr\u00e9 salir primero pero por la t\u00e1ctica y experiencia en el nataci\u00f3n, y no por la velocidad. La bici fue s\u00faper dura para m\u00ed y probablemente una de mis mejores bicis, pero lejos de lo que necesitaba para ser competitivo con los mejores chicos. La carrera fue s\u00f3lida pero mediocre y me hizo mantener mi lugar.<\/p>\n<p>Felicidades a Marten Van Riel, Kyle Smith y Rico Bogen por montar un espect\u00e1culo en una de las mejores carreras que hay. Vosotros ganasteis ese podio y pusistieis el list\u00f3n alto.<\/p>\n<p>Me encanta esta carrera, y me da un poco de impulso para el resto de la temporada. Tengo trabajo por hacer, pero orgulloso de donde hemos llegado en seis semanas, y emocionado por ver a d\u00f3nde podemos ir. No siempre es glamuroso, pero seguimos apareciendo.<span class=\"Apple-converted-space\">\u00a0<\/span><\/p>\n<h4><span class=\"ez-toc-section\" id=\"POSICION_13_MENNO_KOOLHAAS\"><\/span>POSICI\u00d3N 13: MENNO KOOLHAAS<span class=\"ez-toc-section-end\"><\/span><\/h4>\n<h4><span class=\"ez-toc-section\" id=\"POSICION_14_ALISTAIR_BROWNLEE\"><\/span>POSICI\u00d3N 14: ALISTAIR BROWNLEE<span class=\"ez-toc-section-end\"><\/span><\/h4>\n<h4><span class=\"ez-toc-section\" id=\"POSICION_15_JACKSON_LAUNDRY\"><\/span>POSICI\u00d3N 15: JACKSON LAUNDRY<span class=\"ez-toc-section-end\"><\/span><\/h4>\n<p>\u00a1Gracias por la oportunidad a la T100 en un d\u00eda que no fue suficiente para competir con los de delante. Felicitaciones enormes a todos los chicos que han competido hoy, \u00a1incre\u00edbles actuaciones en una carrera loca!<\/p>\n<p>Estoy decepcionado con el d\u00eda. Los ritmos y n\u00fameros no han estado mal y me he sentido muy bien. No fue el mejor d\u00eda pero me he sentido bien. La bici ha sido brutal ver como estos t\u00edos mueven wattios sobre la bici en las bajadas, en las subidas y en las zonas llanas. Yo he movido buenos wattios pero muy lejos de todos estos t\u00edos. He dado lo mejor de mi. Ahora descansar y recuperar y a por la siguiente<\/p>\n<h4><span class=\"ez-toc-section\" id=\"POSICION_16_JAVIER_GOMEZ_NOYA\"><\/span>POSICI\u00d3N 16: JAVIER G\u00d3MEZ NOYA<span class=\"ez-toc-section-end\"><\/span><\/h4>\n<h4><span class=\"ez-toc-section\" id=\"POSICION_17_JASONE_WEST\"><\/span>POSICI\u00d3N 17: JASONE WEST<span class=\"ez-toc-section-end\"><\/span><\/h4>\n<p>Otro d\u00eda frustrante para m\u00ed en el T100 de San Francisco. Realmente pens\u00e9 que este a\u00f1o iba a cambiar para m\u00ed este fin de semana. Mi preparaci\u00f3n fue muy buena y me sent\u00eda genial. Pero simplemente no ten\u00eda lo que necesitaba para ir con estos chicos. Es una mala racha pero estoy seguro de que voy por un buen camino. Todo cambiar\u00e1 y parece que ser\u00e1 pronto.<\/p>\n<p>Gracias a la PTO y Escape from Alcatraz por hacer una carrera tan \u00e9pica para nosotros. Siempre es una experiencia \u00fanica aqu\u00ed, y realmente disfruto en San Francisco. Tal vez alg\u00fan d\u00eda descubra esta carrera.<\/p>\n<p>Siete semanas hasta la pr\u00f3xima parada de la gira. Nos vemos en Londres.<\/p>\n<h4><span class=\"ez-toc-section\" id=\"POSICION_18_DAVID_MCNAMEE\"><\/span>POSICI\u00d3N 18: DAVID MCNAMEE<span class=\"ez-toc-section-end\"><\/span><\/h4>\n<p>El deporte es una monta\u00f1a rusa<\/p>\n<p>F\u00edsica y mentalmente ni siquiera estuve cerca de competir en la parte delantera hoy.<\/p>\n<p>Un d\u00eda duro donde terminas de dudar de tus habilidades para poder competir con los mejores.<\/p>\n<p>Sin embargo, son los d\u00edas dif\u00edciles los que hacen que los buenos se sientan a\u00fan mejor.<\/p>\n<p>El apoyo fue incre\u00edble hoy<\/p>\n<p>De vuelta a casa ma\u00f1ana para ver c\u00f3mo puedo mejorar antes de Londres<\/p>\n<h4><span class=\"ez-toc-section\" id=\"POSICION_19_BRADLEY_WEISS\"><\/span>POSICI\u00d3N 19: BRADLEY WEISS<span class=\"ez-toc-section-end\"><\/span><\/h4>\n<div class=\"youtube-embed\" data-video_id=\"z_dvSaFtDNw\"><iframe title=\"Triatl\u00f3n En Vena Podcast  | Especial TradeINN Zarauzko Triatloia con Antonio Benito\" width=\"696\" height=\"392\" src=\"https:\/\/www.youtube.com\/embed\/z_dvSaFtDNw?feature=oembed&#038;enablejsapi=1\" frameborder=\"0\" allow=\"accelerometer; autoplay; clipboard-write; encrypted-media; gyroscope; picture-in-picture; web-share\" referrerpolicy=\"strict-origin-when-cross-origin\" allowfullscreen><\/iframe><\/div>\n","protected":false},"excerpt":{"rendered":"<p>La ic\u00f3nica carrera de este finde semana en San Francisco nos dej\u00f3 una batalla descomunal y as\u00ed lo han analizado todos los protagonistas<\/p>\n","protected":false},"author":325,"featured_media":90836,"comment_status":"closed","ping_status":"open","sticky":false,"template":"","format":"standard","meta":{"_acf_changed":false,"rank_math_lock_modified_date":false,"footnotes":""},"categories":[17],"tags":[11113],"class_list":{"0":"post-90889","1":"post","2":"type-post","3":"status-publish","4":"format-standard","5":"has-post-thumbnail","7":"category-actualidad","8":"tag-t100-san-francisco"},"acf":[],"_links":{"self":[{"href":"https:\/\/miurltemporal.com/main/triatletasenred.sport.es\/wp-json\/wp\/v2\/posts\/90889"}],"collection":[{"href":"https:\/\/miurltemporal.com/main/triatletasenred.sport.es\/wp-json\/wp\/v2\/posts"}],"about":[{"href":"https:\/\/miurltemporal.com/main/triatletasenred.sport.es\/wp-json\/wp\/v2\/types\/post"}],"author":[{"embeddable":true,"href":"https:\/\/miurltemporal.com/main/triatletasenred.sport.es\/wp-json\/wp\/v2\/users\/325"}],"replies":[{"embeddable":true,"href":"https:\/\/miurltemporal.com/main/triatletasenred.sport.es\/wp-json\/wp\/v2\/comments?post=90889"}],"version-history":[{"count":3,"href":"https:\/\/miurltemporal.com/main/triatletasenred.sport.es\/wp-json\/wp\/v2\/posts\/90889\/revisions"}],"predecessor-version":[{"id":90897,"href":"https:\/\/miurltemporal.com/main/triatletasenred.sport.es\/wp-json\/wp\/v2\/posts\/90889\/revisions\/90897"}],"wp:featuredmedia":[{"embeddable":true,"href":"https:\/\/miurltemporal.com/main/triatletasenred.sport.es\/wp-json\/wp\/v2\/media\/90836"}],"wp:attachment":[{"href":"https:\/\/miurltemporal.com/main/triatletasenred.sport.es\/wp-json\/wp\/v2\/media?parent=90889"}],"wp:term":[{"taxonomy":"category","embeddable":true,"href":"https:\/\/miurltemporal.com/main/triatletasenred.sport.es\/wp-json\/wp\/v2\/categories?post=90889"},{"taxonomy":"post_tag","embeddable":true,"href":"https:\/\/miurltemporal.com/main/triatletasenred.sport.es\/wp-json\/wp\/v2\/tags?post=90889"}],"curies":[{"name":"wp","href":"https:\/\/api.w.org\/{rel}","templated":true}]}}