{"id":90871,"date":"2024-06-08T18:34:48","date_gmt":"2024-06-08T16:34:48","guid":{"rendered":"https:\/\/miurltemporal.com/main/triatletasenred.sport.es\/?p=90871"},"modified":"2024-06-09T12:45:56","modified_gmt":"2024-06-09T10:45:56","slug":"antonio-benito-y-hanne-de-vet-se-imponen-en-el-tradeinn-zarauzko-triatloia","status":"publish","type":"post","link":"https:\/\/miurltemporal.com/main/triatletasenred.sport.es\/actualidad\/antonio-benito-y-hanne-de-vet-se-imponen-en-el-tradeinn-zarauzko-triatloia\/","title":{"rendered":"Antonio Benito y Hanne de Vet se imponen en el TradeINN Zarauzko Triatloia"},"content":{"rendered":"<p>El espa\u00f1ol brilla en la carrera a pie para volver a escribir con letras brillantes su nombre y la belga lidera de principio a fin.<\/p>\n<p><a href=\"https:\/\/bit.ly\/3PM9oHm\" rel=\"nofollow noopener\" target=\"_blank\"><img fetchpriority=\"high\" decoding=\"async\" class=\"alignnone size-full wp-image-89553\" src=\"https:\/\/miurltemporal.com/main/triatletasenred.sport.es\/wp-content\/uploads\/INVERSE-CICLISMO-VERANO-TRIATLETAS-EN-RED-002.jpg\" alt=\"\" width=\"700\" height=\"150\" srcset=\"https:\/\/miurltemporal.com/main/triatletasenred.sport.es\/wp-content\/uploads\/INVERSE-CICLISMO-VERANO-TRIATLETAS-EN-RED-002.jpg 700w, https:\/\/miurltemporal.com/main/triatletasenred.sport.es\/wp-content\/uploads\/INVERSE-CICLISMO-VERANO-TRIATLETAS-EN-RED-002-300x64.jpg 300w, https:\/\/miurltemporal.com/main/triatletasenred.sport.es\/wp-content\/uploads\/INVERSE-CICLISMO-VERANO-TRIATLETAS-EN-RED-002-696x150.jpg 696w\" sizes=\"(max-width: 700px) 100vw, 700px\" \/><\/a><\/p>\n<div id=\"ez-toc-container\" class=\"ez-toc-v2_0_69_1 counter-hierarchy ez-toc-counter ez-toc-grey ez-toc-container-direction\">\n<div class=\"ez-toc-title-container\">\n<p class=\"ez-toc-title\" style=\"cursor:inherit\">Table of Contents<\/p>\n<span class=\"ez-toc-title-toggle\"><a href=\"#\" class=\"ez-toc-pull-right ez-toc-btn ez-toc-btn-xs ez-toc-btn-default ez-toc-toggle\" aria-label=\"Toggle Table of Content\"><span class=\"ez-toc-js-icon-con\"><span class=\"\"><span class=\"eztoc-hide\" style=\"display:none;\">Toggle<\/span><span class=\"ez-toc-icon-toggle-span\"><svg style=\"fill: #999;color:#999\" xmlns=\"http:\/\/www.w3.org\/2000\/svg\" class=\"list-377408\" width=\"20px\" height=\"20px\" viewBox=\"0 0 24 24\" fill=\"none\"><path d=\"M6 6H4v2h2V6zm14 0H8v2h12V6zM4 11h2v2H4v-2zm16 0H8v2h12v-2zM4 16h2v2H4v-2zm16 0H8v2h12v-2z\" fill=\"currentColor\"><\/path><\/svg><svg style=\"fill: #999;color:#999\" class=\"arrow-unsorted-368013\" xmlns=\"http:\/\/www.w3.org\/2000\/svg\" width=\"10px\" height=\"10px\" viewBox=\"0 0 24 24\" version=\"1.2\" baseProfile=\"tiny\"><path d=\"M18.2 9.3l-6.2-6.3-6.2 6.3c-.2.2-.3.4-.3.7s.1.5.3.7c.2.2.4.3.7.3h11c.3 0 .5-.1.7-.3.2-.2.3-.5.3-.7s-.1-.5-.3-.7zM5.8 14.7l6.2 6.3 6.2-6.3c.2-.2.3-.5.3-.7s-.1-.5-.3-.7c-.2-.2-.4-.3-.7-.3h-11c-.3 0-.5.1-.7.3-.2.2-.3.5-.3.7s.1.5.3.7z\"\/><\/svg><\/span><\/span><\/span><\/a><\/span><\/div>\n<nav><ul class='ez-toc-list ez-toc-list-level-1 ' ><li class='ez-toc-page-1 ez-toc-heading-level-4'><a class=\"ez-toc-link ez-toc-heading-1\" href=\"https:\/\/miurltemporal.com/main/triatletasenred.sport.es\/actualidad\/antonio-benito-y-hanne-de-vet-se-imponen-en-el-tradeinn-zarauzko-triatloia\/#LA_NATACION_SELECCIONO_A_LAS_MUJERES_Y_AGRUPO_A_LOS_HOMBRES\" title=\"LA NATACI\u00d3N SELECCION\u00d3 A LAS MUJERES Y AGRUP\u00d3 A LOS HOMBRES\">LA NATACI\u00d3N SELECCION\u00d3 A LAS MUJERES Y AGRUP\u00d3 A LOS HOMBRES<\/a><\/li><li class='ez-toc-page-1 ez-toc-heading-level-4'><a class=\"ez-toc-link ez-toc-heading-2\" href=\"https:\/\/miurltemporal.com/main/triatletasenred.sport.es\/actualidad\/antonio-benito-y-hanne-de-vet-se-imponen-en-el-tradeinn-zarauzko-triatloia\/#OLIVER_MARCA_EL_RITMO_Y_DE_VET_HACE_CAMINO\" title=\"OLIVER MARCA EL RITMO Y DE VET HACE CAMINO\">OLIVER MARCA EL RITMO Y DE VET HACE CAMINO<\/a><ul class='ez-toc-list-level-5' ><li class='ez-toc-heading-level-5'><a class=\"ez-toc-link ez-toc-heading-3\" href=\"https:\/\/miurltemporal.com/main/triatletasenred.sport.es\/actualidad\/antonio-benito-y-hanne-de-vet-se-imponen-en-el-tradeinn-zarauzko-triatloia\/#DE_VET_RESISTE_AL_MURO_DE_SAN_BLAS\" title=\"DE VET RESISTE AL MURO DE SAN BLAS\">DE VET RESISTE AL MURO DE SAN BLAS<\/a><\/li><\/ul><\/li><li class='ez-toc-page-1 ez-toc-heading-level-4'><a class=\"ez-toc-link ez-toc-heading-4\" href=\"https:\/\/miurltemporal.com/main/triatletasenred.sport.es\/actualidad\/antonio-benito-y-hanne-de-vet-se-imponen-en-el-tradeinn-zarauzko-triatloia\/#RECORD_DEL_BICAMPEON_Y_ESTRENO_DE_HANNE_DE_VET\" title=\"R\u00c9CORD DEL BICAMPE\u00d3N Y ESTRENO DE HANNE DE VET\">R\u00c9CORD DEL BICAMPE\u00d3N Y ESTRENO DE HANNE DE VET<\/a><ul class='ez-toc-list-level-5' ><li class='ez-toc-heading-level-5'><a class=\"ez-toc-link ez-toc-heading-5\" href=\"https:\/\/miurltemporal.com/main/triatletasenred.sport.es\/actualidad\/antonio-benito-y-hanne-de-vet-se-imponen-en-el-tradeinn-zarauzko-triatloia\/#EL_PASO_DE_BENITO_PARA_EL_PREMIO_DOBLE\" title=\"EL PASO DE BENITO PARA EL PREMIO DOBLE\">EL PASO DE BENITO PARA EL PREMIO DOBLE<\/a><\/li><li class='ez-toc-page-1 ez-toc-heading-level-5'><a class=\"ez-toc-link ez-toc-heading-6\" href=\"https:\/\/miurltemporal.com/main/triatletasenred.sport.es\/actualidad\/antonio-benito-y-hanne-de-vet-se-imponen-en-el-tradeinn-zarauzko-triatloia\/#UNA_DE_VET_INALCANZABLE\" title=\"UNA DE VET INALCANZABLE\">UNA DE VET INALCANZABLE<\/a><\/li><\/ul><\/li><\/ul><\/nav><\/div>\n\n<p>Otro a\u00f1o m\u00e1s, Zarautz y sus alrededores se ha convertido en una aut\u00e9ntica fiesta del triatl\u00f3n en la que los 760 participantes de \u00e9lite y populares se enfrentaban a los 2\u20199 kil\u00f3metros de la traves\u00eda entre Getaria y Zarautz, el muro de San Blas y la subida a Meagas protagonizaban los 80 kil\u00f3metros en bicicleta y a una carrera a pie de 20 kil\u00f3metros.<\/p>\n<h4><span class=\"ez-toc-section\" id=\"LA_NATACION_SELECCIONO_A_LAS_MUJERES_Y_AGRUPO_A_LOS_HOMBRES\"><\/span>LA NATACI\u00d3N SELECCION\u00d3 A LAS MUJERES Y AGRUP\u00d3 A LOS HOMBRES<span class=\"ez-toc-section-end\"><\/span><\/h4>\n<hr \/>\n<p>Una fuerte corriente, buena temperatura y un cielo encapotado recib\u00eda a una categor\u00eda femenina que abr\u00eda fuego en la competici\u00f3n. <strong>La belga Hanne de Vet, la brit\u00e1nica Stephanie Laura Clutterbuck, Helene Alberdi y Ainhoa Murua romp\u00edan la carrera<\/strong> antes del ecuador del primer segmento y posteriormente, <strong>De Vet abr\u00eda hueco en solitario<\/strong> para alcanzar la T1 con un margen escaso sobre Laura Clutterbuck y de m\u00e1s de medio minuto de ventaja sobre Alberdi. Momentos despu\u00e9s, sal\u00edan del agua el primer quinteto masculino encabezado por <strong>Antonio Benito al que le segu\u00eda Guillem Rojas, Carlos Oliver, Luis Miguel Vel\u00e1squez y Emilio Aguayo<\/strong>. M\u00e1s retrasado navegaba <strong>Fernando Zorrilla<\/strong>.<\/p>\n<h4><span class=\"ez-toc-section\" id=\"OLIVER_MARCA_EL_RITMO_Y_DE_VET_HACE_CAMINO\"><\/span>OLIVER MARCA EL RITMO Y DE VET HACE CAMINO<span class=\"ez-toc-section-end\"><\/span><\/h4>\n<hr \/>\n<p>Nada m\u00e1s salir del agua, la lluvia hizo acto de presencia y la bicicleta se tornaba m\u00e1s peligrosa con el piso mojado. Prueba de ello ha sido las diversas ca\u00eddas que ten\u00edan lugar en los primeros kil\u00f3metros, entre ellas las de un <strong>Emilio Aguayo que arriesgaba buscando\u00a0 el liderato y acababa en el suelo en la entrada a Zumaia<\/strong>. Afortunadamente, el valenciano se pon\u00eda en pie y se reincorporaba a competici\u00f3n a la altura de un <strong>Carlos Oliver<\/strong> que marchaba en tercera posici\u00f3n.<\/p>\n<p>De la mano, sobrepasaron a Benito y fueron juntos hasta <strong>el Muro de San Blas donde Oliver como probado ciclista aprovech\u00f3 el momento<\/strong>. Ah\u00ed, solt\u00f3 a Aguayo hasta granjearse <strong>una ventaja de minuto y medio<\/strong>. Por detr\u00e1s, <strong>Benito, Zorrila, Rojas trataban de recortar tiempo<\/strong>. Al final, <strong>Oliver llegaba a la T2 con una ventaja de 1\u201925\u201d sobre Antonio Benito y de 3\u201941\u201d sobre Zorrilla y Julen Lopetegui<\/strong>. El <strong>TOP5<\/strong> lo cerraba <strong>Rojas a 4\u201924\u201d<\/strong>.<\/p>\n<h5><span class=\"ez-toc-section\" id=\"DE_VET_RESISTE_AL_MURO_DE_SAN_BLAS\"><\/span>DE VET RESISTE AL MURO DE SAN BLAS<span class=\"ez-toc-section-end\"><\/span><\/h5>\n<p>En la \u00e9lite femenina, el cambio de disciplina no alteraba las cosas y kil\u00f3metro a kil\u00f3metro <strong>De Vet aumentaba su distancia respecto a Clutterbuck hasta estabilizarla antes del Muro de San Blas en 1\u201940\u201d<\/strong>. A tres minutos y a la caza de ambas rodaba en ese punto el d\u00fao de Alberdi y Murua, mientras que Aguayo lo hac\u00eda a cuatro y medio y la alemana Svenja Thoes a seis.<\/p>\n<p>Llegado el momento, el infierno de San Blas volv\u00eda a regalar una imagen que ya se est\u00e1 convirtiendo en habitual, cuando <strong>De Vet echaba pie a tierra y trataba de avanzar empujando su bicicleta.<\/strong> Una decisi\u00f3n que inicialmente no le hac\u00eda perder tiempo, sino todo lo contrario y rascaba otros diez segundos sobre la brit\u00e1nica. Pero en los \u00faltimos diez kil\u00f3metros, <strong>Laura Clutterbuck com\u00eda terreno a la del Benelux y solo cuarenta y tres segundos las separaba en la T2<\/strong>. A m\u00e1s de seis aparec\u00eda <strong>Alberdi que gozaba de m\u00e1s de un minuto de renta con Murua y Corach\u00e1n<\/strong>, el <strong>TOP5<\/strong> femenino.<\/p>\n<h4><span class=\"ez-toc-section\" id=\"RECORD_DEL_BICAMPEON_Y_ESTRENO_DE_HANNE_DE_VET\"><\/span>R\u00c9CORD DEL BICAMPE\u00d3N Y ESTRENO DE HANNE DE VET<span class=\"ez-toc-section-end\"><\/span><\/h4>\n<hr \/>\n<p>En ese contexto,<strong> la carrera a pie iba a ser decisiva puesto que la victoria tanto masculina como femenina quedaba en el aire<\/strong> y Benito y Clutterbuck la arrancaban recortando tiempo a los l\u00edderes. El tercer puesto tampoco parec\u00eda tener due\u00f1o ni due\u00f1a clara en ese punto y la batalla parec\u00eda garantizada.<\/p>\n<h5><span class=\"ez-toc-section\" id=\"EL_PASO_DE_BENITO_PARA_EL_PREMIO_DOBLE\"><\/span>EL PASO DE BENITO PARA EL PREMIO DOBLE<span class=\"ez-toc-section-end\"><\/span><\/h5>\n<p><strong>Benito<\/strong> cumpli\u00f3 con su papel como favorito cuando <strong>poco despu\u00e9s del d\u00e9cimo kil\u00f3metro y a la altura del Malec\u00f3n daba caza a Oliver<\/strong>, quien inicialmente no se daba por vencido y manten\u00eda justo detr\u00e1s. Sin embargo, el ritmo del desde hoy ya doble vencedor de la prueba era demasiado r\u00e1pido y Oliver ten\u00eda que ceder la cuchara. Benito ten\u00eda ante si unos ocho kil\u00f3metros para incrementar su ventaja y finalmente disfrutar del ambiente de las calles de la ciudad guipuzcoana ante de certificar su \u00e9xito en la plaza de Zarautz. No solo eso, <strong>con su 3:49:37 el ciudadreale\u00f1o bat\u00eda el r\u00e9cord de la carrera que \u00e9l mismo ten\u00edadesde 2022 (3:56:44)<\/strong>. <strong>Carlos Oliver<\/strong> se alzaba con la <strong>segunda plaza<\/strong> y <strong>Fernando Zorrilla con la tercera<\/strong> para completar el podio masculino.<\/p>\n<h5><span class=\"ez-toc-section\" id=\"UNA_DE_VET_INALCANZABLE\"><\/span>UNA DE VET INALCANZABLE<span class=\"ez-toc-section-end\"><\/span><\/h5>\n<p>En categor\u00eda femenina <strong>lo intent\u00f3 Clutterbuck que en los primeros compases se acerc\u00f3 a De Vet<\/strong>, pero aquello fue m\u00e1s un espejismo que una amenaza real y <strong>con el transcurso de los kil\u00f3metros el crono cada vez m\u00e1s espaciado<\/strong> daba muestra de ello. <strong>Victoria para la belga que se estrena en Zarautz, segunda posici\u00f3n para la brit\u00e1nica y tercera para una Helene Alberdi<\/strong> que durante los 20 kil\u00f3metros supo mantener su caj\u00f3n en el podio. Digna de menci\u00f3n, la leyenda local y de la prueba <strong>Ainhoa Murua<\/strong> que ha acabado <strong>quinta justo detr\u00e1s de Judith Corach\u00e1n<\/strong>.<\/p>\n<p><iframe title=\"FORM SMART SWIM 2 | Analizamos las gafas INTELIGENTES de nataci\u00f3n\" width=\"696\" height=\"392\" src=\"https:\/\/www.youtube.com\/embed\/vJKVKGRohAE?feature=oembed\" frameborder=\"0\" allow=\"accelerometer; autoplay; clipboard-write; encrypted-media; gyroscope; picture-in-picture; web-share\" referrerpolicy=\"strict-origin-when-cross-origin\" allowfullscreen><\/iframe><\/p>\n","protected":false},"excerpt":{"rendered":"<p>Antonio Benito y Hanne De Vet protagonizan un TradeINN Zarauzko Triatloia de r\u00e9cord.<\/p>\n","protected":false},"author":351,"featured_media":90877,"comment_status":"closed","ping_status":"open","sticky":false,"template":"","format":"standard","meta":{"_acf_changed":false,"rank_math_lock_modified_date":false,"footnotes":""},"categories":[17,19,10639],"tags":[3812,10969],"class_list":{"0":"post-90871","1":"post","2":"type-post","3":"status-publish","4":"format-standard","5":"has-post-thumbnail","7":"category-actualidad","8":"category-competiciones","9":"category-portada","10":"tag-antonio-benito","11":"tag-tradeinn-zarauzko-triatloia"},"acf":[],"_links":{"self":[{"href":"https:\/\/miurltemporal.com/main/triatletasenred.sport.es\/wp-json\/wp\/v2\/posts\/90871"}],"collection":[{"href":"https:\/\/miurltemporal.com/main/triatletasenred.sport.es\/wp-json\/wp\/v2\/posts"}],"about":[{"href":"https:\/\/miurltemporal.com/main/triatletasenred.sport.es\/wp-json\/wp\/v2\/types\/post"}],"author":[{"embeddable":true,"href":"https:\/\/miurltemporal.com/main/triatletasenred.sport.es\/wp-json\/wp\/v2\/users\/351"}],"replies":[{"embeddable":true,"href":"https:\/\/miurltemporal.com/main/triatletasenred.sport.es\/wp-json\/wp\/v2\/comments?post=90871"}],"version-history":[{"count":3,"href":"https:\/\/miurltemporal.com/main/triatletasenred.sport.es\/wp-json\/wp\/v2\/posts\/90871\/revisions"}],"predecessor-version":[{"id":90885,"href":"https:\/\/miurltemporal.com/main/triatletasenred.sport.es\/wp-json\/wp\/v2\/posts\/90871\/revisions\/90885"}],"wp:featuredmedia":[{"embeddable":true,"href":"https:\/\/miurltemporal.com/main/triatletasenred.sport.es\/wp-json\/wp\/v2\/media\/90877"}],"wp:attachment":[{"href":"https:\/\/miurltemporal.com/main/triatletasenred.sport.es\/wp-json\/wp\/v2\/media?parent=90871"}],"wp:term":[{"taxonomy":"category","embeddable":true,"href":"https:\/\/miurltemporal.com/main/triatletasenred.sport.es\/wp-json\/wp\/v2\/categories?post=90871"},{"taxonomy":"post_tag","embeddable":true,"href":"https:\/\/miurltemporal.com/main/triatletasenred.sport.es\/wp-json\/wp\/v2\/tags?post=90871"}],"curies":[{"name":"wp","href":"https:\/\/api.w.org\/{rel}","templated":true}]}}