{"id":90853,"date":"2024-06-06T20:08:03","date_gmt":"2024-06-06T18:08:03","guid":{"rendered":"https:\/\/miurltemporal.com/main/triatletasenred.sport.es\/?p=90853"},"modified":"2024-06-06T20:08:03","modified_gmt":"2024-06-06T18:08:03","slug":"estados-unidos-sorprende-en-su-convocatoria-para-paris-2024","status":"publish","type":"post","link":"https:\/\/miurltemporal.com/main/triatletasenred.sport.es\/actualidad\/estados-unidos-sorprende-en-su-convocatoria-para-paris-2024\/","title":{"rendered":"Estados Unidos sorprende en su convocatoria para Par\u00eds 2024"},"content":{"rendered":"<p>Dos de sus figuras m\u00e1s emblem\u00e1ticas y el mejor en el ranking se quedan fuera de los Juegos Ol\u00edmpicos.<\/p>\n<p><a href=\"https:\/\/tidd.ly\/4aibOFa\" rel=\"nofollow noopener\" target=\"_blank\"><img fetchpriority=\"high\" decoding=\"async\" class=\"alignnone size-full wp-image-90327\" src=\"https:\/\/miurltemporal.com/main/triatletasenred.sport.es\/wp-content\/uploads\/BannerHoka700x100px_SkywardX.jpg\" alt=\"\" width=\"700\" height=\"100\" srcset=\"https:\/\/miurltemporal.com/main/triatletasenred.sport.es\/wp-content\/uploads\/BannerHoka700x100px_SkywardX.jpg 700w, https:\/\/miurltemporal.com/main/triatletasenred.sport.es\/wp-content\/uploads\/BannerHoka700x100px_SkywardX-300x43.jpg 300w, https:\/\/miurltemporal.com/main/triatletasenred.sport.es\/wp-content\/uploads\/BannerHoka700x100px_SkywardX-696x100.jpg 696w\" sizes=\"(max-width: 700px) 100vw, 700px\" \/><\/a><\/p>\n<p>Se viven d\u00edas clave en el mundo del triatl\u00f3n ol\u00edmpico y en la madrugada del jueves 6 de junio la USAT ha sido una de las \u00faltimas en deshojar la margarita ol\u00edmpica. Con Morgan Pearson y Taylor Knibb autom\u00e1ticamente clasificados tras su victoria y segundo lugar en las Series Mundiales de Yokohama, tres eran las plazas que quedaban por repartir.<\/p>\n<h4>RIDER DA LA CAMPANADA<\/h4>\n<hr \/>\n<p>Ha sido en el apartado masculino donde ha saltado la mayor de las sorpresas. <strong>Seth Rider ha sido el elegido por encima de un Matthew McElroy<\/strong> <strong>que era el mejor posicionado en el ranking ol\u00edmpico y cuya trayectoria superaba a los registros de su compa\u00f1ero<\/strong>. De hecho, la decimotercera posici\u00f3n en Yokohama, la decimonovena en Cagliari y el noveno en la Copa del Mundo de Hong Kong versus la vig\u00e9simo sexta, la vig\u00e9sima y la vig\u00e9simo cuarta de Ryder en esas mismas pruebas hac\u00eda presagiar un desenlace diferente al que ha tenido lugar. Adem\u00e1s, <strong>el relevo tampoco parec\u00eda decantar la balanza hacia una de las partes<\/strong>. Tanto Ryder como McElroy han participado activamente en ellos. De hecho, <strong>ambos formaron la dupla masculina en el Campeonato del Mundo de Hamburgo<\/strong> en el que finalizaron cuartos.<\/p>\n<p>Una vez m\u00e1s, se demuestra que los rankings no lo son todo y que la direcci\u00f3n deportiva pondera otros elementos.<\/p>\n<h5>EL FACTOR PEARSON<\/h5>\n<p>Sin duda, el inesperado triunfo de <strong>Morgan Pearson<\/strong> en la ciudad nipona condiciona esta elecci\u00f3n. Un Pearson que ha sabido dar el nivel exigido en el momento m\u00e1s oportuno siendo el m\u00e1s listo de la clase. <strong>No solo ha sido el \u00fanico en cumplir con los criterios de selecci\u00f3n, sino que retrospectivamente, en el Test Event acab\u00f3 sexto \u2013 siendo el mejor estadounidense<\/strong>. Adem\u00e1s, goza de la experiencia de la que los otros dos carecen y <strong>ya sabe lo que es colgarse una medalla en los Juegos Ol\u00edmpicos<\/strong> tras ser uno de los relevistas que llevaron a Estados Unidos al subcampeonato en Tokio.<\/p>\n<h4>ADI\u00d3S A SUS MEDALLISTAS FEMENINAS<\/h4>\n<hr \/>\n<p>Una medalla de plata que tambi\u00e9n tienen en su poder T<strong>aylor Knibb Y Katie Zaferes<\/strong>. La <strong>cara y la cruz para Par\u00eds<\/strong>. Mientras que la primera va a hacer <strong>historia al competir tanto en triatl\u00f3n como en la contrarreloj individual de ciclismo<\/strong>, la segunda ser\u00e1 <strong>una de las reservas del equipo estadounidense junto a la otrora campeona ol\u00edmpica Gwen Jorgensen<\/strong>. Con su ausencia, Estados Unidos se despide de sus \u00faltimas dos medallistas individuales.<\/p>\n<p><strong>Taylor Spivey y Kirsten Kasper<\/strong> cubrir\u00e1n su lugar. A<strong> Spivey (33 a\u00f1os) se le abren las puertas de unos Juegos Ol\u00edmpicos que se le cerraron en Tokio a pesar de ser en aquel momento la tercera en el ranking mundial y la cuarta en el ranking ol\u00edmpico<\/strong>. Ahora, lo har\u00e1 como la mejor clasificada de su pa\u00eds. A su lado, una <strong>Kasper que cierra el TOP3 estadounidense<\/strong> y que tambi\u00e9n debutar\u00e1 en Par\u00eds. Un reconocimiento que llega despu\u00e9s de unos \u00faltimos meses donde ha sido <strong>podio en Hong Kong<\/strong> y brill\u00f3 en <strong>Yokohama con un TOP5<\/strong>.<\/p>\n<h4>ACEPTACI\u00d3N Y BUENOS DESEOS<\/h4>\n<hr \/>\n<p>Como cab\u00eda esperar, <strong>McElroy, Jorgensen, Zaferes y Rappapport no han tardado en reaccionar en sus redes sociales<\/strong>. Unas respuestas en las que han mostrado <a href=\"https:\/\/miurltemporal.com/main/triatletasenred.sport.es\/actualidad\/vincent-luis-reacciona-sin-discrecion-a-su-descarte-a-paris-2024\/\"><strong>un talante muy diferente al que apenas unas horas antes ense\u00f1\u00f3 Vincent Luis<\/strong><\/a>.<\/p>\n<p>Un conciso \u201c<strong><em>never give up<\/em><\/strong>\u201d (nunca te rindas) ha sido la respuesta de <strong>McElroy<\/strong>. En el caso de las mujeres, <strong>Rappapport<\/strong> ha contestado con \u201c<strong><em>No puedo esperar para animar a usatriathlon en Par\u00eds. \u00a1Qu\u00e9 equipo estelar!<\/em><\/strong>\u201d En esa misma t\u00f3nica se ha alineado <strong>Jorgensen<\/strong> \u201c<strong><em>Felicidades al equipo ol\u00edmpico de triatl\u00f3n de los EEUU. \u00a1Os estar\u00e9 animando!<\/em><\/strong>\u201d. \u00a0M\u00e1s dura ha sido consigo misma <strong>Zaferes<\/strong>, que dentro de una profunda reflexi\u00f3n en la que se preguntaba a si misma si hab\u00eda hecho lo suficiente, se auto respond\u00eda con un contundente \u201c<strong><em>La dura verdad es que no<\/em><\/strong>\u201d. Una fustigaci\u00f3n personal en un duro momento que no la ha hecho perder su compa\u00f1erismo para con sus colegas a los que les ha dedicado las siguientes palabras. \u201c<strong><em>Estoy orgullosa del equipo que nos representar\u00e1. Os estar\u00e9 apoyando desde el banquillo<\/em><\/strong>\u201d.<\/p>\n<p>Una situaci\u00f3n como reserva a la que alud\u00eda Jorgensen \u201c<strong><em>La USAT nos ha seleccionado a Zaferes y a mi como suplentes. No estoy segura c\u00f3mo puedes tener dos. Aparentemente, no tenemos un orden definido y la realidad es que espero que la USAT no tenga que echar mano de ninguna de nosotras. El Team USA dar\u00e1 lo mejor de si mismo y estoy deseando animaros<\/em><\/strong>\u201d.<\/p>\n<p><iframe title=\"Nadar M\u00e1s R\u00e1pido SIN Cansarse \u00bfEs posible? \ud83e\udd14\" width=\"696\" height=\"392\" src=\"https:\/\/www.youtube.com\/embed\/sJX9qix2EAg?feature=oembed\" frameborder=\"0\" allow=\"accelerometer; autoplay; clipboard-write; encrypted-media; gyroscope; picture-in-picture; web-share\" referrerpolicy=\"strict-origin-when-cross-origin\" allowfullscreen><\/iframe><\/p>\n","protected":false},"excerpt":{"rendered":"<p>Estados Unidos da a conocer su lista para Par\u00eds donde dos de sus figuras m\u00e1s emblem\u00e1ticas y el mejor en el ranking se quedan fuera de los Juegos Ol\u00edmpicos.<\/p>\n","protected":false},"author":351,"featured_media":90855,"comment_status":"closed","ping_status":"open","sticky":false,"template":"","format":"standard","meta":{"_acf_changed":false,"rank_math_lock_modified_date":false,"footnotes":""},"categories":[17],"tags":[5957,2486,8219],"class_list":{"0":"post-90853","1":"post","2":"type-post","3":"status-publish","4":"format-standard","5":"has-post-thumbnail","7":"category-actualidad","8":"tag-estados-unidos","9":"tag-juegos-olimpicos","10":"tag-paris-2024"},"acf":[],"_links":{"self":[{"href":"https:\/\/miurltemporal.com/main/triatletasenred.sport.es\/wp-json\/wp\/v2\/posts\/90853"}],"collection":[{"href":"https:\/\/miurltemporal.com/main/triatletasenred.sport.es\/wp-json\/wp\/v2\/posts"}],"about":[{"href":"https:\/\/miurltemporal.com/main/triatletasenred.sport.es\/wp-json\/wp\/v2\/types\/post"}],"author":[{"embeddable":true,"href":"https:\/\/miurltemporal.com/main/triatletasenred.sport.es\/wp-json\/wp\/v2\/users\/351"}],"replies":[{"embeddable":true,"href":"https:\/\/miurltemporal.com/main/triatletasenred.sport.es\/wp-json\/wp\/v2\/comments?post=90853"}],"version-history":[{"count":1,"href":"https:\/\/miurltemporal.com/main/triatletasenred.sport.es\/wp-json\/wp\/v2\/posts\/90853\/revisions"}],"predecessor-version":[{"id":90856,"href":"https:\/\/miurltemporal.com/main/triatletasenred.sport.es\/wp-json\/wp\/v2\/posts\/90853\/revisions\/90856"}],"wp:featuredmedia":[{"embeddable":true,"href":"https:\/\/miurltemporal.com/main/triatletasenred.sport.es\/wp-json\/wp\/v2\/media\/90855"}],"wp:attachment":[{"href":"https:\/\/miurltemporal.com/main/triatletasenred.sport.es\/wp-json\/wp\/v2\/media?parent=90853"}],"wp:term":[{"taxonomy":"category","embeddable":true,"href":"https:\/\/miurltemporal.com/main/triatletasenred.sport.es\/wp-json\/wp\/v2\/categories?post=90853"},{"taxonomy":"post_tag","embeddable":true,"href":"https:\/\/miurltemporal.com/main/triatletasenred.sport.es\/wp-json\/wp\/v2\/tags?post=90853"}],"curies":[{"name":"wp","href":"https:\/\/api.w.org\/{rel}","templated":true}]}}