{"id":90493,"date":"2024-05-17T11:43:20","date_gmt":"2024-05-17T09:43:20","guid":{"rendered":"https:\/\/miurltemporal.com/main/triatletasenred.sport.es\/?p=90493"},"modified":"2024-05-17T11:46:47","modified_gmt":"2024-05-17T09:46:47","slug":"arranquemtrialicante2024","status":"publish","type":"post","link":"https:\/\/miurltemporal.com/main/triatletasenred.sport.es\/actualidad\/arranquemtrialicante2024\/","title":{"rendered":"MTRI Alicante 2024 arranca este fin de semana la Temporada"},"content":{"rendered":"<h3>Este fin de semana, 1.000 triatletas tomar\u00e1n las calles de Alicante para competir en las distancias supersprint, sprint y ol\u00edmpico, marcando el inicio del circuito Mediterr\u00e1nea Triatl\u00f3n.<\/h3>\n<p><a href=\"http:\/\/www.zone3.es\" rel=\"nofollow noopener\" target=\"_blank\"><img fetchpriority=\"high\" decoding=\"async\" class=\"aligncenter size-full wp-image-83185\" src=\"https:\/\/miurltemporal.com/main/triatletasenred.sport.es\/wp-content\/uploads\/banner-zone3_ter.jpg\" alt=\"\" width=\"2188\" height=\"469\" srcset=\"https:\/\/miurltemporal.com/main/triatletasenred.sport.es\/wp-content\/uploads\/banner-zone3_ter.jpg 2188w, https:\/\/miurltemporal.com/main/triatletasenred.sport.es\/wp-content\/uploads\/banner-zone3_ter-700x150.jpg 700w, https:\/\/miurltemporal.com/main/triatletasenred.sport.es\/wp-content\/uploads\/banner-zone3_ter-300x64.jpg 300w, https:\/\/miurltemporal.com/main/triatletasenred.sport.es\/wp-content\/uploads\/banner-zone3_ter-1024x219.jpg 1024w, https:\/\/miurltemporal.com/main/triatletasenred.sport.es\/wp-content\/uploads\/banner-zone3_ter-768x165.jpg 768w, https:\/\/miurltemporal.com/main/triatletasenred.sport.es\/wp-content\/uploads\/banner-zone3_ter-1536x329.jpg 1536w, https:\/\/miurltemporal.com/main/triatletasenred.sport.es\/wp-content\/uploads\/banner-zone3_ter-2048x439.jpg 2048w, https:\/\/miurltemporal.com/main/triatletasenred.sport.es\/wp-content\/uploads\/banner-zone3_ter-696x149.jpg 696w, https:\/\/miurltemporal.com/main/triatletasenred.sport.es\/wp-content\/uploads\/banner-zone3_ter-1068x229.jpg 1068w, https:\/\/miurltemporal.com/main/triatletasenred.sport.es\/wp-content\/uploads\/banner-zone3_ter-1920x412.jpg 1920w, https:\/\/miurltemporal.com/main/triatletasenred.sport.es\/wp-content\/uploads\/banner-zone3_ter-1959x420.jpg 1959w, https:\/\/miurltemporal.com/main/triatletasenred.sport.es\/wp-content\/uploads\/banner-zone3_ter-1320x283.jpg 1320w\" sizes=\"(max-width: 2188px) 100vw, 2188px\" \/><\/a><\/p>\n<div class=\"flex flex-grow flex-col max-w-full\">\n<div class=\"min-h-[20px] text-message flex flex-col items-start whitespace-pre-wrap break-words [.text-message+&amp;]:mt-5 juice:w-full juice:items-end overflow-x-auto gap-2\" dir=\"auto\" data-message-author-role=\"assistant\" data-message-id=\"85fe7f93-a869-4c19-9c29-c989f9e29222\">\n<div class=\"flex w-full flex-col gap-1 juice:empty:hidden juice:first:pt-[3px]\">\n<div class=\"markdown prose w-full break-words dark:prose-invert dark\">\n<p>Este viernes a las 17 h, la Plaza del Ayuntamiento de Alicante se llenar\u00e1 de energ\u00eda con el inicio del MTRI Alicante, el evento que abre la temporada del triatl\u00f3n en la Comunitat Valenciana. Este a\u00f1o, la competici\u00f3n promete ser m\u00e1s intensa que nunca, con 985 participantes listos para sumergirse en las aguas de la Playa del Postiguet y enfrentarse a los desaf\u00edos que propone el renovado circuito.<\/p>\n<p>El coraz\u00f3n de la actividad ser\u00e1 la Plaza del Ayuntamiento, donde los triatletas recoger\u00e1n sus dorsales y participar\u00e1n en el briefing presencial. La zona, adem\u00e1s de acoger la expo, la meta y el \u00e1rea postmeta, se convertir\u00e1 en un punto de encuentro para atletas, aficionados y familias. El viernes tambi\u00e9n marcar\u00e1 el inicio de la entrega de dorsales, extendi\u00e9ndose hasta las 20 h, preparando a todos para un fin de semana de pura competici\u00f3n triatl\u00e9tica.<\/p>\n<h4><strong>La Competici\u00f3n<\/strong><\/h4>\n<p>El s\u00e1bado, las pruebas de supersprint y sprint dar\u00e1n inicio a partir de las 9 h, mientras que el domingo ser\u00e1 el turno de la distancia ol\u00edmpica, que comenzar\u00e1 a las 8:15 h. Este a\u00f1o, la participaci\u00f3n se divide con 600 triatletas enfrent\u00e1ndose a las distancias m\u00e1s cortas el s\u00e1bado, y 400 desafiando el triatl\u00f3n ol\u00edmpico el domingo, incluyendo una novedosa modalidad en pareja que a\u00f1ade un elemento de estrategia y compa\u00f1erismo a la prueba.<\/p>\n<h4><strong>Impacto en la Ciudad<\/strong><\/h4>\n<p>El evento no solo llevar\u00e1 la emoci\u00f3n del triatl\u00f3n a las calles de Alicante, sino que tambi\u00e9n implicar\u00e1 importantes modificaciones log\u00edsticas durante el fin de semana. Se prev\u00e9n cortes de tr\u00e1fico significativos en \u00e1reas clave para facilitar el desarrollo seguro de las pruebas, afectando varias calles principales y el servicio de TRAM, especialmente entre Porta del Mar y Sangueta.<\/p>\n<h4><strong>Participaci\u00f3n Femenina en Auge<\/strong><\/h4>\n<p>Una vez m\u00e1s, el formato de MTRI ha logrado atraer una notable participaci\u00f3n femenina, con 267 mujeres inscritas, muchas de las cuales competir\u00e1n en las distancias supersprint y sprint. Esto no solo demuestra el crecimiento del evento, sino tambi\u00e9n el fortalecimiento de la comunidad femenina dentro del deporte, una tendencia que el MTRI espera seguir fomentando.<\/p>\n<p>El MTRI Alicante no es solo una prueba, es una celebraci\u00f3n del triatl\u00f3n y de la comunidad que lo rodea. Con su combinaci\u00f3n de competici\u00f3n intensa y actividades paralelas, este evento promete ser un punto de referencia para atletas y espectadores, consolid\u00e1ndose como una cita imperdible en el calendario deportivo de la regi\u00f3n.<\/p>\n<div class=\"youtube-embed\" data-video_id=\"EtemZqac0kg\"><iframe title=\"Mejora tu ORIENTACI\u00d3N en Aguas Abiertas \ud83c\udf0a Con Sara P\u00e9rez y Antonio Benito \ud83d\udcaa\" width=\"696\" height=\"392\" src=\"https:\/\/www.youtube.com\/embed\/EtemZqac0kg?start=3&#038;feature=oembed\" frameborder=\"0\" allow=\"accelerometer; autoplay; clipboard-write; encrypted-media; gyroscope; picture-in-picture; web-share\" referrerpolicy=\"strict-origin-when-cross-origin\" allowfullscreen><\/iframe><\/div>\n<\/div>\n<\/div>\n<\/div>\n<\/div>\n","protected":false},"excerpt":{"rendered":"<p>Este fin de semana, 1.000 triatletas tomar\u00e1n las calles de Alicante para competir en las distancias supersprint, sprint y ol\u00edmpico, marcando el inicio del circuito Mediterr\u00e1nea Triatl\u00f3n.<\/p>\n","protected":false},"author":322,"featured_media":90495,"comment_status":"closed","ping_status":"open","sticky":false,"template":"","format":"standard","meta":{"_acf_changed":false,"rank_math_lock_modified_date":false,"footnotes":""},"categories":[17,19,1191],"tags":[],"class_list":{"0":"post-90493","1":"post","2":"type-post","3":"status-publish","4":"format-standard","5":"has-post-thumbnail","7":"category-actualidad","8":"category-competiciones","9":"category-triatlon"},"acf":[],"_links":{"self":[{"href":"https:\/\/miurltemporal.com/main/triatletasenred.sport.es\/wp-json\/wp\/v2\/posts\/90493"}],"collection":[{"href":"https:\/\/miurltemporal.com/main/triatletasenred.sport.es\/wp-json\/wp\/v2\/posts"}],"about":[{"href":"https:\/\/miurltemporal.com/main/triatletasenred.sport.es\/wp-json\/wp\/v2\/types\/post"}],"author":[{"embeddable":true,"href":"https:\/\/miurltemporal.com/main/triatletasenred.sport.es\/wp-json\/wp\/v2\/users\/322"}],"replies":[{"embeddable":true,"href":"https:\/\/miurltemporal.com/main/triatletasenred.sport.es\/wp-json\/wp\/v2\/comments?post=90493"}],"version-history":[{"count":1,"href":"https:\/\/miurltemporal.com/main/triatletasenred.sport.es\/wp-json\/wp\/v2\/posts\/90493\/revisions"}],"predecessor-version":[{"id":90496,"href":"https:\/\/miurltemporal.com/main/triatletasenred.sport.es\/wp-json\/wp\/v2\/posts\/90493\/revisions\/90496"}],"wp:featuredmedia":[{"embeddable":true,"href":"https:\/\/miurltemporal.com/main/triatletasenred.sport.es\/wp-json\/wp\/v2\/media\/90495"}],"wp:attachment":[{"href":"https:\/\/miurltemporal.com/main/triatletasenred.sport.es\/wp-json\/wp\/v2\/media?parent=90493"}],"wp:term":[{"taxonomy":"category","embeddable":true,"href":"https:\/\/miurltemporal.com/main/triatletasenred.sport.es\/wp-json\/wp\/v2\/categories?post=90493"},{"taxonomy":"post_tag","embeddable":true,"href":"https:\/\/miurltemporal.com/main/triatletasenred.sport.es\/wp-json\/wp\/v2\/tags?post=90493"}],"curies":[{"name":"wp","href":"https:\/\/api.w.org\/{rel}","templated":true}]}}