{"id":90202,"date":"2024-04-29T20:39:57","date_gmt":"2024-04-29T18:39:57","guid":{"rendered":"https:\/\/miurltemporal.com/main/triatletasenred.sport.es\/?p=90202"},"modified":"2024-04-29T20:39:57","modified_gmt":"2024-04-29T18:39:57","slug":"david-cantero-y-maria-varo-triunfan-en-el-triatlon-internacional-villa-de-fuente-alamo","status":"publish","type":"post","link":"https:\/\/miurltemporal.com/main/triatletasenred.sport.es\/competiciones\/david-cantero-y-maria-varo-triunfan-en-el-triatlon-internacional-villa-de-fuente-alamo\/","title":{"rendered":"David Cantero y Mar\u00eda Varo triunfan en el Triatl\u00f3n Internacional Villa de Fuente \u00c1lamo"},"content":{"rendered":"<p>El de la UA Triatl\u00f3 repite triunfo y la toledana se estrena en la tradicional prueba murciana que celebraba su trig\u00e9sima segunda edici\u00f3n.<\/p>\n<p><a href=\"https:\/\/tidd.ly\/4bnSqIj\" rel=\"nofollow noopener\" target=\"_blank\"><img fetchpriority=\"high\" decoding=\"async\" class=\"alignnone size-full wp-image-88857\" src=\"https:\/\/miurltemporal.com/main/triatletasenred.sport.es\/wp-content\/uploads\/700x150px_CieloX1.jpg\" alt=\"\" width=\"700\" height=\"150\" srcset=\"https:\/\/miurltemporal.com/main/triatletasenred.sport.es\/wp-content\/uploads\/700x150px_CieloX1.jpg 700w, https:\/\/miurltemporal.com/main/triatletasenred.sport.es\/wp-content\/uploads\/700x150px_CieloX1-300x64.jpg 300w, https:\/\/miurltemporal.com/main/triatletasenred.sport.es\/wp-content\/uploads\/700x150px_CieloX1-696x150.jpg 696w\" sizes=\"(max-width: 700px) 100vw, 700px\" \/><\/a><\/p>\n<p>En un fin de semana que las miradas se centraban en la resoluci\u00f3n de las Ligas Nacionales de Duatl\u00f3n, las del triatl\u00f3n lo hac\u00edan en <strong>Triatl\u00f3n Internacional Villa de Fuente \u00c1lamo <\/strong>que como cada edici\u00f3n contaba con un gran cartel.<\/p>\n<h4>DAVID CANTERO, OTRA M\u00c1S<\/h4>\n<hr \/>\n<p>Prueba de ello son sus ganadores. En categor\u00eda masculina, la victoria qued\u00f3 en manos de <strong>David Cantero<\/strong> (1:01:26). El valenciano hac\u00eda un par\u00f3n en la concentraci\u00f3n que est\u00e1 realizando en Sierra Nevada de cara a las pr\u00f3ximas Series Mundiales, <strong>para defender (y conseguirlo) el triunfo que hab\u00eda logrado en 2023<\/strong>. De esta manera, <strong>el de l\u2019UA Triatl\u00f3 suma su segundo \u00e9xito de la temporada en la Regi\u00f3n de Murcia<\/strong> tras hacerse a principios de a\u00f1o con el <strong>Duatl\u00f3n de \u00c1guilas<\/strong>.<\/p>\n<p>Tras \u00e9l lleg\u00f3 el canadiense <strong>Mathis Beaulieu<\/strong> (1:01:59) lo que redonde\u00f3 un doblete para el conjunto alicantino. Mientras que <strong>Cesc Godoy<\/strong> del Saltoki Trikideak finaliz\u00f3 tercero (1:02:15) y se subi\u00f3 por segundo a\u00f1o consecutivo en el podio (en 2023 fue segundo).<\/p>\n<h4>SUMA Y SIGUE DE MAR\u00cdA VARO<\/h4>\n<hr \/>\n<p>En categor\u00eda femenina, <strong>Mar\u00eda Varo<\/strong> alarg\u00f3 su buen momento y tras proclamarse por segundo a\u00f1o <a href=\"https:\/\/miurltemporal.com/main/triatletasenred.sport.es\/actualidad\/maria-varo-vuelve-a-proclamarse-campeona-de-espana-de-duatlon\/\">Campeona de Espa\u00f1a de Duatl\u00f3n<\/a> hace unas semanas, volvi\u00f3 a demostrar su calidad en <strong>Triatl\u00f3n Internacional Villa de Fuente \u00c1lamo<\/strong> (1:11:25). La del Tri Infinity M\u00f3stoles, se impuso a <strong>Marta Pintanel<\/strong> del Diablillos de Rivas (1:12:44) y a una <strong>Sara Alemany<\/strong> (1:16:36), tercera, que igual que suced\u00eda con Godoy repet\u00eda en el podio pero bajaba un escal\u00f3n respecto a la edici\u00f3n de 2023. Lo que le daba a l\u2019<strong>UA Triatl\u00f3 la tercera medalla del d\u00eda<\/strong>.<\/p>\n<h5>UN CIRCUITO DURO<\/h5>\n<p>La prueba se celebr\u00f3 en distancia sprint donde los triatletas completaron <strong>750 metros<\/strong> de nataci\u00f3n, <strong>20 kil\u00f3metros de ciclismo<\/strong> marcado por el paso por el <strong>alto de Los Ruices<\/strong> antes de llevarlos de vuelta a las calles de <strong>Fuente \u00c1lamo<\/strong> donde recorrieron los postreros 5 kil\u00f3metros de carrera a pie.<\/p>\n<p><iframe title=\"Hoka 2024 - Gu\u00eda completa para conocer sus zapatillas | Con Correr una Marat\u00f3n\" width=\"696\" height=\"392\" src=\"https:\/\/www.youtube.com\/embed\/mODB-yxzfIo?feature=oembed\" frameborder=\"0\" allow=\"accelerometer; autoplay; clipboard-write; encrypted-media; gyroscope; picture-in-picture; web-share\" referrerpolicy=\"strict-origin-when-cross-origin\" allowfullscreen><\/iframe><\/p>\n","protected":false},"excerpt":{"rendered":"<p>David Cantero vuelve a escribir su nombre en el palmar\u00e9s del Triatl\u00f3n Internacional Villa de Fuente \u00c1lamo y Mar\u00eda Varo estrena el suyo en una prueba con gran nivel nacional.<\/p>\n","protected":false},"author":351,"featured_media":90204,"comment_status":"closed","ping_status":"open","sticky":false,"template":"","format":"standard","meta":{"_acf_changed":false,"rank_math_lock_modified_date":false,"footnotes":""},"categories":[17,19,1191],"tags":[8402,6803,11019],"class_list":{"0":"post-90202","1":"post","2":"type-post","3":"status-publish","4":"format-standard","5":"has-post-thumbnail","7":"category-actualidad","8":"category-competiciones","9":"category-triatlon","10":"tag-david-cantero","11":"tag-maria-varo","12":"tag-triatlon-internacional-villa-de-fuente-alamo"},"acf":[],"_links":{"self":[{"href":"https:\/\/miurltemporal.com/main/triatletasenred.sport.es\/wp-json\/wp\/v2\/posts\/90202"}],"collection":[{"href":"https:\/\/miurltemporal.com/main/triatletasenred.sport.es\/wp-json\/wp\/v2\/posts"}],"about":[{"href":"https:\/\/miurltemporal.com/main/triatletasenred.sport.es\/wp-json\/wp\/v2\/types\/post"}],"author":[{"embeddable":true,"href":"https:\/\/miurltemporal.com/main/triatletasenred.sport.es\/wp-json\/wp\/v2\/users\/351"}],"replies":[{"embeddable":true,"href":"https:\/\/miurltemporal.com/main/triatletasenred.sport.es\/wp-json\/wp\/v2\/comments?post=90202"}],"version-history":[{"count":1,"href":"https:\/\/miurltemporal.com/main/triatletasenred.sport.es\/wp-json\/wp\/v2\/posts\/90202\/revisions"}],"predecessor-version":[{"id":90205,"href":"https:\/\/miurltemporal.com/main/triatletasenred.sport.es\/wp-json\/wp\/v2\/posts\/90202\/revisions\/90205"}],"wp:featuredmedia":[{"embeddable":true,"href":"https:\/\/miurltemporal.com/main/triatletasenred.sport.es\/wp-json\/wp\/v2\/media\/90204"}],"wp:attachment":[{"href":"https:\/\/miurltemporal.com/main/triatletasenred.sport.es\/wp-json\/wp\/v2\/media?parent=90202"}],"wp:term":[{"taxonomy":"category","embeddable":true,"href":"https:\/\/miurltemporal.com/main/triatletasenred.sport.es\/wp-json\/wp\/v2\/categories?post=90202"},{"taxonomy":"post_tag","embeddable":true,"href":"https:\/\/miurltemporal.com/main/triatletasenred.sport.es\/wp-json\/wp\/v2\/tags?post=90202"}],"curies":[{"name":"wp","href":"https:\/\/api.w.org\/{rel}","templated":true}]}}