{"id":89848,"date":"2024-04-09T12:18:53","date_gmt":"2024-04-09T10:18:53","guid":{"rendered":"https:\/\/miurltemporal.com/main/triatletasenred.sport.es\/?p=89848"},"modified":"2024-04-09T12:18:53","modified_gmt":"2024-04-09T10:18:53","slug":"tritourdeltebreiniciatemporadaconrecord","status":"publish","type":"post","link":"https:\/\/miurltemporal.com/main/triatletasenred.sport.es\/actualidad\/tritourdeltebreiniciatemporadaconrecord\/","title":{"rendered":"El TriTour Deltebre Inicia la temporada con r\u00e9cord de participaci\u00f3n"},"content":{"rendered":"<h3>Con m\u00e1s de 1.000 triatletas, el TriTour Deltebre marca el comienzo del circuito de triatl\u00f3n popular en Catalu\u00f1a destacando el crecimiento local y femenino.<\/h3>\n<h3><img fetchpriority=\"high\" decoding=\"async\" class=\"aligncenter size-full wp-image-89764\" src=\"https:\/\/miurltemporal.com/main/triatletasenred.sport.es\/wp-content\/uploads\/Banner_finisher_750x100.jpg\" alt=\"\" width=\"750\" height=\"100\" srcset=\"https:\/\/miurltemporal.com/main/triatletasenred.sport.es\/wp-content\/uploads\/Banner_finisher_750x100.jpg 750w, https:\/\/miurltemporal.com/main/triatletasenred.sport.es\/wp-content\/uploads\/Banner_finisher_750x100-300x40.jpg 300w, https:\/\/miurltemporal.com/main/triatletasenred.sport.es\/wp-content\/uploads\/Banner_finisher_750x100-696x93.jpg 696w, https:\/\/miurltemporal.com/main/triatletasenred.sport.es\/wp-content\/uploads\/Banner_finisher_750x100-741x100.jpg 741w\" sizes=\"(max-width: 750px) 100vw, 750px\" \/><\/h3>\n<div class=\"flex-1 overflow-hidden\">\n<div class=\"react-scroll-to-bottom--css-tequc-79elbk h-full\">\n<div class=\"react-scroll-to-bottom--css-tequc-1n7m0yu\">\n<div class=\"flex flex-col text-sm pb-9\">\n<div class=\"w-full text-token-text-primary\" dir=\"auto\" data-testid=\"conversation-turn-55\">\n<div class=\"px-4 py-2 justify-center text-base md:gap-6 m-auto\">\n<div class=\"flex flex-1 text-base mx-auto gap-3 juice:gap-4 juice:md:gap-6 md:px-5 lg:px-1 xl:px-5 md:max-w-3xl lg:max-w-[40rem] xl:max-w-[48rem] group final-completion\">\n<div class=\"relative flex w-full flex-col agent-turn\">\n<div class=\"flex-col gap-1 md:gap-3\">\n<div class=\"flex flex-grow flex-col max-w-full\">\n<div class=\"min-h-[20px] text-message flex flex-col items-start gap-3 whitespace-pre-wrap break-words [.text-message+&amp;]:mt-5 overflow-x-auto\" dir=\"auto\" data-message-author-role=\"assistant\" data-message-id=\"d27e668b-23b1-41a4-94aa-c420a0d0b56f\">\n<div class=\"markdown prose w-full break-words dark:prose-invert dark\">\n<p>El TriTour Deltebre ha dado el pistoletazo de salida a la temporada de triatl\u00f3n en Catalu\u00f1a este 7 de abril de 2024, congregando a m\u00e1s de 1.000 triatletas en su segunda jornada de competici\u00f3n, donde las distancias esprint y ol\u00edmpica fueron las protagonistas. Este evento no solo ha puesto de manifiesto la creciente popularidad del triatl\u00f3n en la regi\u00f3n, sino que tambi\u00e9n ha celebrado el notable incremento de la participaci\u00f3n local y femenina, un reflejo del vibrante esp\u00edritu deportivo que caracteriza a Deltebre y sus alrededores.<\/p>\n<p>La prueba ol\u00edmpica cont\u00f3 con la participaci\u00f3n de 350 valientes triatletas, mientras que la distancia esprint atrajo a 315 deportistas, sumando un total impresionante a lo largo del fin de semana. El TriTour Deltebre se consolida as\u00ed como la punta de lanza del Circuit TRITOUR, el circuito de triatl\u00f3n popular m\u00e1s seguido de Catalu\u00f1a, que pr\u00f3ximamente visitar\u00e1 otras localidades como Amposta, El Pont de Suert y Tossa de Mar.<\/p>\n<p>A pesar de su naturaleza popular, la competencia en Deltebre ha demostrado ser cada vez m\u00e1s re\u00f1ida, con atletas de gran nivel luchando por la victoria en la l\u00ednea de meta. Izan Remolina Gargallo, Unai Guardiola Gil y Mart\u00ed Sender Pardos lideraron el podio masculino en la distancia esprint, mientras que Nur Ortega Isern, Berta Bruguera L\u00f3pez y Maria Rocafiguera Boy hicieron lo propio en la clasificaci\u00f3n femenina.<\/p>\n<p>En la categor\u00eda ol\u00edmpica, Llu\u00eds Ropero Tapia, Ra\u00fal Mart\u00edn N\u00fa\u00f1ez y Ferran Balcells Picart se adjudicaron las primeras posiciones entre los hombres, y Ainara Su\u00f1\u00e9 Vila, Erika Soriano Sol\u00e9 y Alma Bertoldo Joubert destacaron en el segmento femenino, demostrando la intensidad y el compromiso de los participantes.<\/p>\n<p>El TriTour Deltebre no solo ha sido una plataforma para el talento local, sino que tambi\u00e9n ha atra\u00eddo a clubes de triatl\u00f3n de toda Espa\u00f1a, deseosos de comenzar la temporada en un escenario inigualable. La flexibilidad del evento para acoger diferentes distancias en un mismo fin de semana ha sido clave para fomentar la participaci\u00f3n de equipos completos, creando una atm\u00f3sfera de compa\u00f1erismo y competici\u00f3n inolvidable.<\/p>\n<p>La caravana del triatl\u00f3n no se detiene, y la pr\u00f3xima cita del circuito TRITOUR ser\u00e1 el 7 y 8 de junio en Amposta, prometiendo otra emocionante ronda de competiciones. Los y las triatletas interesados en sumarse a esta fiesta del deporte tienen aun tiempo de para registrar su participaci\u00f3n y ser parte de la historia del triatl\u00f3n catal\u00e1n en 2024.<\/p>\n<div class=\"youtube-embed\" data-video_id=\"o8nEzqId8hA\"><iframe title=\"Como Nadar Crol CORRECTAMENTE sin CANSARSE | EJERCICIOS PR\u00c1CTICOS\u2705\" width=\"696\" height=\"392\" src=\"https:\/\/www.youtube.com\/embed\/o8nEzqId8hA?start=25&#038;feature=oembed\" frameborder=\"0\" allow=\"accelerometer; autoplay; clipboard-write; encrypted-media; gyroscope; picture-in-picture; web-share\" referrerpolicy=\"strict-origin-when-cross-origin\" allowfullscreen><\/iframe><\/div>\n<\/div>\n<\/div>\n<\/div>\n<\/div>\n<\/div>\n<\/div>\n<\/div>\n<\/div>\n<\/div>\n<\/div>\n<\/div>\n<\/div>\n","protected":false},"excerpt":{"rendered":"<p>Con m\u00e1s de 1.000 triatletas, el TriTour Deltebre marca el comienzo del circuito de triatl\u00f3n popular en Catalu\u00f1a destacando el crecimiento local y femenino.<\/p>\n","protected":false},"author":322,"featured_media":89854,"comment_status":"closed","ping_status":"open","sticky":false,"template":"","format":"standard","meta":{"_acf_changed":false,"rank_math_lock_modified_date":false,"footnotes":""},"categories":[17,19,1191],"tags":[],"class_list":{"0":"post-89848","1":"post","2":"type-post","3":"status-publish","4":"format-standard","5":"has-post-thumbnail","7":"category-actualidad","8":"category-competiciones","9":"category-triatlon"},"acf":[],"_links":{"self":[{"href":"https:\/\/miurltemporal.com/main/triatletasenred.sport.es\/wp-json\/wp\/v2\/posts\/89848"}],"collection":[{"href":"https:\/\/miurltemporal.com/main/triatletasenred.sport.es\/wp-json\/wp\/v2\/posts"}],"about":[{"href":"https:\/\/miurltemporal.com/main/triatletasenred.sport.es\/wp-json\/wp\/v2\/types\/post"}],"author":[{"embeddable":true,"href":"https:\/\/miurltemporal.com/main/triatletasenred.sport.es\/wp-json\/wp\/v2\/users\/322"}],"replies":[{"embeddable":true,"href":"https:\/\/miurltemporal.com/main/triatletasenred.sport.es\/wp-json\/wp\/v2\/comments?post=89848"}],"version-history":[{"count":1,"href":"https:\/\/miurltemporal.com/main/triatletasenred.sport.es\/wp-json\/wp\/v2\/posts\/89848\/revisions"}],"predecessor-version":[{"id":89855,"href":"https:\/\/miurltemporal.com/main/triatletasenred.sport.es\/wp-json\/wp\/v2\/posts\/89848\/revisions\/89855"}],"wp:featuredmedia":[{"embeddable":true,"href":"https:\/\/miurltemporal.com/main/triatletasenred.sport.es\/wp-json\/wp\/v2\/media\/89854"}],"wp:attachment":[{"href":"https:\/\/miurltemporal.com/main/triatletasenred.sport.es\/wp-json\/wp\/v2\/media?parent=89848"}],"wp:term":[{"taxonomy":"category","embeddable":true,"href":"https:\/\/miurltemporal.com/main/triatletasenred.sport.es\/wp-json\/wp\/v2\/categories?post=89848"},{"taxonomy":"post_tag","embeddable":true,"href":"https:\/\/miurltemporal.com/main/triatletasenred.sport.es\/wp-json\/wp\/v2\/tags?post=89848"}],"curies":[{"name":"wp","href":"https:\/\/api.w.org\/{rel}","templated":true}]}}