{"id":89660,"date":"2024-04-01T18:12:02","date_gmt":"2024-04-01T16:12:02","guid":{"rendered":"https:\/\/miurltemporal.com/main/triatletasenred.sport.es\/?p=89660"},"modified":"2024-04-01T18:12:02","modified_gmt":"2024-04-01T16:12:02","slug":"asi-es-el-entrenamiento-en-altura-de-laura-philipp","status":"publish","type":"post","link":"https:\/\/miurltemporal.com/main/triatletasenred.sport.es\/actualidad\/asi-es-el-entrenamiento-en-altura-de-laura-philipp\/","title":{"rendered":"As\u00ed es el entrenamiento en altura de Laura Philipp"},"content":{"rendered":"<p>La triatleta alemana sigue con su puesta a punto para una temporada muy larga en la que a\u00fan no se ha estrenado<\/p>\n<p><a href=\"http:\/\/https:\/\/acortar.link\/SILsje\" rel=\"nofollow\" target=\"_blank\"><img fetchpriority=\"high\" decoding=\"async\" class=\"alignnone size-full wp-image-87738\" src=\"https:\/\/miurltemporal.com/main/triatletasenred.sport.es\/wp-content\/uploads\/INVERSE-TRIATLETASENRED-750x150-1.gif\" alt=\"\" width=\"750\" height=\"150\" \/><\/a><\/p>\n<h4><div id=\"ez-toc-container\" class=\"ez-toc-v2_0_69_1 counter-hierarchy ez-toc-counter ez-toc-grey ez-toc-container-direction\">\n<div class=\"ez-toc-title-container\">\n<p class=\"ez-toc-title\" style=\"cursor:inherit\">Table of Contents<\/p>\n<span class=\"ez-toc-title-toggle\"><a href=\"#\" class=\"ez-toc-pull-right ez-toc-btn ez-toc-btn-xs ez-toc-btn-default ez-toc-toggle\" aria-label=\"Toggle Table of Content\"><span class=\"ez-toc-js-icon-con\"><span class=\"\"><span class=\"eztoc-hide\" style=\"display:none;\">Toggle<\/span><span class=\"ez-toc-icon-toggle-span\"><svg style=\"fill: #999;color:#999\" xmlns=\"http:\/\/www.w3.org\/2000\/svg\" class=\"list-377408\" width=\"20px\" height=\"20px\" viewBox=\"0 0 24 24\" fill=\"none\"><path d=\"M6 6H4v2h2V6zm14 0H8v2h12V6zM4 11h2v2H4v-2zm16 0H8v2h12v-2zM4 16h2v2H4v-2zm16 0H8v2h12v-2z\" fill=\"currentColor\"><\/path><\/svg><svg style=\"fill: #999;color:#999\" class=\"arrow-unsorted-368013\" xmlns=\"http:\/\/www.w3.org\/2000\/svg\" width=\"10px\" height=\"10px\" viewBox=\"0 0 24 24\" version=\"1.2\" baseProfile=\"tiny\"><path d=\"M18.2 9.3l-6.2-6.3-6.2 6.3c-.2.2-.3.4-.3.7s.1.5.3.7c.2.2.4.3.7.3h11c.3 0 .5-.1.7-.3.2-.2.3-.5.3-.7s-.1-.5-.3-.7zM5.8 14.7l6.2 6.3 6.2-6.3c.2-.2.3-.5.3-.7s-.1-.5-.3-.7c-.2-.2-.4-.3-.7-.3h-11c-.3 0-.5.1-.7.3-.2.2-.3.5-.3.7s.1.5.3.7z\"\/><\/svg><\/span><\/span><\/span><\/a><\/span><\/div>\n<nav><ul class='ez-toc-list ez-toc-list-level-1 ' ><li class='ez-toc-page-1 ez-toc-heading-level-4'><a class=\"ez-toc-link ez-toc-heading-1\" href=\"https:\/\/miurltemporal.com/main/triatletasenred.sport.es\/actualidad\/asi-es-el-entrenamiento-en-altura-de-laura-philipp\/#PREPARACION_PARA_SUS_DOS_CARRERAS_EN_ESPANA\" title=\"PREPARACI\u00d3N PARA SUS DOS CARRERAS EN ESPA\u00d1A\">PREPARACI\u00d3N PARA SUS DOS CARRERAS EN ESPA\u00d1A<\/a><\/li><li class='ez-toc-page-1 ez-toc-heading-level-4'><a class=\"ez-toc-link ez-toc-heading-2\" href=\"https:\/\/miurltemporal.com/main/triatletasenred.sport.es\/actualidad\/asi-es-el-entrenamiento-en-altura-de-laura-philipp\/#EL_ENTRENAMIENTO_EN_ALTITUD\" title=\"EL ENTRENAMIENTO EN ALTITUD\">EL ENTRENAMIENTO EN ALTITUD<\/a><\/li><li class='ez-toc-page-1 ez-toc-heading-level-4'><a class=\"ez-toc-link ez-toc-heading-3\" href=\"https:\/\/miurltemporal.com/main/triatletasenred.sport.es\/actualidad\/asi-es-el-entrenamiento-en-altura-de-laura-philipp\/#ENTRENAMIENTO_CRUZADO_CON_EL_ESQUI_DE_TRAVESIA\" title=\"ENTRENAMIENTO CRUZADO CON EL ESQU\u00cd DE TRAVES\u00cdA\">ENTRENAMIENTO CRUZADO CON EL ESQU\u00cd DE TRAVES\u00cdA<\/a><\/li><\/ul><\/nav><\/div>\n<\/h4>\n<h4><span class=\"ez-toc-section\" id=\"PREPARACION_PARA_SUS_DOS_CARRERAS_EN_ESPANA\"><\/span>PREPARACI\u00d3N PARA SUS DOS CARRERAS EN ESPA\u00d1A<span class=\"ez-toc-section-end\"><\/span><\/h4>\n<hr \/>\n<p>Laura Philipp sigue con su puesta a punto de cara a una temporada 2024 que se presenta muy exigente para una triatleta que afrontar\u00e1 hasta tres grandes objetivos, el <strong>T100 Triathlon Tour, el Campeonato del Mundo Ironman en Niza y Challenge Roth.<span class=\"Apple-converted-space\">\u00a0<\/span><\/strong><\/p>\n<p>Adem\u00e1s, y <a href=\"https:\/\/miurltemporal.com/main/triatletasenred.sport.es\/actualidad\/laura-philipp-elige-espana-para-debutar\/\">como ya nos hac\u00edamos eco hace unos d\u00edas<\/a>, la alemana har\u00e1 su debut en dos pruebas en Espa\u00f1a, <strong>el 21 de abril en el Ironman 70.3 Valencia y el 11 de mayo en el Ironman 70.3 Mallorca<\/strong>. Dos carreras que ser\u00e1n su pistoletazo de salida de un a\u00f1o que muy posiblemente lo finalice con la Gran Final del T100 Triathlon Tour del mes de noviembre.<\/p>\n<p>Por ello, y con el objetivo de crear una buena base donde construir los cimientos de un a\u00f1o realmente exigente y competitivo, Laura ha vuelto a<strong> St Moritz<\/strong> para realizar su segundo <strong>bloque de entrenamiento en altitud<\/strong>.<span class=\"Apple-converted-space\">\u00a0<\/span><\/p>\n<h4><span class=\"ez-toc-section\" id=\"EL_ENTRENAMIENTO_EN_ALTITUD\"><\/span>EL ENTRENAMIENTO EN ALTITUD<span class=\"ez-toc-section-end\"><\/span><\/h4>\n<hr \/>\n<p>Aunque las ventajas del entrenamiento en altitud son cuantiosas, la adaptaci\u00f3n que necesita cada persona es totalmente individual y una mala planificaci\u00f3n del entrenamiento en altura puede afectar negativamente \u201c<em>la \u00faltima vez tras el bloque de altitud acab\u00e9 bastante enferma por lo que dudamos hasta el final si venir a St Moritz y m\u00e1s sabiendo que estaba todo nevado<\/em>\u201d.<span class=\"Apple-converted-space\">\u00a0<\/span><\/p>\n<p>Finalmente, y por insistencia de su pareja y entrenador, decidieron optar por hacer el bloque de entrenamiento en altitud pero <strong>ajustando los tiempos<\/strong> \u201c<em>si est\u00e1s en altitud mucho tiempo, la regeneraci\u00f3n no es \u00f3ptima y puedes acabar enferma como me sucedi\u00f3. Por eso, esta vez hemos decidido estar en altitud unos d\u00edas, bajar ocho d\u00edas a Alemania y volver a subir<\/em>\u201d<\/p>\n<p>Una estancia en St Moritz donde han podido<strong> entrenar la nataci\u00f3n sin problemas<\/strong> pero que las <strong>sesiones de carrera a pie las han tenido que ajustar<\/strong> teniendo en cuenta el clima y la nieve que hab\u00eda \u201c<em>hemos nadado sin problemas y a la hora de correr, hemos alternado la cinta con las salidas fuera con cuidado y las series en la pista abajo en Italia<\/em>\u201d. Una series en pista que las hac\u00edan en Chiavenna, a 50 kil\u00f3metros de St Moritz y donde aprovechaban para luego subir en bici.<span class=\"Apple-converted-space\">\u00a0<\/span><\/p>\n<h4><span class=\"ez-toc-section\" id=\"ENTRENAMIENTO_CRUZADO_CON_EL_ESQUI_DE_TRAVESIA\"><\/span>ENTRENAMIENTO CRUZADO CON EL ESQU\u00cd DE TRAVES\u00cdA<span class=\"ez-toc-section-end\"><\/span><\/h4>\n<hr \/>\n<p>Adem\u00e1s, y debido al temporal de nieve que les ha azotado, la triatleta ha podido aprovechar para hacer <strong>esqu\u00ed de traves\u00eda<\/strong>. Un deporte que le gusta practicar a la alemana y que el cual tiene muchas ventajas \u201c<em>el esqu\u00ed de traves\u00eda es una buena manera de hacer patrones de movimiento diferentes a los habituales con un \u00e1ngulo abierto de cadera<\/em>\u201d.<span class=\"Apple-converted-space\">\u00a0<\/span><\/p>\n<p>Por su parte, el entrenador y pareja de Laura Philipp, tambi\u00e9n es muy defensor de realizar este tipo de deportes ya que a pesar de ser necesario<strong><span class=\"Apple-converted-space\">\u00a0<\/span>acostumbrar a la musculatura a mantener la posici\u00f3n por ejemplo de la cabra<\/strong>, tambi\u00e9n es importante tener otras habilidades \u201c<em>una variedad en las habilidades mot\u00f3ricas en entrenamientos de resistencia es muy beneficioso. La versatilidad tiene efectos positivos en el rendimiento del deporte objetivo<\/em>\u201d<\/p>\n<div class=\"youtube-embed\" data-video_id=\"ALpjrLdTKqY\"><iframe title=\"Triatl\u00f3n En Vena Podcast #407  |  Con Eugenio Benito y El\u00edas D\u00edaz, currantes en la sombra\" width=\"696\" height=\"392\" src=\"https:\/\/www.youtube.com\/embed\/ALpjrLdTKqY?feature=oembed&#038;enablejsapi=1\" frameborder=\"0\" allow=\"accelerometer; autoplay; clipboard-write; encrypted-media; gyroscope; picture-in-picture; web-share\" referrerpolicy=\"strict-origin-when-cross-origin\" allowfullscreen><\/iframe><\/div>\n","protected":false},"excerpt":{"rendered":"<p>La triatleta alemana sigue con su puesta a punto para una temporada muy larga en la que a\u00fan no se ha estrenado<\/p>\n","protected":false},"author":325,"featured_media":71408,"comment_status":"closed","ping_status":"open","sticky":false,"template":"","format":"standard","meta":{"_acf_changed":false,"rank_math_lock_modified_date":false,"footnotes":""},"categories":[17],"tags":[10938],"class_list":{"0":"post-89660","1":"post","2":"type-post","3":"status-publish","4":"format-standard","5":"has-post-thumbnail","7":"category-actualidad","8":"tag-laura-philipp-st-moritz"},"acf":[],"_links":{"self":[{"href":"https:\/\/miurltemporal.com/main/triatletasenred.sport.es\/wp-json\/wp\/v2\/posts\/89660"}],"collection":[{"href":"https:\/\/miurltemporal.com/main/triatletasenred.sport.es\/wp-json\/wp\/v2\/posts"}],"about":[{"href":"https:\/\/miurltemporal.com/main/triatletasenred.sport.es\/wp-json\/wp\/v2\/types\/post"}],"author":[{"embeddable":true,"href":"https:\/\/miurltemporal.com/main/triatletasenred.sport.es\/wp-json\/wp\/v2\/users\/325"}],"replies":[{"embeddable":true,"href":"https:\/\/miurltemporal.com/main/triatletasenred.sport.es\/wp-json\/wp\/v2\/comments?post=89660"}],"version-history":[{"count":1,"href":"https:\/\/miurltemporal.com/main/triatletasenred.sport.es\/wp-json\/wp\/v2\/posts\/89660\/revisions"}],"predecessor-version":[{"id":89662,"href":"https:\/\/miurltemporal.com/main/triatletasenred.sport.es\/wp-json\/wp\/v2\/posts\/89660\/revisions\/89662"}],"wp:featuredmedia":[{"embeddable":true,"href":"https:\/\/miurltemporal.com/main/triatletasenred.sport.es\/wp-json\/wp\/v2\/media\/71408"}],"wp:attachment":[{"href":"https:\/\/miurltemporal.com/main/triatletasenred.sport.es\/wp-json\/wp\/v2\/media?parent=89660"}],"wp:term":[{"taxonomy":"category","embeddable":true,"href":"https:\/\/miurltemporal.com/main/triatletasenred.sport.es\/wp-json\/wp\/v2\/categories?post=89660"},{"taxonomy":"post_tag","embeddable":true,"href":"https:\/\/miurltemporal.com/main/triatletasenred.sport.es\/wp-json\/wp\/v2\/tags?post=89660"}],"curies":[{"name":"wp","href":"https:\/\/api.w.org\/{rel}","templated":true}]}}