{"id":89619,"date":"2024-03-29T08:30:35","date_gmt":"2024-03-29T07:30:35","guid":{"rendered":"https:\/\/miurltemporal.com/main/triatletasenred.sport.es\/?p=89619"},"modified":"2024-03-28T19:44:19","modified_gmt":"2024-03-28T18:44:19","slug":"asi-es-la-alimentacion-de-una-triatleta-profesional","status":"publish","type":"post","link":"https:\/\/miurltemporal.com/main/triatletasenred.sport.es\/actualidad\/asi-es-la-alimentacion-de-una-triatleta-profesional\/","title":{"rendered":"As\u00ed es la alimentaci\u00f3n de una triatleta profesional"},"content":{"rendered":"<p>Gwen Jorgensen nos desvela c\u00f3mo es un d\u00eda de alimentaci\u00f3n en su vida cotidiana y los aspectos m\u00e1s importantes a tener en cuenta<\/p>\n<p><a href=\"http:\/\/https:\/\/acortar.link\/SILsje\" rel=\"nofollow\" target=\"_blank\"><img fetchpriority=\"high\" decoding=\"async\" class=\"alignnone size-full wp-image-87738\" src=\"https:\/\/miurltemporal.com/main/triatletasenred.sport.es\/wp-content\/uploads\/INVERSE-TRIATLETASENRED-750x150-1.gif\" alt=\"\" width=\"750\" height=\"150\" \/><\/a><\/p>\n<h4><div id=\"ez-toc-container\" class=\"ez-toc-v2_0_69_1 counter-hierarchy ez-toc-counter ez-toc-grey ez-toc-container-direction\">\n<div class=\"ez-toc-title-container\">\n<p class=\"ez-toc-title\" style=\"cursor:inherit\">Table of Contents<\/p>\n<span class=\"ez-toc-title-toggle\"><a href=\"#\" class=\"ez-toc-pull-right ez-toc-btn ez-toc-btn-xs ez-toc-btn-default ez-toc-toggle\" aria-label=\"Toggle Table of Content\"><span class=\"ez-toc-js-icon-con\"><span class=\"\"><span class=\"eztoc-hide\" style=\"display:none;\">Toggle<\/span><span class=\"ez-toc-icon-toggle-span\"><svg style=\"fill: #999;color:#999\" xmlns=\"http:\/\/www.w3.org\/2000\/svg\" class=\"list-377408\" width=\"20px\" height=\"20px\" viewBox=\"0 0 24 24\" fill=\"none\"><path d=\"M6 6H4v2h2V6zm14 0H8v2h12V6zM4 11h2v2H4v-2zm16 0H8v2h12v-2zM4 16h2v2H4v-2zm16 0H8v2h12v-2z\" fill=\"currentColor\"><\/path><\/svg><svg style=\"fill: #999;color:#999\" class=\"arrow-unsorted-368013\" xmlns=\"http:\/\/www.w3.org\/2000\/svg\" width=\"10px\" height=\"10px\" viewBox=\"0 0 24 24\" version=\"1.2\" baseProfile=\"tiny\"><path d=\"M18.2 9.3l-6.2-6.3-6.2 6.3c-.2.2-.3.4-.3.7s.1.5.3.7c.2.2.4.3.7.3h11c.3 0 .5-.1.7-.3.2-.2.3-.5.3-.7s-.1-.5-.3-.7zM5.8 14.7l6.2 6.3 6.2-6.3c.2-.2.3-.5.3-.7s-.1-.5-.3-.7c-.2-.2-.4-.3-.7-.3h-11c-.3 0-.5.1-.7.3-.2.2-.3.5-.3.7s.1.5.3.7z\"\/><\/svg><\/span><\/span><\/span><\/a><\/span><\/div>\n<nav><ul class='ez-toc-list ez-toc-list-level-1 ' ><li class='ez-toc-page-1 ez-toc-heading-level-4'><a class=\"ez-toc-link ez-toc-heading-1\" href=\"https:\/\/miurltemporal.com/main/triatletasenred.sport.es\/actualidad\/asi-es-la-alimentacion-de-una-triatleta-profesional\/#EL_OBJETIVO_DE_GWEN_JORGENSEN_EN_2024\" title=\"EL OBJETIVO DE GWEN JORGENSEN EN 2024\">EL OBJETIVO DE GWEN JORGENSEN EN 2024<\/a><\/li><li class='ez-toc-page-1 ez-toc-heading-level-4'><a class=\"ez-toc-link ez-toc-heading-2\" href=\"https:\/\/miurltemporal.com/main/triatletasenred.sport.es\/actualidad\/asi-es-la-alimentacion-de-una-triatleta-profesional\/#COMIDA_ANTES_DEL_PRIMER_ENTRENAMIENTO_DEL_DIA\" title=\"COMIDA ANTES DEL PRIMER ENTRENAMIENTO DEL D\u00cdA\u00a0\">COMIDA ANTES DEL PRIMER ENTRENAMIENTO DEL D\u00cdA\u00a0<\/a><\/li><li class='ez-toc-page-1 ez-toc-heading-level-4'><a class=\"ez-toc-link ez-toc-heading-3\" href=\"https:\/\/miurltemporal.com/main/triatletasenred.sport.es\/actualidad\/asi-es-la-alimentacion-de-una-triatleta-profesional\/#MERIENDA_TRAS_LA_NATACION\" title=\"MERIENDA TRAS LA NATACI\u00d3N\">MERIENDA TRAS LA NATACI\u00d3N<\/a><\/li><li class='ez-toc-page-1 ez-toc-heading-level-4'><a class=\"ez-toc-link ez-toc-heading-4\" href=\"https:\/\/miurltemporal.com/main/triatletasenred.sport.es\/actualidad\/asi-es-la-alimentacion-de-una-triatleta-profesional\/#TRAS_EL_SEGUNDO_ENTRENAMIENTO_Y_COMO_COMIDA_PRINCIPAL\" title=\"TRAS EL SEGUNDO ENTRENAMIENTO Y C\u00d3MO COMIDA PRINCIPAL\">TRAS EL SEGUNDO ENTRENAMIENTO Y C\u00d3MO COMIDA PRINCIPAL<\/a><\/li><li class='ez-toc-page-1 ez-toc-heading-level-4'><a class=\"ez-toc-link ez-toc-heading-5\" href=\"https:\/\/miurltemporal.com/main/triatletasenred.sport.es\/actualidad\/asi-es-la-alimentacion-de-una-triatleta-profesional\/#MERIENDA_PREVIA_AL_ENTRENAMIETNO_DE_LA_TARDE\" title=\"MERIENDA PREVIA AL ENTRENAMIETNO DE LA TARDE\">MERIENDA PREVIA AL ENTRENAMIETNO DE LA TARDE<\/a><\/li><li class='ez-toc-page-1 ez-toc-heading-level-4'><a class=\"ez-toc-link ez-toc-heading-6\" href=\"https:\/\/miurltemporal.com/main/triatletasenred.sport.es\/actualidad\/asi-es-la-alimentacion-de-una-triatleta-profesional\/#LA_CENA_Y_LA_ULTIMA_COMIDA_DEL_DIA\" title=\"LA CENA Y LA \u00daLTIMA COMIDA DEL D\u00cdA\">LA CENA Y LA \u00daLTIMA COMIDA DEL D\u00cdA<\/a><\/li><\/ul><\/nav><\/div>\n<\/h4>\n<h4><span class=\"ez-toc-section\" id=\"EL_OBJETIVO_DE_GWEN_JORGENSEN_EN_2024\"><\/span>EL OBJETIVO DE GWEN JORGENSEN EN 2024<span class=\"ez-toc-section-end\"><\/span><\/h4>\n<hr \/>\n<p>Tras un periodo de tiempo fuera del triatl\u00f3n y con ese objetivo de intentar luchar por hacerse un hueco primero en la marat\u00f3n y luego en las carreras m\u00e1s cortas de 5 y 10 kil\u00f3metros, la estadounidense ha vuelto al triatl\u00f3n con ese gran objetivo, a la vez de complicado, de buscar la <strong>clasificaci\u00f3n para los Juegos Ol\u00edmpicos de Par\u00eds 2024.<\/strong><\/p>\n<p>Una cita ol\u00edmpica de la que Gwen Jorgensen tiene muy buenos recuerdos tras llevarse la <strong>medalla de oro en los Juegos Ol\u00edmpicos de Rio de Janeiro 2016<\/strong> cuando era la aut\u00e9ntica hero\u00edna del triatl\u00f3n de corta distancia siendo capaz de ganar hasta 13 carreras consecutivas y teniendo en su poder <strong>dos mundiales<\/strong>.<span class=\"Apple-converted-space\">\u00a0<\/span><\/p>\n<p>Pues bien, tras comenzar el a\u00f1o de la mejor manera posible ganando la <strong>Copa Continental de Cuba<\/strong> a finales de febrero y teniendo todas las opciones abiertas de lograr esa clasificaci\u00f3n para Par\u00eds, la triatleta estadounidense ha querido compartir con todos sus seguidores c\u00f3mo es un d\u00eda en la alimentaci\u00f3n de una profesional.<span class=\"Apple-converted-space\">\u00a0<\/span><\/p>\n<h4><span class=\"ez-toc-section\" id=\"COMIDA_ANTES_DEL_PRIMER_ENTRENAMIENTO_DEL_DIA\"><\/span>COMIDA ANTES DEL PRIMER ENTRENAMIENTO DEL D\u00cdA<span class=\"Apple-converted-space\">\u00a0<\/span><span class=\"ez-toc-section-end\"><\/span><\/h4>\n<hr \/>\n<p>Gwen Jorgensen, como la mayor\u00eda de triatletas, empieza el d\u00eda levant\u00e1ndose muy pronto para poder dejar hecho el primer entrenamiento del d\u00eda.<span class=\"Apple-converted-space\">\u00a0<\/span><\/p>\n<p>Nada m\u00e1s levantarse y antes de ir a la piscina, la Campeona Ol\u00edmpica desayuna lo que lleva muchos a\u00f1os desayunando \u201c<em>la primera comida del d\u00eda es un pr\u00e1ctico <strong>taz\u00f3n de avena<\/strong> que lo hago con agua la noche de antes y a la que le a\u00f1ado<strong> pl\u00e1tano y tambi\u00e9n mantequilla de almendras<\/strong><\/em>\u201d. Un desayuno que sabe que le funciona para poder llevar a cabo el entrenamiento matutino con garant\u00edas.<span class=\"Apple-converted-space\">\u00a0<\/span><\/p>\n<p>Despu\u00e9s, y antes de poner rumbo a la piscina, se prepara su bid\u00f3n con bebida energ\u00e9tica \u201c<em>antes de entrenar me hago un bid\u00f3n con dos cucharadas de <strong>Super High-Carb Mix<\/strong> junto con una de <strong>Hydration<\/strong> de la marca de suplementaci\u00f3n Skratch. Es una suplementaci\u00f3n que la hago siempre que el entrenamiento es de menos de 90 minutos<\/em>\u201d<span class=\"Apple-converted-space\">\u00a0<\/span><\/p>\n<h4><span class=\"ez-toc-section\" id=\"MERIENDA_TRAS_LA_NATACION\"><\/span>MERIENDA TRAS LA NATACI\u00d3N<span class=\"ez-toc-section-end\"><\/span><\/h4>\n<hr \/>\n<p>Para las 09:00 de la ma\u00f1ana la flagrante fichaje de canyon suele tener terminada su primera sesi\u00f3n del d\u00eda. Por ello, y antes de llevar a cabo el segundo entrenamiento, se toma una merienda que consiste en \u201c<em>tras la nataci\u00f3n, me tomo una merienda que consiste en un <strong>sandwich de mantequilla de cacahuete y gelatina<\/strong><\/em>\u201d. Un <em>snack<\/em> que le es suficiente para atacar la segunda sesi\u00f3n matinal.<\/p>\n<h4><span class=\"ez-toc-section\" id=\"TRAS_EL_SEGUNDO_ENTRENAMIENTO_Y_COMO_COMIDA_PRINCIPAL\"><\/span>TRAS EL SEGUNDO ENTRENAMIENTO Y C\u00d3MO COMIDA PRINCIPAL<span class=\"ez-toc-section-end\"><\/span><\/h4>\n<hr \/>\n<p>Independientemente de hacer un entrenamiento de carrera a pie de 10 kil\u00f3metros a ritmo de 5 minutos el kil\u00f3metro o alguno m\u00e1s exigente, la comida principal no suele variar \u201c<em>normalmente en la comida siempre me hago algo de <strong>pasta blanca con aceite de oliva y aguacate y salm\u00f3n al horno u otro pescado<\/strong><\/em>\u201d<\/p>\n<p>Adem\u00e1s, Jorgensen tambi\u00e9n es de esas personas que le gusta tomarse un postre dulce tras cada comida \u201c<em>siempre como postre tomo un poco de <strong>chocolate negro<\/strong> (90%)<\/em>\u201d.<span class=\"Apple-converted-space\">\u00a0<\/span><\/p>\n<p>No obstante y a pesar de llevar una alimentaci\u00f3n bastante equilibrada, la triatleta estadounidense no invierte tiempo <strong>ni en contar ni medir el n\u00famero de calor\u00edas, carbohidratos o prote\u00ednas que ingiere durante el d\u00eda<\/strong> \u201cl<em>a verdad es no cuento nada y como cada vez que tengo hambre. Creo que es bueno escuchar al cuerpo<\/em>\u201d<\/p>\n<h4><span class=\"ez-toc-section\" id=\"MERIENDA_PREVIA_AL_ENTRENAMIETNO_DE_LA_TARDE\"><\/span>MERIENDA PREVIA AL ENTRENAMIETNO DE LA TARDE<span class=\"ez-toc-section-end\"><\/span><\/h4>\n<p>Antes de llevar a cabo el \u00faltimo entrenamiento del d\u00eda, Jorgensen se toma una merienda que consiste en \u201c<em>guacamole con pan y frambuesas<\/em>\u201d<span class=\"Apple-converted-space\">\u00a0<\/span><\/p>\n<h4><span class=\"ez-toc-section\" id=\"LA_CENA_Y_LA_ULTIMA_COMIDA_DEL_DIA\"><\/span>LA CENA Y LA \u00daLTIMA COMIDA DEL D\u00cdA<span class=\"ez-toc-section-end\"><\/span><\/h4>\n<hr \/>\n<p>L\u00e1 \u00faltima comida del d\u00eda tambi\u00e9n suele tener como principal aporte nutricional los <strong>carbohidratos<\/strong> \u201c<em>por las noches una de las cenas que m\u00e1s me gusta es un taz\u00f3n de arroz con salsa de anacardos y jengibre. Creo que es de mi cenas preferidas<\/em>\u201d<\/p>\n<div class=\"youtube-embed\" data-video_id=\"ALpjrLdTKqY\"><iframe title=\"Triatl\u00f3n En Vena Podcast #407  |  Con Eugenio Benito y El\u00edas D\u00edaz, currantes en la sombra\" width=\"696\" height=\"392\" src=\"https:\/\/www.youtube.com\/embed\/ALpjrLdTKqY?feature=oembed&#038;enablejsapi=1\" frameborder=\"0\" allow=\"accelerometer; autoplay; clipboard-write; encrypted-media; gyroscope; picture-in-picture; web-share\" referrerpolicy=\"strict-origin-when-cross-origin\" allowfullscreen><\/iframe><\/div>\n","protected":false},"excerpt":{"rendered":"<p>Gwen Jorgensen nos desvela c\u00f3mo es un d\u00eda de alimentaci\u00f3n en su vida cotidiana y los aspectos m\u00e1s importantes a tener en cuenta<\/p>\n","protected":false},"author":325,"featured_media":80913,"comment_status":"closed","ping_status":"open","sticky":false,"template":"","format":"standard","meta":{"_acf_changed":false,"rank_math_lock_modified_date":false,"footnotes":""},"categories":[17],"tags":[10924,10923,10922],"class_list":{"0":"post-89619","1":"post","2":"type-post","3":"status-publish","4":"format-standard","5":"has-post-thumbnail","7":"category-actualidad","8":"tag-comida-gwen-jorgensen","9":"tag-comida-triatleta-profesional","10":"tag-gwen-jorgensen-2024"},"acf":[],"_links":{"self":[{"href":"https:\/\/miurltemporal.com/main/triatletasenred.sport.es\/wp-json\/wp\/v2\/posts\/89619"}],"collection":[{"href":"https:\/\/miurltemporal.com/main/triatletasenred.sport.es\/wp-json\/wp\/v2\/posts"}],"about":[{"href":"https:\/\/miurltemporal.com/main/triatletasenred.sport.es\/wp-json\/wp\/v2\/types\/post"}],"author":[{"embeddable":true,"href":"https:\/\/miurltemporal.com/main/triatletasenred.sport.es\/wp-json\/wp\/v2\/users\/325"}],"replies":[{"embeddable":true,"href":"https:\/\/miurltemporal.com/main/triatletasenred.sport.es\/wp-json\/wp\/v2\/comments?post=89619"}],"version-history":[{"count":2,"href":"https:\/\/miurltemporal.com/main/triatletasenred.sport.es\/wp-json\/wp\/v2\/posts\/89619\/revisions"}],"predecessor-version":[{"id":89622,"href":"https:\/\/miurltemporal.com/main/triatletasenred.sport.es\/wp-json\/wp\/v2\/posts\/89619\/revisions\/89622"}],"wp:featuredmedia":[{"embeddable":true,"href":"https:\/\/miurltemporal.com/main/triatletasenred.sport.es\/wp-json\/wp\/v2\/media\/80913"}],"wp:attachment":[{"href":"https:\/\/miurltemporal.com/main/triatletasenred.sport.es\/wp-json\/wp\/v2\/media?parent=89619"}],"wp:term":[{"taxonomy":"category","embeddable":true,"href":"https:\/\/miurltemporal.com/main/triatletasenred.sport.es\/wp-json\/wp\/v2\/categories?post=89619"},{"taxonomy":"post_tag","embeddable":true,"href":"https:\/\/miurltemporal.com/main/triatletasenred.sport.es\/wp-json\/wp\/v2\/tags?post=89619"}],"curies":[{"name":"wp","href":"https:\/\/api.w.org\/{rel}","templated":true}]}}