{"id":89401,"date":"2024-03-18T10:37:40","date_gmt":"2024-03-18T09:37:40","guid":{"rendered":"https:\/\/miurltemporal.com/main/triatletasenred.sport.es\/?p=89401"},"modified":"2024-03-18T10:37:40","modified_gmt":"2024-03-18T09:37:40","slug":"csongor-lehmann-domina-el-duatlon-de-la-murada-2024","status":"publish","type":"post","link":"https:\/\/miurltemporal.com/main/triatletasenred.sport.es\/actualidad\/csongor-lehmann-domina-el-duatlon-de-la-murada-2024\/","title":{"rendered":"Csongor Lehmann domina el Duatl\u00f3n de La Murada 2024"},"content":{"rendered":"<h3>El h\u00fangaro Csongor Lehmann y la espa\u00f1ola Eva Mar\u00eda S\u00e1nchez se llevaron los honores en el Duatl\u00f3n de La Murada, Orihuela, dejando clara su superioridad y firmando tiempos impresionantes.<\/h3>\n<p><a href=\"https:\/\/acortar.link\/SILsje\" rel=\"nofollow noopener\" target=\"_blank\"><img fetchpriority=\"high\" decoding=\"async\" class=\"aligncenter size-full wp-image-87738\" src=\"https:\/\/miurltemporal.com/main/triatletasenred.sport.es\/wp-content\/uploads\/INVERSE-TRIATLETASENRED-750x150-1.gif\" alt=\"\" width=\"750\" height=\"150\" \/><\/a><\/p>\n<div class=\"flex-1 overflow-hidden\">\n<div class=\"react-scroll-to-bottom--css-ttzov-79elbk h-full\">\n<div class=\"react-scroll-to-bottom--css-ttzov-1n7m0yu\">\n<div class=\"flex flex-col text-sm pb-9\">\n<div class=\"w-full text-token-text-primary\" data-testid=\"conversation-turn-19\">\n<div class=\"px-4 py-2 justify-center text-base md:gap-6 m-auto\">\n<div class=\"flex flex-1 text-base mx-auto gap-3 md:px-5 lg:px-1 xl:px-5 md:max-w-3xl lg:max-w-[40rem] xl:max-w-[48rem] group final-completion\">\n<div class=\"relative flex w-full flex-col agent-turn\">\n<div class=\"flex-col gap-1 md:gap-3\">\n<div class=\"flex flex-grow flex-col max-w-full\">\n<div class=\"min-h-[20px] text-message flex flex-col items-start gap-3 whitespace-pre-wrap break-words [.text-message+&amp;]:mt-5 overflow-x-auto\" data-message-author-role=\"assistant\" data-message-id=\"8a3b8b3f-a7fd-4189-a935-973c20126090\">\n<div class=\"markdown prose w-full break-words dark:prose-invert dark\">\n<p>El Duatl\u00f3n de La Murada, en Orihuela, se visti\u00f3 de gala para recibir a algunos de los mejores duatletas del panorama internacional, en una jornada que estuvo marcada por el dominio del h\u00fangaro Csongor Lehmann. El atleta, que ocupa el octavo puesto en el Ranking Mundial y ya tiene su billete para las Olimpiadas de Par\u00eds, confirm\u00f3 las expectativas puestas en \u00e9l desde sus inicios, cuando se proclam\u00f3 campe\u00f3n mundial en las categor\u00edas Junior y Sub23.<\/p>\n<p>La competici\u00f3n promet\u00eda ser un emocionante duelo entre Lehmann y el joven prodigio espa\u00f1ol David Cantero, miembro del equipo de la Universidad de Alicante y flamante vencedor de la Copa del Mundo en Valencia el a\u00f1o pasado. Con solo 21 a\u00f1os, Cantero se perfila como una de las grandes promesas del triatl\u00f3n espa\u00f1ol y un fuerte candidato para representar a Espa\u00f1a en las pr\u00f3ximas Olimpiadas.<\/p>\n<p>Sin embargo, el circuito ciclista, conocido por su exigencia, fue el terreno donde Lehmann marc\u00f3 la diferencia. Imponiendo un ritmo demoledor, el h\u00fangaro logr\u00f3 descolgar a Cantero, adquiriendo una ventaja que superaba el minuto al entrar en el \u00faltimo segmento de carrera a pie. Lehmann cruz\u00f3 la meta con un crono de 53 minutos y 53 segundos, un tiempo espectacular que reafirma su estatus en el deporte. Cantero, no obstante, complet\u00f3 una excelente actuaci\u00f3n al llegar segundo, poco m\u00e1s de un minuto despu\u00e9s, seguido de cerca por Miguel Guzm\u00e1n, otro talentoso deportista del Universidad de Alicante.<\/p>\n<p>En la categor\u00eda femenina, Eva Mar\u00eda S\u00e1nchez, del C.T. B\u00e9tera, y Eva Maza, del Triatl\u00f3n Archena, tomaron la delantera desde el primer tramo de carrera a pie. S\u00e1nchez, que inici\u00f3 la etapa ciclista con una ligera ventaja, supo mantener su posici\u00f3n de liderazgo hasta el final, alz\u00e1ndose con la victoria con un tiempo de 1 hora y 5 minutos. Maza, por su parte, finaliz\u00f3 en una meritoria segunda posici\u00f3n, seguida de Paula Chafer del club Kamikazes Gan, que complet\u00f3 el podio.<\/p>\n<p>El Duatl\u00f3n de La Murada no solo puso a prueba la resistencia y la estrategia de los participantes, sino que tambi\u00e9n sirvi\u00f3 de escenario para algunas de los duelos deportivos entre j\u00f3venes promesas, consolid\u00e1ndose como un evento de referencia tanto para los triatletas de \u00e9lite como para los aficionados al duatl\u00f3n.<\/p>\n<div class=\"youtube-embed\" data-video_id=\"EtemZqac0kg\"><iframe title=\"Mejora tu ORIENTACI\u00d3N en Aguas Abiertas \ud83c\udf0a Con Sara P\u00e9rez y Antonio Benito \ud83d\udcaa\" width=\"696\" height=\"392\" src=\"https:\/\/www.youtube.com\/embed\/EtemZqac0kg?feature=oembed&#038;enablejsapi=1\" frameborder=\"0\" allow=\"accelerometer; autoplay; clipboard-write; encrypted-media; gyroscope; picture-in-picture; web-share\" referrerpolicy=\"strict-origin-when-cross-origin\" allowfullscreen><\/iframe><\/div>\n<\/div>\n<\/div>\n<\/div>\n<\/div>\n<\/div>\n<\/div>\n<\/div>\n<\/div>\n<\/div>\n<\/div>\n<\/div>\n<\/div>\n","protected":false},"excerpt":{"rendered":"<p>El h\u00fangaro Csongor Lehmann y la espa\u00f1ola Eva Mar\u00eda S\u00e1nchez se llevaron los honores en el Duatl\u00f3n de La Murada, Orihuela, dejando clara su superioridad y firmando tiempos impresionantes.<\/p>\n","protected":false},"author":322,"featured_media":89403,"comment_status":"closed","ping_status":"open","sticky":false,"template":"","format":"standard","meta":{"_acf_changed":false,"rank_math_lock_modified_date":false,"footnotes":""},"categories":[17,19,1191],"tags":[],"class_list":{"0":"post-89401","1":"post","2":"type-post","3":"status-publish","4":"format-standard","5":"has-post-thumbnail","7":"category-actualidad","8":"category-competiciones","9":"category-triatlon"},"acf":[],"_links":{"self":[{"href":"https:\/\/miurltemporal.com/main/triatletasenred.sport.es\/wp-json\/wp\/v2\/posts\/89401"}],"collection":[{"href":"https:\/\/miurltemporal.com/main/triatletasenred.sport.es\/wp-json\/wp\/v2\/posts"}],"about":[{"href":"https:\/\/miurltemporal.com/main/triatletasenred.sport.es\/wp-json\/wp\/v2\/types\/post"}],"author":[{"embeddable":true,"href":"https:\/\/miurltemporal.com/main/triatletasenred.sport.es\/wp-json\/wp\/v2\/users\/322"}],"replies":[{"embeddable":true,"href":"https:\/\/miurltemporal.com/main/triatletasenred.sport.es\/wp-json\/wp\/v2\/comments?post=89401"}],"version-history":[{"count":1,"href":"https:\/\/miurltemporal.com/main/triatletasenred.sport.es\/wp-json\/wp\/v2\/posts\/89401\/revisions"}],"predecessor-version":[{"id":89404,"href":"https:\/\/miurltemporal.com/main/triatletasenred.sport.es\/wp-json\/wp\/v2\/posts\/89401\/revisions\/89404"}],"wp:featuredmedia":[{"embeddable":true,"href":"https:\/\/miurltemporal.com/main/triatletasenred.sport.es\/wp-json\/wp\/v2\/media\/89403"}],"wp:attachment":[{"href":"https:\/\/miurltemporal.com/main/triatletasenred.sport.es\/wp-json\/wp\/v2\/media?parent=89401"}],"wp:term":[{"taxonomy":"category","embeddable":true,"href":"https:\/\/miurltemporal.com/main/triatletasenred.sport.es\/wp-json\/wp\/v2\/categories?post=89401"},{"taxonomy":"post_tag","embeddable":true,"href":"https:\/\/miurltemporal.com/main/triatletasenred.sport.es\/wp-json\/wp\/v2\/tags?post=89401"}],"curies":[{"name":"wp","href":"https:\/\/api.w.org\/{rel}","templated":true}]}}