{"id":89349,"date":"2024-03-15T09:54:16","date_gmt":"2024-03-15T08:54:16","guid":{"rendered":"https:\/\/miurltemporal.com/main/triatletasenred.sport.es\/?p=89349"},"modified":"2024-03-15T09:54:16","modified_gmt":"2024-03-15T08:54:16","slug":"dorsalesagotadotriportocolom2024","status":"publish","type":"post","link":"https:\/\/miurltemporal.com/main/triatletasenred.sport.es\/actualidad\/dorsalesagotadotriportocolom2024\/","title":{"rendered":"El Triatl\u00f3n de Portocolom 2024 agota dorsales a falta de un mes"},"content":{"rendered":"<div class=\"flex-1 overflow-hidden\">\n<div class=\"react-scroll-to-bottom--css-wnovp-79elbk h-full\">\n<div class=\"react-scroll-to-bottom--css-wnovp-1n7m0yu\">\n<div class=\"flex flex-col text-sm pb-9\">\n<div class=\"w-full text-token-text-primary\" data-testid=\"conversation-turn-15\">\n<div class=\"px-4 py-2 justify-center text-base md:gap-6 m-auto\">\n<div class=\"flex flex-1 text-base mx-auto gap-3 md:px-5 lg:px-1 xl:px-5 md:max-w-3xl lg:max-w-[40rem] xl:max-w-[48rem] group final-completion\">\n<div class=\"relative flex w-full flex-col agent-turn\">\n<div class=\"flex-col gap-1 md:gap-3\">\n<div class=\"flex flex-grow flex-col max-w-full\">\n<div class=\"min-h-[20px] text-message flex flex-col items-start gap-3 whitespace-pre-wrap break-words [.text-message+&amp;]:mt-5 overflow-x-auto\" data-message-author-role=\"assistant\" data-message-id=\"22265483-bb15-4369-8e2f-caf041b35c8f\">\n<div class=\"markdown prose w-full break-words dark:prose-invert dark\">\n<div class=\"flex-1 overflow-hidden\">\n<div class=\"react-scroll-to-bottom--css-wnovp-79elbk h-full\">\n<div class=\"react-scroll-to-bottom--css-wnovp-1n7m0yu\">\n<div class=\"flex flex-col text-sm pb-9\">\n<div class=\"w-full text-token-text-primary\" data-testid=\"conversation-turn-17\">\n<div class=\"px-4 py-2 justify-center text-base md:gap-6 m-auto\">\n<div class=\"flex flex-1 text-base mx-auto gap-3 md:px-5 lg:px-1 xl:px-5 md:max-w-3xl lg:max-w-[40rem] xl:max-w-[48rem] group final-completion\">\n<div class=\"relative flex w-full flex-col agent-turn\">\n<div class=\"flex-col gap-1 md:gap-3\">\n<div class=\"flex flex-grow flex-col max-w-full\">\n<div class=\"min-h-[20px] text-message flex flex-col items-start gap-3 whitespace-pre-wrap break-words [.text-message+&amp;]:mt-5 overflow-x-auto\" data-message-author-role=\"assistant\" data-message-id=\"6c4fbad6-0a3c-4e2d-8d30-114b80272b09\">\n<div class=\"markdown prose w-full break-words dark:prose-invert dark\">\n<h3>El emblem\u00e1tico Triatl\u00f3n de Portocolom promete espect\u00e1culo con su 26\u00aa edici\u00f3n, con participaci\u00f3n r\u00e9cord y numerosos \u00e9lites internacionales confirmados.<\/h3>\n<p><a href=\"http:\/\/www.zone3.es\" rel=\"nofollow noopener\" target=\"_blank\"><img fetchpriority=\"high\" decoding=\"async\" class=\"aligncenter size-large wp-image-83185\" src=\"https:\/\/miurltemporal.com/main/triatletasenred.sport.es\/wp-content\/uploads\/banner-zone3_ter-1024x219.jpg\" alt=\"\" width=\"696\" height=\"149\" srcset=\"https:\/\/miurltemporal.com/main/triatletasenred.sport.es\/wp-content\/uploads\/banner-zone3_ter-1024x219.jpg 1024w, https:\/\/miurltemporal.com/main/triatletasenred.sport.es\/wp-content\/uploads\/banner-zone3_ter-700x150.jpg 700w, https:\/\/miurltemporal.com/main/triatletasenred.sport.es\/wp-content\/uploads\/banner-zone3_ter-300x64.jpg 300w, https:\/\/miurltemporal.com/main/triatletasenred.sport.es\/wp-content\/uploads\/banner-zone3_ter-768x165.jpg 768w, https:\/\/miurltemporal.com/main/triatletasenred.sport.es\/wp-content\/uploads\/banner-zone3_ter-1536x329.jpg 1536w, https:\/\/miurltemporal.com/main/triatletasenred.sport.es\/wp-content\/uploads\/banner-zone3_ter-2048x439.jpg 2048w, https:\/\/miurltemporal.com/main/triatletasenred.sport.es\/wp-content\/uploads\/banner-zone3_ter-696x149.jpg 696w, https:\/\/miurltemporal.com/main/triatletasenred.sport.es\/wp-content\/uploads\/banner-zone3_ter-1068x229.jpg 1068w, https:\/\/miurltemporal.com/main/triatletasenred.sport.es\/wp-content\/uploads\/banner-zone3_ter-1920x412.jpg 1920w, https:\/\/miurltemporal.com/main/triatletasenred.sport.es\/wp-content\/uploads\/banner-zone3_ter-1959x420.jpg 1959w, https:\/\/miurltemporal.com/main/triatletasenred.sport.es\/wp-content\/uploads\/banner-zone3_ter-1320x283.jpg 1320w\" sizes=\"(max-width: 696px) 100vw, 696px\" \/><\/a><\/p>\n<p>El Triatl\u00f3n de Portocolom, una de las competiciones m\u00e1s emblem\u00e1ticas del calendario internacional de triatl\u00f3n, vuelve a marcar un hito incluso antes de su arranque. A falta de un mes para su vig\u00e9simo sexta edici\u00f3n, programada para el pr\u00f3ximo 14 de abril de 2024, ha colgado el cartel de &#8220;no hay dorsales&#8221;, con todos los 600 dorsales disponibles ya asignados. Este evento, que se disputa en las distancias de 55.5 y 111 kil\u00f3metros, promete una vez m\u00e1s ser un crisol de culturas, con un 54% de participantes provenientes de hasta 22 nacionalidades distintas, liderados por una fuerte presencia alemana que representa casi el 30% del total de inscritos.<\/p>\n<\/div>\n<\/div>\n<\/div>\n<\/div>\n<\/div>\n<\/div>\n<\/div>\n<\/div>\n<\/div>\n<\/div>\n<\/div>\n<\/div>\n<p>El entusiasmo por esta prueba no es solo una cuesti\u00f3n de n\u00fameros; la calidad est\u00e1 tambi\u00e9n asegurada con la confirmaci\u00f3n de m\u00e1s de 20 triatletas profesionales que se dar\u00e1n cita en la l\u00ednea de salida en el Club N\u00e1utico de Portocolom, en Felanitx, Mallorca. Entre ellos, nombres que resuenan con fuerza en el circuito como el alem\u00e1n Lukas Schn\u00f6dewind, el belga Vincent Van de Walle, conocido por su cercan\u00eda al podio en la \u00faltima edici\u00f3n, o el suizo Lorenzo Delco, quien tras una carrera en el ciclismo profesional se ha lanzado al triatl\u00f3n con notable \u00e9xito.<\/p>\n<p>La representaci\u00f3n espa\u00f1ola no se queda atr\u00e1s, con Miguel Fern\u00e1ndez Mini\u00f1o, Alberto Parrilla, Daniel Esbr\u00ed, y Pere Llad\u00f3, listos para competir por los primeros puestos y dejar el pabell\u00f3n nacional en lo m\u00e1s alto.<\/p>\n<p>En el cuadro femenino, la competici\u00f3n promete ser igual de re\u00f1ida. Alexandra Tondeur, campeona mundial de larga distancia en Pontevedra en 2019, la alemana Anja Fachbach, la neerlandesa Claudia Striekwold y la suiza Maja Indermuehle, son solo algunas de las destacadas triatletas que buscar\u00e1n conquistar Portocolom.<\/p>\n<p>El Triatl\u00f3n de Portocolom no solo es el m\u00e1s longevo de las Islas Baleares sino tambi\u00e9n el favorito entre los deportistas locales, algo que se ha reafirmado en cada edici\u00f3n desde su nacimiento. Celebrando el pasado abril su 25\u00b0 aniversario, el evento logr\u00f3 reunir a 600 participantes de 25 nacionalidades diferentes, una clara muestra del esp\u00edritu internacional \u00a0que define a esta prueba.<\/p>\n<p>Organizado por Kumulus y el Club Triatl\u00f3 Portocolom, con el respaldo del Ayuntamiento de Felanitx y el patrocinio de la Fundaci\u00f3n Mallorca Turismo, el Triatl\u00f3n de Portocolom se erige como una cita ineludible para los amantes del triatl\u00f3n, tanto profesionales como aficionados. Y es que, m\u00e1s all\u00e1 de los n\u00fameros y las estad\u00edsticas, lo que realmente hace grande a este evento es su capacidad para reunir a la comunidad triatleta en un escenario incomparable, haciendo de cada edici\u00f3n una experiencia \u00fanica e inolvidable.<\/p>\n<p>Para quienes deseen seguir de cerca esta competici\u00f3n y no perderse ning\u00fan detalle, toda la informaci\u00f3n est\u00e1 disponible en la web oficial <a href=\"http:\/\/www.triathlonportocolom.net\/\" target=\"_new\" rel=\"noopener nofollow\">www.triathlonportocolom.net<\/a>, y se puede seguir el evento a trav\u00e9s de sus redes sociales en Twitter e Instagram (@TriPortocolom) y Facebook.<\/p>\n<div class=\"youtube-embed\" data-video_id=\"nk9AtQbuMzk\"><iframe title=\"Triatl\u00f3n En Vena Podcast #405  | Lo que NO SE VIO en  T100 MIAMI\" width=\"696\" height=\"392\" src=\"https:\/\/www.youtube.com\/embed\/nk9AtQbuMzk?start=20&#038;feature=oembed\" frameborder=\"0\" allow=\"accelerometer; autoplay; clipboard-write; encrypted-media; gyroscope; picture-in-picture; web-share\" allowfullscreen><\/iframe><\/div>\n<\/div>\n<\/div>\n<\/div>\n<\/div>\n<\/div>\n<\/div>\n<\/div>\n<\/div>\n<\/div>\n<\/div>\n<\/div>\n<\/div>\n","protected":false},"excerpt":{"rendered":"<p>El emblem\u00e1tico Triatl\u00f3n de Portocolom promete espect\u00e1culo con su 26\u00aa edici\u00f3n, con participaci\u00f3n r\u00e9cord y numerosos \u00e9lites internacionales confirmados.<\/p>\n","protected":false},"author":322,"featured_media":89351,"comment_status":"closed","ping_status":"open","sticky":false,"template":"","format":"standard","meta":{"_acf_changed":false,"rank_math_lock_modified_date":false,"footnotes":""},"categories":[17,19,1191],"tags":[],"class_list":{"0":"post-89349","1":"post","2":"type-post","3":"status-publish","4":"format-standard","5":"has-post-thumbnail","7":"category-actualidad","8":"category-competiciones","9":"category-triatlon"},"acf":[],"_links":{"self":[{"href":"https:\/\/miurltemporal.com/main/triatletasenred.sport.es\/wp-json\/wp\/v2\/posts\/89349"}],"collection":[{"href":"https:\/\/miurltemporal.com/main/triatletasenred.sport.es\/wp-json\/wp\/v2\/posts"}],"about":[{"href":"https:\/\/miurltemporal.com/main/triatletasenred.sport.es\/wp-json\/wp\/v2\/types\/post"}],"author":[{"embeddable":true,"href":"https:\/\/miurltemporal.com/main/triatletasenred.sport.es\/wp-json\/wp\/v2\/users\/322"}],"replies":[{"embeddable":true,"href":"https:\/\/miurltemporal.com/main/triatletasenred.sport.es\/wp-json\/wp\/v2\/comments?post=89349"}],"version-history":[{"count":1,"href":"https:\/\/miurltemporal.com/main/triatletasenred.sport.es\/wp-json\/wp\/v2\/posts\/89349\/revisions"}],"predecessor-version":[{"id":89352,"href":"https:\/\/miurltemporal.com/main/triatletasenred.sport.es\/wp-json\/wp\/v2\/posts\/89349\/revisions\/89352"}],"wp:featuredmedia":[{"embeddable":true,"href":"https:\/\/miurltemporal.com/main/triatletasenred.sport.es\/wp-json\/wp\/v2\/media\/89351"}],"wp:attachment":[{"href":"https:\/\/miurltemporal.com/main/triatletasenred.sport.es\/wp-json\/wp\/v2\/media?parent=89349"}],"wp:term":[{"taxonomy":"category","embeddable":true,"href":"https:\/\/miurltemporal.com/main/triatletasenred.sport.es\/wp-json\/wp\/v2\/categories?post=89349"},{"taxonomy":"post_tag","embeddable":true,"href":"https:\/\/miurltemporal.com/main/triatletasenred.sport.es\/wp-json\/wp\/v2\/tags?post=89349"}],"curies":[{"name":"wp","href":"https:\/\/api.w.org\/{rel}","templated":true}]}}