{"id":89120,"date":"2024-03-05T06:58:30","date_gmt":"2024-03-05T05:58:30","guid":{"rendered":"https:\/\/miurltemporal.com/main/triatletasenred.sport.es\/?p=89120"},"modified":"2024-03-05T06:58:30","modified_gmt":"2024-03-05T05:58:30","slug":"laura-philipp-analiza-el-circuito-de-niza","status":"publish","type":"post","link":"https:\/\/miurltemporal.com/main/triatletasenred.sport.es\/actualidad\/laura-philipp-analiza-el-circuito-de-niza\/","title":{"rendered":"Laura Philipp analiza el circuito de Niza"},"content":{"rendered":"<p>Laura Philipp junto a su pareja y entrenador Philipp Seipp visitan Niza y desvelan las claves del circuito del Mundial Ironman<span class=\"Apple-converted-space\">\u00a0<\/span><\/p>\n<p><a href=\"http:\/\/https:\/\/acortar.link\/SILsje\" rel=\"nofollow\" target=\"_blank\"><img fetchpriority=\"high\" decoding=\"async\" class=\"alignnone size-full wp-image-87738\" src=\"https:\/\/miurltemporal.com/main/triatletasenred.sport.es\/wp-content\/uploads\/INVERSE-TRIATLETASENRED-750x150-1.gif\" alt=\"\" width=\"750\" height=\"150\" \/><\/a><\/p>\n<h4>INTRODUCCI\u00d3N<\/h4>\n<hr \/>\n<p>La triatleta alemana y <strong>n\u00famero 5 del ranking PTO<\/strong> ser\u00e1 una de las triatletas que estar\u00e1 en el <strong>T100 Triathlon Tour<\/strong> que dar\u00e1 comienzo en apenas unos d\u00edas en Miami (aunque Laura Philipp ha descartado la primera cita del T100). Aun as\u00ed, hace pocas semanas <a href=\"https:\/\/miurltemporal.com/main/triatletasenred.sport.es\/actualidad\/laura-philipp-desvela-el-principal-objetivo-del-2024\/\">nos hac\u00edamos eco<\/a> de que su principal objetivo del a\u00f1o iba a estar en ese <strong>Campeonato del Mundo Ironman<\/strong> del mes de septiembre que se disputar\u00e1 en <strong>Niza<\/strong> en categor\u00eda femenina.<\/p>\n<p>Pues bien, con la intenci\u00f3n de conocer lo que se encontrar\u00e1 en el Mundial Ironman, Laura Philipp junto a su pareja y entrenador <strong>Philipp Seipp<\/strong> han viajado hasta la costa azul para reconocer el circuito ciclista.<span class=\"Apple-converted-space\">\u00a0<\/span><\/p>\n<h4>PHILIPP SEIPP Y SU OPINI\u00d3N SOBRE EL CIRCUITO CICLISTA<\/h4>\n<hr \/>\n<p>El entrenador de la alemana ha sido claro a la hora de explicar el motivo de ir a Niza y reconocer el circuito ciclista \u201c<em>se aprende mucho visitando el lugar y los circuitos donde se va a competir. No s\u00f3lo viendo, <strong>sino tambi\u00e9n sintiendo la carretera<\/strong><\/em>\u201d.<span class=\"Apple-converted-space\">\u00a0<\/span><\/p>\n<p>Adem\u00e1s, Philipp ha querido detallar que de cara a un reconocimiento de un circuito no s\u00f3lo hay que prestar atenci\u00f3n al recorrido si no tambi\u00e9n <strong>a las demandas que va a exigir pedalear por esas carreteras<\/strong> \u201c<em>Niza es un circuito con mucho desnivel donde los triatletas tendr\u00e1n <strong>picos de wattios<\/strong>, van a estar mucho tiempo <strong>por encima de los 1.200 metros de altitud<\/strong> y adem\u00e1s el t<strong>iempo de la bici va a ser mayor<\/strong> de lo que es en otros Ironman<\/em>\u201d. Unas caracter\u00edsticas que como bien explica Philipp van a requerir <strong>ciertas demandas, adaptaciones y especificidades<\/strong> que se van a tener que entrenar.<span class=\"Apple-converted-space\">\u00a0<\/span><\/p>\n<h4>LAURA PHILIPP: ES EL MEJOR CIRCUITO EN EL QUE HE ESTADO<\/h4>\n<hr \/>\n<p>La alemana ha sido muy tajante en su opini\u00f3n sobre el circuito ciclista del Campeonato del Mundo Ironman Niza \u201c<em>el inicio del circuito<\/em> <em>me ha impresionado mucho por lo bonito que es y para mi, <strong>es el mejor recorrido ciclista<\/strong> <strong>y el m\u00e1s duro<\/strong> en el que jam\u00e1s he competido<\/em>\u201d<\/p>\n<p>En cuanto al recorrido, Laura Philipp confiesa que a pesar de tener un gran desnivel, hay terreno tambi\u00e9n para ir <strong>r\u00e1pido y acoplado<\/strong>. Un circuito muy diferente al de Hawaii que la triatleta de Canyon cree que <strong>beneficiar\u00e1 m\u00e1s a las europeas<\/strong> \u201c<em>las europeas estamos acostumbrados a recorridos monta\u00f1osos y con bajadas largas y muy t\u00e9cnicas<\/em>\u201d.<\/p>\n<p>Un an\u00e1lisis del recorrido ciclista que la alemana no quiere profundizar para<strong> no dar pistas a sus rivales<\/strong> \u201c<em>doy gracias de haber estado y tener una idea mucho m\u00e1s clara de lo que es el circuito y de c\u00f3mo me tengo que preparar. Me voy ahorrar ciertas cosas que he visto para no dar pistas a mis rivales<\/em>\u201d. Adem\u00e1s, Laura Philipp confiesa que el tipo de esfuerzo va a ser muy diferente respecto al de otras pruebas y eso va a exigir <strong>diferentes demandas energ\u00e9ticas<\/strong> que se van a tener que tener muy en cuenta para poder afrontar la marat\u00f3n en garant\u00edas.<span class=\"Apple-converted-space\">\u00a0<\/span><\/p>\n<h4>BICI DE RUTA O BICI DE CONTRARRELOJ<\/h4>\n<hr \/>\n<p>En 2023 con la carrera de los chicos se habl\u00f3 mucho de la probabilidad de usar una bici de ruta en vez de contrarreloj teniendo en cuenta el desnivel de la prueba y las zonas t\u00e9cnicas. A\u00fan as\u00ed, todos los triatletas utilizaron la bici de contrarreloj.<span class=\"Apple-converted-space\">\u00a0<\/span><\/p>\n<p>En ese aspecto, y a pesar de ser consciente de que las bajadas son muy t\u00e9cnicas y en muchos momentos se cruza por caminos muy estrechos donde la carretera est\u00e1 en mal estado, parece que la triatleta de Canyon<strong> tomar\u00e1 la misma decisi\u00f3n<\/strong> aunque adaptar\u00e1 su <strong>SpeedMax<\/strong> para la ocasi\u00f3n \u201c<em>por supuesto adaptaremos la bici para la carrera teniendo en cuenta las caracter\u00edsticas del recorrid<\/em>o\u201d.<span class=\"Apple-converted-space\">\u00a0<\/span><\/p>\n<p>Una decisi\u00f3n tomada ya que seg\u00fan comenta la triatleta alemana \u201c<em>hay muchas zonas de descenso donde si est\u00e1s con confianza y t\u00e9cnicamente eres h\u00e1bil sobre la bici, puedes ir acoplada y ganar mucho tiempo&#8221;<\/em><\/p>\n<div class=\"youtube-embed\" data-video_id=\"o8nEzqId8hA\"><iframe title=\"20 Ejercicios B\u00c1SICOS de Nataci\u00f3n: Mejora Tu T\u00e9cnica y Nada con MENOS ESFUERZO\" width=\"696\" height=\"392\" src=\"https:\/\/www.youtube.com\/embed\/o8nEzqId8hA?feature=oembed&#038;enablejsapi=1\" frameborder=\"0\" allow=\"accelerometer; autoplay; clipboard-write; encrypted-media; gyroscope; picture-in-picture; web-share\" allowfullscreen><\/iframe><\/div>\n","protected":false},"excerpt":{"rendered":"<p>Laura Philipp junto a su pareja y entrenador Philipp Seipp visitan Niza y desvelan las claves del circuito del Mundial Ironman<\/p>\n","protected":false},"author":325,"featured_media":82003,"comment_status":"closed","ping_status":"open","sticky":false,"template":"","format":"standard","meta":{"_acf_changed":false,"rank_math_lock_modified_date":false,"footnotes":""},"categories":[17],"tags":[5565,10828,10829],"class_list":{"0":"post-89120","1":"post","2":"type-post","3":"status-publish","4":"format-standard","5":"has-post-thumbnail","7":"category-actualidad","8":"tag-laura-philipp","9":"tag-laura-philipp-analisis-niza-2024","10":"tag-laura-philipp-campeonato-del-mundo-ironman-niza"},"acf":[],"_links":{"self":[{"href":"https:\/\/miurltemporal.com/main/triatletasenred.sport.es\/wp-json\/wp\/v2\/posts\/89120"}],"collection":[{"href":"https:\/\/miurltemporal.com/main/triatletasenred.sport.es\/wp-json\/wp\/v2\/posts"}],"about":[{"href":"https:\/\/miurltemporal.com/main/triatletasenred.sport.es\/wp-json\/wp\/v2\/types\/post"}],"author":[{"embeddable":true,"href":"https:\/\/miurltemporal.com/main/triatletasenred.sport.es\/wp-json\/wp\/v2\/users\/325"}],"replies":[{"embeddable":true,"href":"https:\/\/miurltemporal.com/main/triatletasenred.sport.es\/wp-json\/wp\/v2\/comments?post=89120"}],"version-history":[{"count":1,"href":"https:\/\/miurltemporal.com/main/triatletasenred.sport.es\/wp-json\/wp\/v2\/posts\/89120\/revisions"}],"predecessor-version":[{"id":89122,"href":"https:\/\/miurltemporal.com/main/triatletasenred.sport.es\/wp-json\/wp\/v2\/posts\/89120\/revisions\/89122"}],"wp:featuredmedia":[{"embeddable":true,"href":"https:\/\/miurltemporal.com/main/triatletasenred.sport.es\/wp-json\/wp\/v2\/media\/82003"}],"wp:attachment":[{"href":"https:\/\/miurltemporal.com/main/triatletasenred.sport.es\/wp-json\/wp\/v2\/media?parent=89120"}],"wp:term":[{"taxonomy":"category","embeddable":true,"href":"https:\/\/miurltemporal.com/main/triatletasenred.sport.es\/wp-json\/wp\/v2\/categories?post=89120"},{"taxonomy":"post_tag","embeddable":true,"href":"https:\/\/miurltemporal.com/main/triatletasenred.sport.es\/wp-json\/wp\/v2\/tags?post=89120"}],"curies":[{"name":"wp","href":"https:\/\/api.w.org\/{rel}","templated":true}]}}