{"id":89116,"date":"2024-03-04T14:50:04","date_gmt":"2024-03-04T13:50:04","guid":{"rendered":"https:\/\/miurltemporal.com/main/triatletasenred.sport.es\/?p=89116"},"modified":"2024-03-04T14:50:24","modified_gmt":"2024-03-04T13:50:24","slug":"vincent-luis-analiza-sus-opciones-para-la-cita-olimpica","status":"publish","type":"post","link":"https:\/\/miurltemporal.com/main/triatletasenred.sport.es\/actualidad\/vincent-luis-analiza-sus-opciones-para-la-cita-olimpica\/","title":{"rendered":"Vincent Luis analiza sus opciones para la cita ol\u00edmpica"},"content":{"rendered":"<p>Vincent Luis, sin la clasificaci\u00f3n para los Juegos Ol\u00edmpicos, analiza sus opciones y desvela su calendario tras Par\u00eds 2024<\/p>\n<p><a href=\"http:\/\/https:\/\/tidd.ly\/421T3mC\" rel=\"nofollow\" target=\"_blank\"><img fetchpriority=\"high\" decoding=\"async\" class=\"alignnone size-full wp-image-88398\" src=\"https:\/\/miurltemporal.com/main/triatletasenred.sport.es\/wp-content\/uploads\/700x100px_HOKA.jpg\" alt=\"\" width=\"700\" height=\"100\" srcset=\"https:\/\/miurltemporal.com/main/triatletasenred.sport.es\/wp-content\/uploads\/700x100px_HOKA.jpg 700w, https:\/\/miurltemporal.com/main/triatletasenred.sport.es\/wp-content\/uploads\/700x100px_HOKA-300x43.jpg 300w, https:\/\/miurltemporal.com/main/triatletasenred.sport.es\/wp-content\/uploads\/700x100px_HOKA-696x100.jpg 696w\" sizes=\"(max-width: 700px) 100vw, 700px\" \/><\/a><\/p>\n<h4><div id=\"ez-toc-container\" class=\"ez-toc-v2_0_69_1 counter-hierarchy ez-toc-counter ez-toc-grey ez-toc-container-direction\">\n<div class=\"ez-toc-title-container\">\n<p class=\"ez-toc-title\" style=\"cursor:inherit\">Table of Contents<\/p>\n<span class=\"ez-toc-title-toggle\"><a href=\"#\" class=\"ez-toc-pull-right ez-toc-btn ez-toc-btn-xs ez-toc-btn-default ez-toc-toggle\" aria-label=\"Toggle Table of Content\"><span class=\"ez-toc-js-icon-con\"><span class=\"\"><span class=\"eztoc-hide\" style=\"display:none;\">Toggle<\/span><span class=\"ez-toc-icon-toggle-span\"><svg style=\"fill: #999;color:#999\" xmlns=\"http:\/\/www.w3.org\/2000\/svg\" class=\"list-377408\" width=\"20px\" height=\"20px\" viewBox=\"0 0 24 24\" fill=\"none\"><path d=\"M6 6H4v2h2V6zm14 0H8v2h12V6zM4 11h2v2H4v-2zm16 0H8v2h12v-2zM4 16h2v2H4v-2zm16 0H8v2h12v-2z\" fill=\"currentColor\"><\/path><\/svg><svg style=\"fill: #999;color:#999\" class=\"arrow-unsorted-368013\" xmlns=\"http:\/\/www.w3.org\/2000\/svg\" width=\"10px\" height=\"10px\" viewBox=\"0 0 24 24\" version=\"1.2\" baseProfile=\"tiny\"><path d=\"M18.2 9.3l-6.2-6.3-6.2 6.3c-.2.2-.3.4-.3.7s.1.5.3.7c.2.2.4.3.7.3h11c.3 0 .5-.1.7-.3.2-.2.3-.5.3-.7s-.1-.5-.3-.7zM5.8 14.7l6.2 6.3 6.2-6.3c.2-.2.3-.5.3-.7s-.1-.5-.3-.7c-.2-.2-.4-.3-.7-.3h-11c-.3 0-.5.1-.7.3-.2.2-.3.5-.3.7s.1.5.3.7z\"\/><\/svg><\/span><\/span><\/span><\/a><\/span><\/div>\n<nav><ul class='ez-toc-list ez-toc-list-level-1 ' ><li class='ez-toc-page-1 ez-toc-heading-level-4'><a class=\"ez-toc-link ez-toc-heading-1\" href=\"https:\/\/miurltemporal.com/main/triatletasenred.sport.es\/actualidad\/vincent-luis-analiza-sus-opciones-para-la-cita-olimpica\/#DIFICULTADES_EN_LOS_ULTIMOS_DOS_ANOS\" title=\"DIFICULTADES EN LOS \u00daLTIMOS DOS A\u00d1OS\">DIFICULTADES EN LOS \u00daLTIMOS DOS A\u00d1OS<\/a><\/li><li class='ez-toc-page-1 ez-toc-heading-level-4'><a class=\"ez-toc-link ez-toc-heading-2\" href=\"https:\/\/miurltemporal.com/main/triatletasenred.sport.es\/actualidad\/vincent-luis-analiza-sus-opciones-para-la-cita-olimpica\/#TOTALMENTE_RECUPERADO_DE_LA_LESION\" title=\"TOTALMENTE RECUPERADO DE LA LESI\u00d3N\">TOTALMENTE RECUPERADO DE LA LESI\u00d3N<\/a><\/li><li class='ez-toc-page-1 ez-toc-heading-level-4'><a class=\"ez-toc-link ez-toc-heading-3\" href=\"https:\/\/miurltemporal.com/main/triatletasenred.sport.es\/actualidad\/vincent-luis-analiza-sus-opciones-para-la-cita-olimpica\/#OBJETIVO_2024_PARIS_2024\" title=\"OBJETIVO 2024: PAR\u00cdS 2024\">OBJETIVO 2024: PAR\u00cdS 2024<\/a><\/li><li class='ez-toc-page-1 ez-toc-heading-level-4'><a class=\"ez-toc-link ez-toc-heading-4\" href=\"https:\/\/miurltemporal.com/main/triatletasenred.sport.es\/actualidad\/vincent-luis-analiza-sus-opciones-para-la-cita-olimpica\/#CARRERAS_DE_LA_T100_TRIATHLON_TOUR_EN_2024\" title=\"CARRERAS DE LA T100 TRIATHLON TOUR EN 2024\">CARRERAS DE LA T100 TRIATHLON TOUR EN 2024<\/a><\/li><li class='ez-toc-page-1 ez-toc-heading-level-4'><a class=\"ez-toc-link ez-toc-heading-5\" href=\"https:\/\/miurltemporal.com/main/triatletasenred.sport.es\/actualidad\/vincent-luis-analiza-sus-opciones-para-la-cita-olimpica\/#OBJETIVO_TRAS_PARIS_2024_IRONMAN\" title=\"OBJETIVO TRAS PARIS 2024: IRONMAN\">OBJETIVO TRAS PARIS 2024: IRONMAN<\/a><\/li><li class='ez-toc-page-1 ez-toc-heading-level-4'><a class=\"ez-toc-link ez-toc-heading-6\" href=\"https:\/\/miurltemporal.com/main/triatletasenred.sport.es\/actualidad\/vincent-luis-analiza-sus-opciones-para-la-cita-olimpica\/#SUENOS_POR_CUMPLIR_EN_EL_TRIATLON\" title=\"SUE\u00d1OS POR CUMPLIR EN EL TRIATL\u00d3N\">SUE\u00d1OS POR CUMPLIR EN EL TRIATL\u00d3N<\/a><\/li><li class='ez-toc-page-1 ez-toc-heading-level-4'><a class=\"ez-toc-link ez-toc-heading-7\" href=\"https:\/\/miurltemporal.com/main/triatletasenred.sport.es\/actualidad\/vincent-luis-analiza-sus-opciones-para-la-cita-olimpica\/#MEJOR_TRIATLETA_DE_LA_HISTORIA\" title=\"MEJOR TRIATLETA DE LA HISTORIA\">MEJOR TRIATLETA DE LA HISTORIA<\/a><\/li><\/ul><\/nav><\/div>\n<\/h4>\n<h4><span class=\"ez-toc-section\" id=\"DIFICULTADES_EN_LOS_ULTIMOS_DOS_ANOS\"><\/span>DIFICULTADES EN LOS \u00daLTIMOS DOS A\u00d1OS<span class=\"ez-toc-section-end\"><\/span><\/h4>\n<hr \/>\n<p>Los \u00faltimos dos a\u00f1os del franc\u00e9s han sido como una monta\u00f1a rusa ya que el <strong>2022 fue un gran a\u00f1o<\/strong> donde mostr\u00f3 un rendimiento excepcional que le llev\u00f3 a auparse en lo m\u00e1s alto de pruebas importantes \u201c<em>creo que el 2022 fue un gran a\u00f1o sobre todo al final <strong>ganando las WTCS de Bermudas<\/strong>, haciendo una buena carrera en la <strong>Gran Final en Abu Dhabi (7\u00ba)<\/strong> y <strong>ganando<\/strong> tambi\u00e9n <strong>Clash Daytona y Ironman 70.3 Bahrein<\/strong><\/em>\u201d. A\u00fan as\u00ed, la <strong>lesi\u00f3n<\/strong> sufrida en<strong> 2023<\/strong> le tuvo en el dique seco pr\u00e1cticamente toda la temporada \u201c<em>en 2023 en mayo tuve una<strong> fractura por estr\u00e9s en el f\u00e9mur<\/strong>. Me intent\u00e9 recuperar para Par\u00eds en un periodo muy corto y volv\u00ed a recaer as\u00ed que fue un a\u00f1o para olvidar<\/em>\u201d<\/p>\n<h4><span class=\"ez-toc-section\" id=\"TOTALMENTE_RECUPERADO_DE_LA_LESION\"><\/span>TOTALMENTE RECUPERADO DE LA LESI\u00d3N<span class=\"ez-toc-section-end\"><\/span><\/h4>\n<hr \/>\n<p>Aunque Vincent Luis volvi\u00f3 para el <strong>Test Event de Par\u00eds<\/strong> a finales de julio, fue una vuelta muy prematura que le hizo volver a recaer de la lesi\u00f3n y <strong>decir adi\u00f3s a la temporada 2023<\/strong>. Aun as\u00ed, la lesi\u00f3n parece estar en el olvid\u00f3 y el triatleta bicampe\u00f3n del mundo ya est\u00e1 totalmente enfocado en su <strong>\u00faltimo a\u00f1o en la corta distancia<\/strong> \u201c<em>ahora estoy recuperado, sin dolor y lo que es m\u00e1s importante, mentalmente sin miedo. Voy a dar mi mejor versi\u00f3n este \u00faltimo a\u00f1o en la corta distancia<\/em>\u201d.<span class=\"Apple-converted-space\">\u00a0<\/span><\/p>\n<p>A pesar de casi no competir en 2023, el triatleta franc\u00e9s no perdi\u00f3 el tiempo y aprovech\u00f3 para <strong>estudiar a todos sus rivales<\/strong> \u201c<em>vi todas las carreras para intentar ver las debilidades de mis rivales y coger detalles y datos de lo que me pudiese interesar de cara a mi vuelta a la competici\u00f3n<\/em>\u201d<\/p>\n<h4><span class=\"ez-toc-section\" id=\"OBJETIVO_2024_PARIS_2024\"><\/span>OBJETIVO 2024: PAR\u00cdS 2024<span class=\"ez-toc-section-end\"><\/span><\/h4>\n<hr \/>\n<p>La cita ol\u00edmpica es el gran objetivo para un Vincent Luis que ya sabe lo que es estar en unos <strong>Juegos Ol\u00edmpicos tras disfrutarlos en 2012, 2016 y 2021<\/strong>. A\u00fan as\u00ed, teniendo en cuenta quienes son su rivales para estar representando a su selecci\u00f3n, las opciones de poder estar en julio en la l\u00ednea de salida <strong>no son nada f\u00e1ciles<\/strong> \u201c<em>tenemos a <strong>Dorian Conix<\/strong> quien gan\u00f3 las WTCS en 2023, a <strong>Leo Berger\u00e9<\/strong> que las gan\u00f3 en 2022, <strong>Pierre Le Corre<\/strong> y yo mismo que las gan\u00e9 en 2019 y 2020. El equipo franc\u00e9s es muy fuerte y no me gustar\u00eda ser el director deportivo para decidir qui\u00e9n tiene que ir a los Juegos Ol\u00edmpicos Par\u00eds 2024<\/em>\u201d<\/p>\n<p>Adem\u00e1s, a pesar de que <strong>Pierre Le Corre y Dorian Conix est\u00e1n pre-seleccionados<\/strong> para la cita ol\u00edmpica, pueden perder su plaza si no terminan en el Top 6 en las tres grandes carreras de las WTCS que decidir\u00e1n los triatletas que estar\u00e1n en Par\u00eds \u201c<em><strong>Abu Dhabi, Yocohama y Cagliari<\/strong> decidir\u00e1n los que ir\u00e1n a Par\u00eds y yo estar\u00e9 en las tres carreras<\/em>\u201d.<\/p>\n<p>Por ello, el gran objetivo de Vincent Luis sigue estando a su alcance aunque en mente tambi\u00e9n tiene otros retos para su a\u00f1o de despedida de la corta distancia \u201c<em>me gustar\u00eda conseguir tambi\u00e9n el <strong>t\u00edtulo en las World Triathlon y en la Super League<\/strong> y cerrar as\u00ed mi carrera en la corta distancia<\/em>\u201d<\/p>\n<h4><span class=\"ez-toc-section\" id=\"CARRERAS_DE_LA_T100_TRIATHLON_TOUR_EN_2024\"><\/span>CARRERAS DE LA T100 TRIATHLON TOUR EN 2024<span class=\"ez-toc-section-end\"><\/span><\/h4>\n<hr \/>\n<p>El gran evento organizado por la PTO para el 2024 tampoco pasa desapercibido para un Vincent Luis que no descarta correr alguna de las pruebas tras los Juegos Ol\u00edmpicos \u201c<em>si me dan <strong>WildCard<\/strong> por supuesto que la aceptar\u00e9<\/em>\u201d. Adem\u00e1s, el propio franc\u00e9s reconoce no haber mucha diferencia entre la corta y la media distancia \u201c<em>no hay mucha diferencia en la Media Distancia, siguen siendo carreras r\u00e1pidas de 3h45<\/em>\u201d<\/p>\n<h4><span class=\"ez-toc-section\" id=\"OBJETIVO_TRAS_PARIS_2024_IRONMAN\"><\/span>OBJETIVO TRAS PARIS 2024: IRONMAN<span class=\"ez-toc-section-end\"><\/span><\/h4>\n<hr \/>\n<p>El propio Vincent Luis anunci\u00f3 a principios de a\u00f1o que la cita de Par\u00eds ser\u00e1 su \u00faltima prueba en al corta distancia. A partir de ah\u00ed, su futuro est\u00e1 escrito \u201c<em>a finales de 2024 <strong>dar\u00e9 el salto a la distancia Ironman<\/strong> compitiendo en mi primera prueba<\/em>\u201d. Para ello, el franc\u00e9s ya se est\u00e1 rodeando de los mejores y comenzando a preparar lo que ser\u00e1 su salto a la distancia reina donde se encontrar\u00e1 a triatletas de la talla <strong>de los noruegos o Magnus Ditlev<\/strong> \u201c<em>para enfrentarme a los mejores debo prepararme muy bien y para eso voy a visitar el <strong>t\u00fanel del viento y hacerme bike fitting<\/strong> porque creo que es fundamental adem\u00e1s de meter horas en la bici de contrarreloj<\/em>\u201d<\/p>\n<p>Por otro lado, el franc\u00e9s<strong> no descarta acudir al Mundial Ironman 70.3<\/strong> que se disputar\u00e1 en <strong>Nueva Zelanda<\/strong> a finales de 2024 \u201c<em>aunque est\u00e9 lejos y el viaje sea largo, no lo descarto aunque no tengo la clasificaci\u00f3n y tendr\u00eda que gan\u00e1rmela en alguna Ironman 70.3 que haya despu\u00e9s de Par\u00eds 2024<\/em>\u201d<\/p>\n<h4><span class=\"ez-toc-section\" id=\"SUENOS_POR_CUMPLIR_EN_EL_TRIATLON\"><\/span>SUE\u00d1OS POR CUMPLIR EN EL TRIATL\u00d3N<span class=\"ez-toc-section-end\"><\/span><\/h4>\n<hr \/>\n<p>Aunque Vincent Luis ha sido ganador de las WTCS en dos a\u00f1os consecutivos, a\u00fan tiene dos sue\u00f1os por cumplir \u201c<em>hay dos carreras que se sue\u00f1an ganar en triatl\u00f3n que son los <strong>Juegos Ol\u00edmpicos y Hawaii<\/strong> y las otras victorias son para la estanter\u00eda<\/em>\u201d<\/p>\n<p>En ese sentido, el franc\u00e9s tiene claro que si alguna vez puede convertirse en <strong>Campe\u00f3n del Mundo Ironman<\/strong> lo quiere hacer <strong>en la isla de Hawaii<\/strong> ya que de lo contrario, no le sabr\u00eda igual \u201c<em>si tuviera que elegir entre ganar Niza o Hawaii incluso siendo franc\u00e9s no tendr\u00eda dudas. Es m\u00e1s, si le preguntases a Blummenfelt si cambiar\u00eda su tercer puesto en Hawaii y su victoria en St George por una victoria en Hawaii estoy seguro de que te dir\u00eda que s\u00ed<\/em>\u201d<\/p>\n<h4><span class=\"ez-toc-section\" id=\"MEJOR_TRIATLETA_DE_LA_HISTORIA\"><\/span>MEJOR TRIATLETA DE LA HISTORIA<span class=\"ez-toc-section-end\"><\/span><\/h4>\n<hr \/>\n<p>A la pregunta de qui\u00e9n es el <strong>mejor triatleta de todos los tiempos<\/strong> y a la que mucha gente le da miedo responder, Vincent Luis lo tiene completamente claro \u201c<em>para mi <strong>Jan Frodeno es el mejor triatleta de la historia<\/strong> porque ha ganado unos Juegos Ol\u00edmpicos y tres veces el Campeonato del Mundo en Hawaii<\/em>\u201d<\/p>\n<div class=\"youtube-embed\" data-video_id=\"o8nEzqId8hA\"><iframe title=\"20 Ejercicios B\u00c1SICOS de Nataci\u00f3n: Mejora Tu T\u00e9cnica y Nada con MENOS ESFUERZO\" width=\"696\" height=\"392\" src=\"https:\/\/www.youtube.com\/embed\/o8nEzqId8hA?feature=oembed&#038;enablejsapi=1\" frameborder=\"0\" allow=\"accelerometer; autoplay; clipboard-write; encrypted-media; gyroscope; picture-in-picture; web-share\" allowfullscreen><\/iframe><\/div>\n","protected":false},"excerpt":{"rendered":"<p>Vincent Luis, sin la clasificaci\u00f3n para los Juegos Ol\u00edmpicos, analiza sus opciones y desvela su calendario tras Par\u00eds 2024<\/p>\n","protected":false},"author":325,"featured_media":78590,"comment_status":"closed","ping_status":"open","sticky":false,"template":"","format":"standard","meta":{"_acf_changed":false,"rank_math_lock_modified_date":false,"footnotes":""},"categories":[17],"tags":[10827],"class_list":{"0":"post-89116","1":"post","2":"type-post","3":"status-publish","4":"format-standard","5":"has-post-thumbnail","7":"category-actualidad","8":"tag-vincent-luis-2024"},"acf":[],"_links":{"self":[{"href":"https:\/\/miurltemporal.com/main/triatletasenred.sport.es\/wp-json\/wp\/v2\/posts\/89116"}],"collection":[{"href":"https:\/\/miurltemporal.com/main/triatletasenred.sport.es\/wp-json\/wp\/v2\/posts"}],"about":[{"href":"https:\/\/miurltemporal.com/main/triatletasenred.sport.es\/wp-json\/wp\/v2\/types\/post"}],"author":[{"embeddable":true,"href":"https:\/\/miurltemporal.com/main/triatletasenred.sport.es\/wp-json\/wp\/v2\/users\/325"}],"replies":[{"embeddable":true,"href":"https:\/\/miurltemporal.com/main/triatletasenred.sport.es\/wp-json\/wp\/v2\/comments?post=89116"}],"version-history":[{"count":2,"href":"https:\/\/miurltemporal.com/main/triatletasenred.sport.es\/wp-json\/wp\/v2\/posts\/89116\/revisions"}],"predecessor-version":[{"id":89119,"href":"https:\/\/miurltemporal.com/main/triatletasenred.sport.es\/wp-json\/wp\/v2\/posts\/89116\/revisions\/89119"}],"wp:featuredmedia":[{"embeddable":true,"href":"https:\/\/miurltemporal.com/main/triatletasenred.sport.es\/wp-json\/wp\/v2\/media\/78590"}],"wp:attachment":[{"href":"https:\/\/miurltemporal.com/main/triatletasenred.sport.es\/wp-json\/wp\/v2\/media?parent=89116"}],"wp:term":[{"taxonomy":"category","embeddable":true,"href":"https:\/\/miurltemporal.com/main/triatletasenred.sport.es\/wp-json\/wp\/v2\/categories?post=89116"},{"taxonomy":"post_tag","embeddable":true,"href":"https:\/\/miurltemporal.com/main/triatletasenred.sport.es\/wp-json\/wp\/v2\/tags?post=89116"}],"curies":[{"name":"wp","href":"https:\/\/api.w.org\/{rel}","templated":true}]}}