{"id":89112,"date":"2024-03-04T11:37:46","date_gmt":"2024-03-04T10:37:46","guid":{"rendered":"https:\/\/miurltemporal.com/main/triatletasenred.sport.es\/?p=89112"},"modified":"2024-03-04T11:37:46","modified_gmt":"2024-03-04T10:37:46","slug":"marchajufreriuprimerinscripciones","status":"publish","type":"post","link":"https:\/\/miurltemporal.com/main/triatletasenred.sport.es\/actualidad\/marchajufreriuprimerinscripciones\/","title":{"rendered":"La 11\u00aa Marcha Jufr\u00e9 Riuprimer abre inscripciones"},"content":{"rendered":"<h3>La Marcha cicloturista Jufr\u00e9 Riuprimer esperada para el pr\u00f3ximo 2 de junio ha abierto inscripciones.<\/h3>\n<p><a href=\"https:\/\/acortar.link\/SILsje\" rel=\"nofollow noopener\" target=\"_blank\"><img fetchpriority=\"high\" decoding=\"async\" class=\"aligncenter size-full wp-image-87738\" src=\"https:\/\/miurltemporal.com/main/triatletasenred.sport.es\/wp-content\/uploads\/INVERSE-TRIATLETASENRED-750x150-1.gif\" alt=\"\" width=\"750\" height=\"150\" \/><\/a><\/p>\n<div class=\"flex-1 overflow-hidden\">\n<div class=\"react-scroll-to-bottom--css-kipnk-79elbk h-full\">\n<div class=\"react-scroll-to-bottom--css-kipnk-1n7m0yu\">\n<div class=\"flex flex-col text-sm pb-9\">\n<div class=\"w-full text-token-text-primary\" data-testid=\"conversation-turn-614\">\n<div class=\"px-4 py-2 justify-center text-base md:gap-6 m-auto\">\n<div class=\"flex flex-1 text-base mx-auto gap-3 md:px-5 lg:px-1 xl:px-5 md:max-w-3xl lg:max-w-[40rem] xl:max-w-[48rem] group final-completion\">\n<div class=\"relative flex w-full flex-col agent-turn\">\n<div class=\"flex-col gap-1 md:gap-3\">\n<div class=\"flex flex-grow flex-col max-w-full\">\n<div class=\"min-h-[20px] text-message flex flex-col items-start gap-3 whitespace-pre-wrap break-words [.text-message+&amp;]:mt-5 overflow-x-auto\" data-message-author-role=\"assistant\" data-message-id=\"0edc6c35-4bae-46fc-a849-1fec761cd112\">\n<div class=\"markdown prose w-full break-words dark:prose-invert dark\">\n<p>El calendario cicloturista ya tiene marcado el 2 de junio para la esperada 11\u00aa edici\u00f3n de la Marcha Jufr\u00e9 Riuprimer, una cita que promete emociones y desaf\u00edos sobre ruedas. Aunque los fieles seguidores de este evento han tenido un tiempo para asegurarse un lugar en la salida, desde el viernes 1 de marzo las inscripciones est\u00e1n abiertas al p\u00fablico en general.<\/p>\n<p>La organizaci\u00f3n de la Marcha Jufr\u00e9 Riuprimer recae en manos del Club Nataci\u00f3 Vic-ETB y el Ayuntamiento de Santa Eul\u00e0lia de Riuprimer, con la direcci\u00f3n t\u00e9cnica a cargo de Jufr\u00e9 Cycling. El respaldo de la Diputaci\u00f3n de Barcelona confirma una vez m\u00e1s el compromiso con esta competici\u00f3n que ha ido ganando popularidad y prestigio con el paso de los a\u00f1os, atrayendo a ciclistas de todas partes de Catalu\u00f1a y Europa.<\/p>\n<p>La Marcha Jufr\u00e9 Riuprimer ofrece opciones para todos los gustos y niveles de habilidad ciclista, con dos recorridos que prometen desaf\u00edos y paisajes espectaculares. Por un lado, los participantes pueden optar por el circuito de 111 km, que incluye cinco puertos de monta\u00f1a y un desnivel de 1.731 metros, o bien aventurarse en el recorrido m\u00e1s largo de 154 km, con siete puertos y un total de 2.445 metros de desnivel acumulado.<\/p>\n<p>Ambas rutas atraviesan las comarcas de Osona, el Bergued\u00e0, el Bages y el Llu\u00e7an\u00e8s, con Santa Eul\u00e0lia de Riuprimer como punto de partida y llegada. El trayecto ofrece vistas impresionantes de la Trona, la zona de Alpens y la Riera de Merl\u00e8s, as\u00ed como el desaf\u00edo de las rampas de la Sierra de Degollats y el tramo final desde Orist\u00e0 hasta Fontfreda.<\/p>\n<p>Adem\u00e1s del atractivo paisaj\u00edstico, la Marcha se distingue por su compromiso con el medio ambiente y la calidad de los servicios incluidos en la inscripci\u00f3n. Los participantes disfrutar\u00e1n de avituallamientos durante el recorrido, un almuerzo completo al finalizar, masajes regenerativos, fotos individuales de Photo Adventure, asistencia mec\u00e1nica a cargo de Manteca Pro Assistance, asesoramiento profesional de Talkom telecomunicaciones, duchas, y resultados y tiempos oficiales.<\/p>\n<p>Esta prueba forma parte del prestigioso calendario cicloturista de la Federaci\u00f3n Catalana de Ciclismo, siendo parte de la XXXII Challenge Catalana de Media Distancia y del XXV Circuito Catal\u00e1n de Larga Distancia. Adem\u00e1s, es parte integral del proyecto deportivo liderado por Josep Jufr\u00e9, director t\u00e9cnico de la Escuela Jufr\u00e9 Vic-ETB.<\/p>\n<p>Lo que hace \u00fanica a la Marcha Jufr\u00e9 Riuprimer es su car\u00e1cter local, la cercan\u00eda de su organizaci\u00f3n con los participantes, la colaboraci\u00f3n de la comunidad de Santa Eul\u00e0lia de Riuprimer, los cuerpos de seguridad y Protecci\u00f3n Civil, y sobre todo, el equipo de voluntarios que velan por la seguridad y la experiencia de cada ciclista desde el inicio hasta el final del recorrido.<\/p>\n<p><span class=\"td_btn td_btn_lg td_outlined_btn\"><a href=\"https:\/\/www.jufrecycling.com\/marxa-cicloturista-jufre-riuprimer\/\" rel=\"nofollow noopener\" target=\"_blank\">WEB E INSCRIPCIONES<\/a><\/span><\/p>\n<div class=\"youtube-embed\" data-video_id=\"S03GUx1MxTo\"><iframe title=\"De Charleta con Eduardo Mateos | Gadgets, Zapatillas Y Mucha Pasi\u00f3n \ud83d\udcaa\" width=\"696\" height=\"392\" src=\"https:\/\/www.youtube.com\/embed\/S03GUx1MxTo?feature=oembed&#038;enablejsapi=1\" frameborder=\"0\" allow=\"accelerometer; autoplay; clipboard-write; encrypted-media; gyroscope; picture-in-picture; web-share\" referrerpolicy=\"strict-origin-when-cross-origin\" allowfullscreen><\/iframe><\/div>\n<\/div>\n<\/div>\n<\/div>\n<\/div>\n<\/div>\n<\/div>\n<\/div>\n<\/div>\n<\/div>\n<\/div>\n<\/div>\n<\/div>\n","protected":false},"excerpt":{"rendered":"<p>La Marcha cicloturista Jufr\u00e9 Riuprimer esperada para el pr\u00f3ximo 2 de junio ha abierto inscripciones.<\/p>\n","protected":false},"author":322,"featured_media":89114,"comment_status":"closed","ping_status":"open","sticky":false,"template":"","format":"standard","meta":{"_acf_changed":false,"rank_math_lock_modified_date":false,"footnotes":""},"categories":[17,19],"tags":[],"class_list":{"0":"post-89112","1":"post","2":"type-post","3":"status-publish","4":"format-standard","5":"has-post-thumbnail","7":"category-actualidad","8":"category-competiciones"},"acf":[],"_links":{"self":[{"href":"https:\/\/miurltemporal.com/main/triatletasenred.sport.es\/wp-json\/wp\/v2\/posts\/89112"}],"collection":[{"href":"https:\/\/miurltemporal.com/main/triatletasenred.sport.es\/wp-json\/wp\/v2\/posts"}],"about":[{"href":"https:\/\/miurltemporal.com/main/triatletasenred.sport.es\/wp-json\/wp\/v2\/types\/post"}],"author":[{"embeddable":true,"href":"https:\/\/miurltemporal.com/main/triatletasenred.sport.es\/wp-json\/wp\/v2\/users\/322"}],"replies":[{"embeddable":true,"href":"https:\/\/miurltemporal.com/main/triatletasenred.sport.es\/wp-json\/wp\/v2\/comments?post=89112"}],"version-history":[{"count":1,"href":"https:\/\/miurltemporal.com/main/triatletasenred.sport.es\/wp-json\/wp\/v2\/posts\/89112\/revisions"}],"predecessor-version":[{"id":89115,"href":"https:\/\/miurltemporal.com/main/triatletasenred.sport.es\/wp-json\/wp\/v2\/posts\/89112\/revisions\/89115"}],"wp:featuredmedia":[{"embeddable":true,"href":"https:\/\/miurltemporal.com/main/triatletasenred.sport.es\/wp-json\/wp\/v2\/media\/89114"}],"wp:attachment":[{"href":"https:\/\/miurltemporal.com/main/triatletasenred.sport.es\/wp-json\/wp\/v2\/media?parent=89112"}],"wp:term":[{"taxonomy":"category","embeddable":true,"href":"https:\/\/miurltemporal.com/main/triatletasenred.sport.es\/wp-json\/wp\/v2\/categories?post=89112"},{"taxonomy":"post_tag","embeddable":true,"href":"https:\/\/miurltemporal.com/main/triatletasenred.sport.es\/wp-json\/wp\/v2\/tags?post=89112"}],"curies":[{"name":"wp","href":"https:\/\/api.w.org\/{rel}","templated":true}]}}