{"id":88607,"date":"2024-01-30T07:16:11","date_gmt":"2024-01-30T06:16:11","guid":{"rendered":"https:\/\/miurltemporal.com/main/triatletasenred.sport.es\/?p=88607"},"modified":"2024-01-30T08:08:19","modified_gmt":"2024-01-30T07:08:19","slug":"anb-triathlon-2024","status":"publish","type":"post","link":"https:\/\/miurltemporal.com/main/triatletasenred.sport.es\/actualidad\/anb-triathlon-2024\/","title":{"rendered":"ANB Triathlon apunta al panorama internacional en 2024"},"content":{"rendered":"<p>Otra entidad que apoya no sin esfuerzos a la profesionalizaci\u00f3n de nuestro triatl\u00f3n es el conjunto riojano del ANB Triathlon que este 2024 buscar\u00e1 el reconocimiento internacional.<\/p>\n<p><a href=\"http:\/\/www.zone3.es\" rel=\"nofollow noopener\" target=\"_blank\"><img fetchpriority=\"high\" decoding=\"async\" class=\"aligncenter size-large wp-image-83185\" src=\"https:\/\/miurltemporal.com/main/triatletasenred.sport.es\/wp-content\/uploads\/banner-zone3_ter-1024x219.jpg\" alt=\"\" width=\"696\" height=\"149\" srcset=\"https:\/\/miurltemporal.com/main/triatletasenred.sport.es\/wp-content\/uploads\/banner-zone3_ter-1024x219.jpg 1024w, https:\/\/miurltemporal.com/main/triatletasenred.sport.es\/wp-content\/uploads\/banner-zone3_ter-700x150.jpg 700w, https:\/\/miurltemporal.com/main/triatletasenred.sport.es\/wp-content\/uploads\/banner-zone3_ter-300x64.jpg 300w, https:\/\/miurltemporal.com/main/triatletasenred.sport.es\/wp-content\/uploads\/banner-zone3_ter-768x165.jpg 768w, https:\/\/miurltemporal.com/main/triatletasenred.sport.es\/wp-content\/uploads\/banner-zone3_ter-1536x329.jpg 1536w, https:\/\/miurltemporal.com/main/triatletasenred.sport.es\/wp-content\/uploads\/banner-zone3_ter-2048x439.jpg 2048w, https:\/\/miurltemporal.com/main/triatletasenred.sport.es\/wp-content\/uploads\/banner-zone3_ter-696x149.jpg 696w, https:\/\/miurltemporal.com/main/triatletasenred.sport.es\/wp-content\/uploads\/banner-zone3_ter-1068x229.jpg 1068w, https:\/\/miurltemporal.com/main/triatletasenred.sport.es\/wp-content\/uploads\/banner-zone3_ter-1920x412.jpg 1920w, https:\/\/miurltemporal.com/main/triatletasenred.sport.es\/wp-content\/uploads\/banner-zone3_ter-1959x420.jpg 1959w, https:\/\/miurltemporal.com/main/triatletasenred.sport.es\/wp-content\/uploads\/banner-zone3_ter-1320x283.jpg 1320w\" sizes=\"(max-width: 696px) 100vw, 696px\" \/><\/a><\/p>\n<div id=\"ez-toc-container\" class=\"ez-toc-v2_0_69_1 counter-hierarchy ez-toc-counter ez-toc-grey ez-toc-container-direction\">\n<div class=\"ez-toc-title-container\">\n<p class=\"ez-toc-title\" style=\"cursor:inherit\">Table of Contents<\/p>\n<span class=\"ez-toc-title-toggle\"><a href=\"#\" class=\"ez-toc-pull-right ez-toc-btn ez-toc-btn-xs ez-toc-btn-default ez-toc-toggle\" aria-label=\"Toggle Table of Content\"><span class=\"ez-toc-js-icon-con\"><span class=\"\"><span class=\"eztoc-hide\" style=\"display:none;\">Toggle<\/span><span class=\"ez-toc-icon-toggle-span\"><svg style=\"fill: #999;color:#999\" xmlns=\"http:\/\/www.w3.org\/2000\/svg\" class=\"list-377408\" width=\"20px\" height=\"20px\" viewBox=\"0 0 24 24\" fill=\"none\"><path d=\"M6 6H4v2h2V6zm14 0H8v2h12V6zM4 11h2v2H4v-2zm16 0H8v2h12v-2zM4 16h2v2H4v-2zm16 0H8v2h12v-2z\" fill=\"currentColor\"><\/path><\/svg><svg style=\"fill: #999;color:#999\" class=\"arrow-unsorted-368013\" xmlns=\"http:\/\/www.w3.org\/2000\/svg\" width=\"10px\" height=\"10px\" viewBox=\"0 0 24 24\" version=\"1.2\" baseProfile=\"tiny\"><path d=\"M18.2 9.3l-6.2-6.3-6.2 6.3c-.2.2-.3.4-.3.7s.1.5.3.7c.2.2.4.3.7.3h11c.3 0 .5-.1.7-.3.2-.2.3-.5.3-.7s-.1-.5-.3-.7zM5.8 14.7l6.2 6.3 6.2-6.3c.2-.2.3-.5.3-.7s-.1-.5-.3-.7c-.2-.2-.4-.3-.7-.3h-11c-.3 0-.5.1-.7.3-.2.2-.3.5-.3.7s.1.5.3.7z\"\/><\/svg><\/span><\/span><\/span><\/a><\/span><\/div>\n<nav><ul class='ez-toc-list ez-toc-list-level-1 ' ><li class='ez-toc-page-1 ez-toc-heading-level-3'><a class=\"ez-toc-link ez-toc-heading-1\" href=\"https:\/\/miurltemporal.com/main/triatletasenred.sport.es\/actualidad\/anb-triathlon-2024\/#ANB_Triathlon_2024\" title=\"ANB Triathlon 2024\">ANB Triathlon 2024<\/a><ul class='ez-toc-list-level-4' ><li class='ez-toc-heading-level-4'><a class=\"ez-toc-link ez-toc-heading-2\" href=\"https:\/\/miurltemporal.com/main/triatletasenred.sport.es\/actualidad\/anb-triathlon-2024\/#Plantilla_2024\" title=\"Plantilla 2024\">Plantilla 2024<\/a><ul class='ez-toc-list-level-5' ><li class='ez-toc-heading-level-5'><a class=\"ez-toc-link ez-toc-heading-3\" href=\"https:\/\/miurltemporal.com/main/triatletasenred.sport.es\/actualidad\/anb-triathlon-2024\/#Femenina\" title=\"Femenina\">Femenina<\/a><\/li><li class='ez-toc-page-1 ez-toc-heading-level-5'><a class=\"ez-toc-link ez-toc-heading-4\" href=\"https:\/\/miurltemporal.com/main/triatletasenred.sport.es\/actualidad\/anb-triathlon-2024\/#Masculina\" title=\"Masculina\">Masculina<\/a><\/li><\/ul><\/li><\/ul><\/li><\/ul><\/nav><\/div>\n\n<h3><span class=\"ez-toc-section\" id=\"ANB_Triathlon_2024\"><\/span>ANB Triathlon 2024<span class=\"ez-toc-section-end\"><\/span><\/h3>\n<p>El conjunto rosilla ha ido trabajando una particular filosof\u00eda apoyando a triatletas especialistas en la liga distancia y buscando una proyecci\u00f3n m\u00e1s internacional sin renunciar a los t\u00edtulos nacionales. En 2023 consigui\u00f3 el campeonato nacional LD por equipos y el doblete en el podio masculino individual con<strong> Emilio Aguayo y Victor Arroyo<\/strong> en primera y segunda posici\u00f3n.<\/p>\n<p>El conjunto, que competir\u00e1 en 2024 como club riojano, cuenta con el apoyo del municipio de Haro y empresas privadas como el alojamiento riojano Natura Resorts o la empresa Itesal especialista en ventanas. Otras marcas como<strong> 226ers<\/strong> en nutrici\u00f3n,<strong> Cervelo, Eassun<\/strong> o<strong> Saguero Shoes<\/strong> apoyan al conjunto riojano en su asalto a la nueva temporada en la que su m\u00e1ximo responsable, <strong>V\u00edctor Guti\u00e9rrez,<\/strong> intentar\u00e1 acompa\u00f1ar a sus triatletas en un ambicioso proyecto con el ojo en el calendario internacional.<\/p>\n<h4><span class=\"ez-toc-section\" id=\"Plantilla_2024\"><\/span>Plantilla 2024<span class=\"ez-toc-section-end\"><\/span><\/h4>\n<p>El ANB Triathlon tiene una linea continuista en cuanto a su proyecto manteniendo al bloque de su temporada anterior al que suma para esta nueva campa\u00f1a a los catalanes<strong> Marta S\u00e1nchez y Guillem Montiel<\/strong> si bien donde m\u00e1s se ha reforzado es en el Staff con una clara intenci\u00f3n de profesionalizar al m\u00e1ximo el proyecto ANB.<\/p>\n<p>Pablo Marcos ser\u00e1 el nuevo director deportivo que suma la experiencia del ex-triatleta profesional del club, Alberto Moreno, a las relaciones con los deportistas. As\u00ed mismo <strong>Gotzon Gondra y Cesc Artigues<\/strong> compaginar\u00e1n su faceta como deportistas con gestiones administrativas y log\u00edsticas de la entidad.<\/p>\n<p>Otro fichaje, o m\u00e1s bien apuesta, es la del valenciano <strong>Joan Colino<\/strong> que tras un periodo en el dique seco intentar\u00e1 recuperar poco a poco y sin presi\u00f3n su mejor versi\u00f3n<\/p>\n<h5><span class=\"ez-toc-section\" id=\"Femenina\"><\/span><strong>Femenina<\/strong><span class=\"ez-toc-section-end\"><\/span><\/h5>\n<p>Judith Corach\u00e1n, Marta S\u00e1nchez, Ana Mart\u00ednez ser\u00e1n las f\u00e9minas que defiendan al conjunto riojano en 2024.<\/p>\n<p><a href=\"https:\/\/youtu.be\/YRheHI6bQXU\" rel=\"nofollow noopener\" target=\"_blank\">Marta ya ha dado su primer triunfo internacional al ANB<\/a> en tierras chilenas mientras que Judith vuelve a la pomada tras su maternidad con ganas de dar su mejor versi\u00f3n como nos confes\u00f3 <a href=\"https:\/\/youtu.be\/3gswMfu51FQ\" rel=\"nofollow noopener\" target=\"_blank\">en nuestra \u00faltima entrevista en el canal<\/a>. Por su parte Ana Mart\u00ednez seguir\u00e1 su aprendizaje acumulando la experiencia necesaria de sus compa\u00f1eras.<\/p>\n<h5><span class=\"ez-toc-section\" id=\"Masculina\"><\/span><strong>Masculina<\/strong><span class=\"ez-toc-section-end\"><\/span><\/h5>\n<p><strong>Emilio Aguayo<\/strong> intentar\u00e1 volver a su nivel habitual tras un periodo complicado mientras espera a su segunda criatura. Nuestro becario, <strong>Roger Many\u00e0<\/strong>, sabe ya lo que es sufrir la tiran\u00eda del alto nivel internacional y este 2024 llegar\u00e1 con los deberes hechos.<\/p>\n<p>Otro gran campe\u00f3n como es <strong>Victor Arroyo<\/strong> sigue un a\u00f1o m\u00e1s aportando su experiencia y sus remontadas marca de la casa al equipo en el que un motivado <strong>Mikel Ugarte<\/strong> presenta candidatura a los primeros puestos de nuevo tras una lesi\u00f3n que le ha dado la oportunidad al vasco de volver m\u00e1s fuerte.<\/p>\n<p>La joven incorportaci\u00f3n<strong> Guillem Montiel<\/strong> as\u00ed como los <strong>Ander Irigoyen, Cesc Artigues, Gotzon Gondra<\/strong> son siempre un valor seguro en las pruebas en las que se cuelguen un dorsal as\u00ed como el mencionado y amigo de la casa <strong>Joan Colino<\/strong> que sin prisa pero sin pausa busca volver a recuperar sensaciones.<\/p>\n<p>&nbsp;<\/p>\n<p><a href=\"https:\/\/youtu.be\/vAHqcq9CKJg\" rel=\"nofollow noopener\" target=\"_blank\">https:\/\/youtu.be\/vAHqcq9CKJg<\/a><\/p>\n","protected":false},"excerpt":{"rendered":"<p>Otra entidad que apoya no sin esfuerzos a la profesionalizaci\u00f3n de nuestro triatl\u00f3n es el conjunto riojano del ANB Triathlon que este 2024 buscar\u00e1 el reconocimiento internacional<\/p>\n","protected":false},"author":6,"featured_media":84330,"comment_status":"closed","ping_status":"open","sticky":false,"template":"","format":"standard","meta":{"_acf_changed":false,"rank_math_lock_modified_date":false,"footnotes":""},"categories":[17],"tags":[10743],"class_list":{"0":"post-88607","1":"post","2":"type-post","3":"status-publish","4":"format-standard","5":"has-post-thumbnail","7":"category-actualidad","8":"tag-anb-triathlon-2024"},"acf":[],"_links":{"self":[{"href":"https:\/\/miurltemporal.com/main/triatletasenred.sport.es\/wp-json\/wp\/v2\/posts\/88607"}],"collection":[{"href":"https:\/\/miurltemporal.com/main/triatletasenred.sport.es\/wp-json\/wp\/v2\/posts"}],"about":[{"href":"https:\/\/miurltemporal.com/main/triatletasenred.sport.es\/wp-json\/wp\/v2\/types\/post"}],"author":[{"embeddable":true,"href":"https:\/\/miurltemporal.com/main/triatletasenred.sport.es\/wp-json\/wp\/v2\/users\/6"}],"replies":[{"embeddable":true,"href":"https:\/\/miurltemporal.com/main/triatletasenred.sport.es\/wp-json\/wp\/v2\/comments?post=88607"}],"version-history":[{"count":5,"href":"https:\/\/miurltemporal.com/main/triatletasenred.sport.es\/wp-json\/wp\/v2\/posts\/88607\/revisions"}],"predecessor-version":[{"id":88631,"href":"https:\/\/miurltemporal.com/main/triatletasenred.sport.es\/wp-json\/wp\/v2\/posts\/88607\/revisions\/88631"}],"wp:featuredmedia":[{"embeddable":true,"href":"https:\/\/miurltemporal.com/main/triatletasenred.sport.es\/wp-json\/wp\/v2\/media\/84330"}],"wp:attachment":[{"href":"https:\/\/miurltemporal.com/main/triatletasenred.sport.es\/wp-json\/wp\/v2\/media?parent=88607"}],"wp:term":[{"taxonomy":"category","embeddable":true,"href":"https:\/\/miurltemporal.com/main/triatletasenred.sport.es\/wp-json\/wp\/v2\/categories?post=88607"},{"taxonomy":"post_tag","embeddable":true,"href":"https:\/\/miurltemporal.com/main/triatletasenred.sport.es\/wp-json\/wp\/v2\/tags?post=88607"}],"curies":[{"name":"wp","href":"https:\/\/api.w.org\/{rel}","templated":true}]}}