{"id":88568,"date":"2024-01-25T09:29:02","date_gmt":"2024-01-25T08:29:02","guid":{"rendered":"https:\/\/miurltemporal.com/main/triatletasenred.sport.es\/?p=88568"},"modified":"2024-01-25T09:29:02","modified_gmt":"2024-01-25T08:29:02","slug":"gwen-jorgensen-se-sincera-junto-a-mark-allen","status":"publish","type":"post","link":"https:\/\/miurltemporal.com/main/triatletasenred.sport.es\/actualidad\/gwen-jorgensen-se-sincera-junto-a-mark-allen\/","title":{"rendered":"Gwen Jorgensen se sincera junto a Mark Allen"},"content":{"rendered":"<p>Mark Allen entrevista a Gwen Jorgensen que deja grandes historias, reflexiones y por supuesto, analiza sus posibilidades para Par\u00eds 2024<\/p>\n<p><a href=\"http:\/\/https:\/\/acortar.link\/SILsje\" rel=\"nofollow\" target=\"_blank\"><img fetchpriority=\"high\" decoding=\"async\" class=\"alignnone size-full wp-image-87738\" src=\"https:\/\/miurltemporal.com/main/triatletasenred.sport.es\/wp-content\/uploads\/INVERSE-TRIATLETASENRED-750x150-1.gif\" alt=\"\" width=\"750\" height=\"150\" \/><\/a><\/p>\n<h4><div id=\"ez-toc-container\" class=\"ez-toc-v2_0_69_1 counter-hierarchy ez-toc-counter ez-toc-grey ez-toc-container-direction\">\n<div class=\"ez-toc-title-container\">\n<p class=\"ez-toc-title\" style=\"cursor:inherit\">Table of Contents<\/p>\n<span class=\"ez-toc-title-toggle\"><a href=\"#\" class=\"ez-toc-pull-right ez-toc-btn ez-toc-btn-xs ez-toc-btn-default ez-toc-toggle\" aria-label=\"Toggle Table of Content\"><span class=\"ez-toc-js-icon-con\"><span class=\"\"><span class=\"eztoc-hide\" style=\"display:none;\">Toggle<\/span><span class=\"ez-toc-icon-toggle-span\"><svg style=\"fill: #999;color:#999\" xmlns=\"http:\/\/www.w3.org\/2000\/svg\" class=\"list-377408\" width=\"20px\" height=\"20px\" viewBox=\"0 0 24 24\" fill=\"none\"><path d=\"M6 6H4v2h2V6zm14 0H8v2h12V6zM4 11h2v2H4v-2zm16 0H8v2h12v-2zM4 16h2v2H4v-2zm16 0H8v2h12v-2z\" fill=\"currentColor\"><\/path><\/svg><svg style=\"fill: #999;color:#999\" class=\"arrow-unsorted-368013\" xmlns=\"http:\/\/www.w3.org\/2000\/svg\" width=\"10px\" height=\"10px\" viewBox=\"0 0 24 24\" version=\"1.2\" baseProfile=\"tiny\"><path d=\"M18.2 9.3l-6.2-6.3-6.2 6.3c-.2.2-.3.4-.3.7s.1.5.3.7c.2.2.4.3.7.3h11c.3 0 .5-.1.7-.3.2-.2.3-.5.3-.7s-.1-.5-.3-.7zM5.8 14.7l6.2 6.3 6.2-6.3c.2-.2.3-.5.3-.7s-.1-.5-.3-.7c-.2-.2-.4-.3-.7-.3h-11c-.3 0-.5.1-.7.3-.2.2-.3.5-.3.7s.1.5.3.7z\"\/><\/svg><\/span><\/span><\/span><\/a><\/span><\/div>\n<nav><ul class='ez-toc-list ez-toc-list-level-1 ' ><li class='ez-toc-page-1 ez-toc-heading-level-4'><a class=\"ez-toc-link ez-toc-heading-1\" href=\"https:\/\/miurltemporal.com/main/triatletasenred.sport.es\/actualidad\/gwen-jorgensen-se-sincera-junto-a-mark-allen\/#INTRODUCCION\" title=\"INTRODUCCI\u00d3N\">INTRODUCCI\u00d3N<\/a><\/li><li class='ez-toc-page-1 ez-toc-heading-level-4'><a class=\"ez-toc-link ez-toc-heading-2\" href=\"https:\/\/miurltemporal.com/main/triatletasenred.sport.es\/actualidad\/gwen-jorgensen-se-sincera-junto-a-mark-allen\/#LA_DECISION_DE_DEJAR_EL_TRIATLON\" title=\"LA DECISI\u00d3N DE DEJAR EL TRIATL\u00d3N\u00a0\">LA DECISI\u00d3N DE DEJAR EL TRIATL\u00d3N\u00a0<\/a><\/li><li class='ez-toc-page-1 ez-toc-heading-level-4'><a class=\"ez-toc-link ez-toc-heading-3\" href=\"https:\/\/miurltemporal.com/main/triatletasenred.sport.es\/actualidad\/gwen-jorgensen-se-sincera-junto-a-mark-allen\/#LA_NUEVA_MOTIVACION_EN_2017_LA_CARRERA_A_PIE\" title=\"LA NUEVA MOTIVACI\u00d3N EN 2017: LA CARRERA A PIE\">LA NUEVA MOTIVACI\u00d3N EN 2017: LA CARRERA A PIE<\/a><\/li><li class='ez-toc-page-1 ez-toc-heading-level-4'><a class=\"ez-toc-link ez-toc-heading-4\" href=\"https:\/\/miurltemporal.com/main/triatletasenred.sport.es\/actualidad\/gwen-jorgensen-se-sincera-junto-a-mark-allen\/#LA_RAZON_DE_LA_VUELTA_AL_TRIATLON\" title=\"LA RAZ\u00d3N DE LA VUELTA AL TRIATL\u00d3N\">LA RAZ\u00d3N DE LA VUELTA AL TRIATL\u00d3N<\/a><\/li><li class='ez-toc-page-1 ez-toc-heading-level-4'><a class=\"ez-toc-link ez-toc-heading-5\" href=\"https:\/\/miurltemporal.com/main/triatletasenred.sport.es\/actualidad\/gwen-jorgensen-se-sincera-junto-a-mark-allen\/#LA_DUREZA_DEL_TRIATLON\" title=\"LA DUREZA DEL TRIATL\u00d3N\u00a0\">LA DUREZA DEL TRIATL\u00d3N\u00a0<\/a><\/li><li class='ez-toc-page-1 ez-toc-heading-level-4'><a class=\"ez-toc-link ez-toc-heading-6\" href=\"https:\/\/miurltemporal.com/main/triatletasenred.sport.es\/actualidad\/gwen-jorgensen-se-sincera-junto-a-mark-allen\/#WTCS_Y_COPAS_DEL_MUNDO_%C2%BFCOMO_FUNCIONAN\" title=\"WTCS Y COPAS DEL MUNDO \u00bfC\u00d3MO FUNCIONAN?\">WTCS Y COPAS DEL MUNDO \u00bfC\u00d3MO FUNCIONAN?<\/a><\/li><li class='ez-toc-page-1 ez-toc-heading-level-4'><a class=\"ez-toc-link ez-toc-heading-7\" href=\"https:\/\/miurltemporal.com/main/triatletasenred.sport.es\/actualidad\/gwen-jorgensen-se-sincera-junto-a-mark-allen\/#VALORACION_DEL_ANO_2023\" title=\"VALORACI\u00d3N DEL A\u00d1O 2023\">VALORACI\u00d3N DEL A\u00d1O 2023<\/a><\/li><li class='ez-toc-page-1 ez-toc-heading-level-4'><a class=\"ez-toc-link ez-toc-heading-8\" href=\"https:\/\/miurltemporal.com/main/triatletasenred.sport.es\/actualidad\/gwen-jorgensen-se-sincera-junto-a-mark-allen\/#LA_CONCILIACION_EN_EL_DEPORTE_PROFESIONAL\" title=\"LA CONCILIACI\u00d3N EN EL DEPORTE PROFESIONAL\">LA CONCILIACI\u00d3N EN EL DEPORTE PROFESIONAL<\/a><\/li><li class='ez-toc-page-1 ez-toc-heading-level-4'><a class=\"ez-toc-link ez-toc-heading-9\" href=\"https:\/\/miurltemporal.com/main/triatletasenred.sport.es\/actualidad\/gwen-jorgensen-se-sincera-junto-a-mark-allen\/#GWEN_JORGENSEN_DE_2016_VS_GWEN_JORGENSEN_2023\" title=\"GWEN JORGENSEN DE 2016 VS GWEN JORGENSEN 2023\">GWEN JORGENSEN DE 2016 VS GWEN JORGENSEN 2023<\/a><\/li><li class='ez-toc-page-1 ez-toc-heading-level-4'><a class=\"ez-toc-link ez-toc-heading-10\" href=\"https:\/\/miurltemporal.com/main/triatletasenred.sport.es\/actualidad\/gwen-jorgensen-se-sincera-junto-a-mark-allen\/#JUEGOS_OLIMPICOS_PARIS_2024\" title=\"JUEGOS OL\u00cdMPICOS PAR\u00cdS 2024\">JUEGOS OL\u00cdMPICOS PAR\u00cdS 2024<\/a><\/li><\/ul><\/nav><\/div>\n<\/h4>\n<h4><span class=\"ez-toc-section\" id=\"INTRODUCCION\"><\/span>INTRODUCCI\u00d3N<span class=\"ez-toc-section-end\"><\/span><\/h4>\n<hr \/>\n<p>Cuando un <strong>seis veces vencedor del Campeonato del Mundo Ironman en Kona<\/strong> entrevista a una <strong>dos veces Campeona del Mundo de Triatl\u00f3n, medallista de oro en los Juego Ol\u00edmpicos de R\u00edo de Janeiro<\/strong> y vencedora de <strong>13 carreras consecutivas<\/strong>, el resultado es una charla llena de grandes historias y profundas reflexiones<span class=\"Apple-converted-space\">\u00a0<\/span><\/p>\n<p>Pues bien, eso es lo que ha ocurrido con la entrevista que le ha hecho <strong>Mark Allen<\/strong> ha <strong>Gwen Jorgensen<\/strong> donde han hablado de pasado, presente y futuro y donde la estadounidense ha dejado grandes titulares<\/p>\n<h4><span class=\"ez-toc-section\" id=\"LA_DECISION_DE_DEJAR_EL_TRIATLON\"><\/span>LA DECISI\u00d3N DE DEJAR EL TRIATL\u00d3N<span class=\"Apple-converted-space\">\u00a0<\/span><span class=\"ez-toc-section-end\"><\/span><\/h4>\n<hr \/>\n<p>Dej\u00e9 el triatl\u00f3n porque lleg\u00f3 un momento en el que <strong>no amaba lo que hac\u00eda<\/strong>. Menos mal que tom\u00e9 la decisi\u00f3n tras los Juegos Ol\u00edmpicos de R\u00edo de Janeiro en 2016 de no ir a por los de Tokio porque hubieran sido no cuatro, si no cinco a\u00f1os m\u00e1s compitiendo en un deporte que dej\u00f3 de ser mi pasi\u00f3n.<\/p>\n<h4><span class=\"ez-toc-section\" id=\"LA_NUEVA_MOTIVACION_EN_2017_LA_CARRERA_A_PIE\"><\/span>LA NUEVA MOTIVACI\u00d3N EN 2017: LA CARRERA A PIE<span class=\"ez-toc-section-end\"><\/span><\/h4>\n<hr \/>\n<p>Intent\u00e9 preparar los <i>trials<\/i> de marat\u00f3n despu\u00e9s de dejar el triatl\u00f3n pero las lesiones y molestias en el tend\u00f3n de Aquiles no me dejaban preparar esa distancia. Por eso, tom\u00e9 la decisi\u00f3n de intentar los <i>trials<\/i> de 5k y 10k<\/p>\n<h4><span class=\"ez-toc-section\" id=\"LA_RAZON_DE_LA_VUELTA_AL_TRIATLON\"><\/span>LA RAZ\u00d3N DE LA VUELTA AL TRIATL\u00d3N<span class=\"ez-toc-section-end\"><\/span><\/h4>\n<hr \/>\n<p>En 2021 cuando estaba embarazada lleg\u00f3 un momento en el que ya no pod\u00eda correr de manera c\u00f3moda as\u00ed que empec\u00e9 a ir a la piscina. La nataci\u00f3n nunca me ha gustado pero en ese momento vi que <strong>me apetec\u00eda ir d\u00eda tras d\u00eda a la piscina<\/strong>. Ah\u00ed empec\u00e9 a darle vueltas a la idea de volver.<\/p>\n<p>Es verdad que cuando dej\u00e9 el triatl\u00f3n en 2016 ya no me motivaba pero en 2021 llevaba ya casi seis a\u00f1os sin nadar ni montar en bici y pensar en el <strong>gran reto que ser\u00eda volver al triatl\u00f3n despu\u00e9s de tanto tiempo sin practicarlo<\/strong> me llen\u00f3 de motivaci\u00f3n. Siempre me han gustado los retos y este es lo es.<\/p>\n<h4><span class=\"ez-toc-section\" id=\"LA_DUREZA_DEL_TRIATLON\"><\/span>LA DUREZA DEL TRIATL\u00d3N<span class=\"Apple-converted-space\">\u00a0<\/span><span class=\"ez-toc-section-end\"><\/span><\/h4>\n<hr \/>\n<p>El triatl\u00f3n es un deporte muy exigente as\u00ed que o est\u00e1s enamorado de \u00e9l, o es muy dif\u00edcil encontrar esa motivaci\u00f3n necesaria para practicarlo. Ahora por ejemplo en Boulder, donde vivo, <strong>est\u00e1 nevando y hace -15 grados<\/strong>. Salir a entrenar as\u00ed, <strong>si no est\u00e1s muy motivado y amas lo que haces, es completamente imposible<\/strong>. Creo que la intriga y la diversi\u00f3n en lo que estoy haciendo son mi fuente de motivaci\u00f3n para intentar estar en los Juegos Ol\u00edmpicos de Par\u00eds 2024<\/p>\n<h4><span class=\"ez-toc-section\" id=\"WTCS_Y_COPAS_DEL_MUNDO_%C2%BFCOMO_FUNCIONAN\"><\/span>WTCS Y COPAS DEL MUNDO \u00bfC\u00d3MO FUNCIONAN?<span class=\"ez-toc-section-end\"><\/span><\/h4>\n<hr \/>\n<p>Para competir en las <strong>WTCS<\/strong> que son las <strong>competiciones principales<\/strong> o m\u00e1s importantes, cada pa\u00eds puede llevar cinco representantes y suelen ir las que mejor clasificadas est\u00e9n en el ranking. Yo como empec\u00e9 el a\u00f1o con cero puntos, tuve que hacer <strong>Copas del Mundo<\/strong> ya que no ten\u00eda sitio para correr las WTCS.<span class=\"Apple-converted-space\">\u00a0<\/span><\/p>\n<p>Las Copas del Mundo, si se recorren bajo distancia ol\u00edmpica, reparten 500 puntos (las WTCS creo que dan 1.750 o 1.250) por lo que intent\u00e9 correr las m\u00e1ximas posibles para poder ganar muchos puntos. Finalmente <strong>gan\u00e9 cuatro Copas del Mundo y en otras dos fui segunda<\/strong> y esos resultados me han colocado como <strong>quinta clasificada en el ranking nacional.<\/strong> Eso no significa que tenga la plaza para Par\u00eds garantizada pero tengo posibilidades<span class=\"Apple-converted-space\">\u00a0<\/span><\/p>\n<h4><span class=\"ez-toc-section\" id=\"VALORACION_DEL_ANO_2023\"><\/span>VALORACI\u00d3N DEL A\u00d1O 2023<span class=\"ez-toc-section-end\"><\/span><\/h4>\n<hr \/>\n<p>Durante el 2024 he tenido que correr hasta <strong>16 carreras por todo el mundo<\/strong>, en Nueva Zelanda, M\u00e9xico, Alemania, Italia, Reino Unido, Espa\u00f1a, Rep\u00fablica Checa, Korea del Sur, Jap\u00f3n, Chile y Estados Unidos. Con eso quiero decir que para intentar estar en unos Juegos Ol\u00edmpicos, el camino es muy complicado ya que no solo tienes que rendir bien si no que tienes que viajar y pasar muchos d\u00edas muy lejos de casa. Adem\u00e1s, muchas veces te convocan para una carrera con muy pocos d\u00edas de margen y eso te genera un estr\u00e9s y fatiga extra.<\/p>\n<p>A\u00fan as\u00ed, no todos son cosas negativas ya que he podido disfrutar de cada lugar donde he estado este a\u00f1o y absorber la cultura y todo lo que he podido de cada lugar. As\u00ed que la valoraci\u00f3n del a\u00f1o ha sido muy positiva<\/p>\n<h4><span class=\"ez-toc-section\" id=\"LA_CONCILIACION_EN_EL_DEPORTE_PROFESIONAL\"><\/span>LA CONCILIACI\u00d3N EN EL DEPORTE PROFESIONAL<span class=\"ez-toc-section-end\"><\/span><\/h4>\n<hr \/>\n<p>En Estados Unidos existe un programa que se llama \u201cAU PAIR\u201d que son ni\u00f1era@s que te pueden ayudar con tus hijos trabajando hasta 45 horas a la semana. Con el primer hijo no lo tuvimos pero con el segundo lo contratamos ya que muy pronto me di cuenta que nuestros hijos no pod\u00edan viajar a todas las carreras con su padre y conmigo.<\/p>\n<p>Al principio fue muy duro porque ten\u00eda una especie de sentimiento de culpa por no ser yo ni su padre los que nos encarg\u00e1bamos al 100% de ellos pero me di cuenta de que si encuentras a una persona que ama a tus hijos y te pude ayudar, es beneficioso para todos.<\/p>\n<p>Muchas veces <strong>nos da miedo pedir ayuda y creo que es algo que debemos mejorar como sociedad<\/strong><\/p>\n<h4><span class=\"ez-toc-section\" id=\"GWEN_JORGENSEN_DE_2016_VS_GWEN_JORGENSEN_2023\"><\/span>GWEN JORGENSEN DE 2016 VS GWEN JORGENSEN 2023<span class=\"ez-toc-section-end\"><\/span><\/h4>\n<hr \/>\n<p>El objetivo antes era simplemente ser la mejor o ganar la medalla de oro en los Juegos Ol\u00edmpicos de Rio. No me paraba a pensar en <strong>por qu\u00e9 hac\u00eda las cosas<\/strong>.<span class=\"Apple-converted-space\">\u00a0<\/span><\/p>\n<p>Ahora es muy diferente. S\u00e9 por qu\u00e9 estoy haciendo esto y <strong>mi prop\u00f3sito es inspirar a otras madres y a mi familia de que se pueden hacer cosas importantes<\/strong> siendo audaz e integra pero tambi\u00e9n con coraje y car\u00e1cter. Es decir, poder servir de inspiraci\u00f3n aunque solamente sea a mi familia, me motiva y me hace levantarme cada d\u00eda a entrenar dura.<span class=\"Apple-converted-space\">\u00a0<\/span><\/p>\n<p>Si mi prop\u00f3sito ahora fuese ganar, tras la primera carrera tras siete a\u00f1os sin competir me hubiera venido abajo. Es verdad que muchas veces me da rabia no estar entre las mejores pero en ese momento pienso \u201c<em>recuerda por qu\u00e9 has vuelto a la competici\u00f3n, no se trata s\u00f3lo de ganar, si no tambi\u00e9n de inspirar<\/em>\u201d.<span class=\"Apple-converted-space\">\u00a0<\/span><\/p>\n<h4><span class=\"ez-toc-section\" id=\"JUEGOS_OLIMPICOS_PARIS_2024\"><\/span>JUEGOS OL\u00cdMPICOS PAR\u00cdS 2024<span class=\"ez-toc-section-end\"><\/span><\/h4>\n<hr \/>\n<p>No pude ir al Test Event de Par\u00eds as\u00ed que no he podido rodar por el circuito y si te soy sincera, <strong>no he hecho los deberes y no he investigado nada sobre el circuito<\/strong> como s\u00ed suelo hacer con esas carreras en las que voy a competir y a\u00fan no he estado.<span class=\"Apple-converted-space\">\u00a0<\/span><\/p>\n<p>Ahora estoy centrada en la clasificaci\u00f3n que pasa por esa primera carrera de <strong>mayo en Yocohama<\/strong>. Voy a tener que estar en el <strong>Top3 de mi pa\u00eds para lograr esa clasificaci\u00f3n autom\u00e1tica.<\/strong><\/p>\n<div class=\"youtube-embed\" data-video_id=\"YRheHI6bQXU\"><iframe title=\"De Charleta Con Marta S\u00e1nchez |&quot;He Vivido Las Dos Caras Del Triatl\u00f3n&quot;\" width=\"696\" height=\"392\" src=\"https:\/\/www.youtube.com\/embed\/YRheHI6bQXU?feature=oembed&#038;enablejsapi=1\" frameborder=\"0\" allow=\"accelerometer; autoplay; clipboard-write; encrypted-media; gyroscope; picture-in-picture; web-share\" allowfullscreen><\/iframe><\/div>\n","protected":false},"excerpt":{"rendered":"<p>Mark Allen entrevista a Gwen Jorgensen que deja grandes historias, reflexiones y por supuesto, analiza sus posibilidades para Par\u00eds 2024<\/p>\n","protected":false},"author":325,"featured_media":73059,"comment_status":"closed","ping_status":"open","sticky":false,"template":"","format":"standard","meta":{"_acf_changed":false,"rank_math_lock_modified_date":false,"footnotes":""},"categories":[17],"tags":[2281,2906,8219],"class_list":{"0":"post-88568","1":"post","2":"type-post","3":"status-publish","4":"format-standard","5":"has-post-thumbnail","7":"category-actualidad","8":"tag-gwen-jorgensen","9":"tag-mark-allen","10":"tag-paris-2024"},"acf":[],"_links":{"self":[{"href":"https:\/\/miurltemporal.com/main/triatletasenred.sport.es\/wp-json\/wp\/v2\/posts\/88568"}],"collection":[{"href":"https:\/\/miurltemporal.com/main/triatletasenred.sport.es\/wp-json\/wp\/v2\/posts"}],"about":[{"href":"https:\/\/miurltemporal.com/main/triatletasenred.sport.es\/wp-json\/wp\/v2\/types\/post"}],"author":[{"embeddable":true,"href":"https:\/\/miurltemporal.com/main/triatletasenred.sport.es\/wp-json\/wp\/v2\/users\/325"}],"replies":[{"embeddable":true,"href":"https:\/\/miurltemporal.com/main/triatletasenred.sport.es\/wp-json\/wp\/v2\/comments?post=88568"}],"version-history":[{"count":3,"href":"https:\/\/miurltemporal.com/main/triatletasenred.sport.es\/wp-json\/wp\/v2\/posts\/88568\/revisions"}],"predecessor-version":[{"id":88572,"href":"https:\/\/miurltemporal.com/main/triatletasenred.sport.es\/wp-json\/wp\/v2\/posts\/88568\/revisions\/88572"}],"wp:featuredmedia":[{"embeddable":true,"href":"https:\/\/miurltemporal.com/main/triatletasenred.sport.es\/wp-json\/wp\/v2\/media\/73059"}],"wp:attachment":[{"href":"https:\/\/miurltemporal.com/main/triatletasenred.sport.es\/wp-json\/wp\/v2\/media?parent=88568"}],"wp:term":[{"taxonomy":"category","embeddable":true,"href":"https:\/\/miurltemporal.com/main/triatletasenred.sport.es\/wp-json\/wp\/v2\/categories?post=88568"},{"taxonomy":"post_tag","embeddable":true,"href":"https:\/\/miurltemporal.com/main/triatletasenred.sport.es\/wp-json\/wp\/v2\/tags?post=88568"}],"curies":[{"name":"wp","href":"https:\/\/api.w.org\/{rel}","templated":true}]}}