{"id":88501,"date":"2024-01-24T07:13:10","date_gmt":"2024-01-24T06:13:10","guid":{"rendered":"https:\/\/miurltemporal.com/main/triatletasenred.sport.es\/?p=88501"},"modified":"2024-01-24T07:13:10","modified_gmt":"2024-01-24T06:13:10","slug":"el-objetivo-de-jason-west-en-2024-y-sus-patrocinios","status":"publish","type":"post","link":"https:\/\/miurltemporal.com/main/triatletasenred.sport.es\/actualidad\/el-objetivo-de-jason-west-en-2024-y-sus-patrocinios\/","title":{"rendered":"El objetivo de Jason West en 2024 y sus patrocinios"},"content":{"rendered":"<p class=\"p1\">Jason West, posiblemente uno de los mejores triatletas de Media Distancia, muestra sus objetivos para 2024 as\u00ed como sus patrocinios<\/p>\n<p><a href=\"http:\/\/https:\/\/acortar.link\/SILsje\" rel=\"nofollow\" target=\"_blank\"><img fetchpriority=\"high\" decoding=\"async\" class=\"alignnone size-full wp-image-87738\" src=\"https:\/\/miurltemporal.com/main/triatletasenred.sport.es\/wp-content\/uploads\/INVERSE-TRIATLETASENRED-750x150-1.gif\" alt=\"\" width=\"750\" height=\"150\" \/><\/a><\/p>\n<h4>INTRODUCCI\u00d3N<\/h4>\n<hr \/>\n<p class=\"p3\"><span class=\"s2\">El triatletas estadounidense, quien termin\u00f3 c\u00f3mo n\u00famero 3 del ranking PTO en 2023, ha dado una entrevista donde ha hablado de sus objetivos de cara al 2024, de todos sus patrocinios y tambi\u00e9n de c\u00f3mo comenz\u00f3 su andadura en el triatl\u00f3n. <\/span><\/p>\n<h4 class=\"p3\"><span class=\"s2\">COMIENZOS VIENDO A GREG BENNET<br \/>\n<\/span><\/h4>\n<hr \/>\n<p class=\"p3\"><span class=\"s2\">Viv\u00eda a las afueras de Philadelphia y con 16 a\u00f1os junto a mi padre nos metimos en el mundo del triatl\u00f3n sin ning\u00fan tipo de raz\u00f3n, simplemente para probar. No s\u00e9 el motivo pero nada m\u00e1s comenzar con el triatl\u00f3n, fue un deporte que me atrap\u00f3. Me motivaba el hecho de entrenar para algo que nunca antes hab\u00eda hecho y era totalmente diferente para mi<\/span><\/p>\n<p class=\"p3\"><span class=\"s2\">Como de adolescente era un culo inquieto, el triatl\u00f3n me permit\u00eda entrenar duro durante mucho tiempo y eso me gustaba. <\/span><\/p>\n<p class=\"p3\"><span class=\"s2\">He de decir que para eso \u00e9poca creo que ya hab\u00eda corrido la milla en 5:20. Sab\u00eda que con esa marca no iba a ganar ning\u00fan campeonato pero es verdad que todos los deportes que practicaba se me daban bien<\/span><\/p>\n<p class=\"p3\"><span class=\"s2\">Cuando comenc\u00e9 nunca pens\u00e9 que podr\u00eda vivir del triatl\u00f3n. Lo hacia porque me divert\u00eda pero es verdad que a medida que pasaban los meses el triatl\u00f3n ocupaba m\u00e1s tiempo en mi d\u00eda a d\u00eda. Empec\u00e9 a entrenar m\u00e1s y ve\u00eda las carreras de Andy Pots, Hunter o Greg Bennet<\/span><\/p>\n<h4 class=\"p3\"><span class=\"s2\">PRIMEROS PASOS<\/span><\/h4>\n<hr \/>\n<p class=\"p3\"><span class=\"s2\">Viviendo donde viv\u00eda me permit\u00eda ir en coche a correr a Nueva York, Philadelphia, Chicago y DC y es por ello que durante la adolescencia pude competir mucho en distintos lugares. <\/span><\/p>\n<p class=\"p3\"><span class=\"s2\">A partir de ah\u00ed y poco a poco fui haci\u00e9ndome un sitio en el triatl\u00f3n siendo de los m\u00e1s competitivos en mi grupo de edad all\u00ed donde compet\u00eda. En esa \u00e9poca, cuando a\u00fan ten\u00eda 22 a\u00f1os, fue el punto de inflexi\u00f3n y donde me dije \u201cahora que no tienes ninguna responsabilidad es el momento de intentar ser triatleta profesional\u201d<\/span><\/p>\n<h4 class=\"p3\"><span class=\"s2\">DOS PASIONES: EL ENTRENAMIENTO Y LA COCINA<\/span><\/h4>\n<hr \/>\n<p class=\"p3\"><span class=\"s2\">El entrenamiento y la cocina creo que son mis dos pasiones.<\/span><\/p>\n<p class=\"p3\"><span class=\"s2\">La afici\u00f3n por la cocina la he aprendido de mi madre que es una gran cocinera. Adem\u00e1s, es una afici\u00f3n que para mi profesi\u00f3n me viene muy bien ya que la alimentaci\u00f3n es algo fundamental para mi rendimiento. Tambi\u00e9n es algo que me relaja mucho. <\/span><\/p>\n<p class=\"p3\"><span class=\"s2\">En cuanto al entrenamiento, amo lo que hago. Al contrario que a mucha gente, a mi me gusta entrenar s\u00f3lo y no depender de nadie para ello. Tambi\u00e9n utilizo el tiempo del entrenamiento para pensar en mis cosas. Es un tiempo para mi y mis pensamientos. <\/span><\/p>\n<h4 class=\"p3\"><span class=\"s2\">EL SUE\u00d1O DE LOS JUEGOS OL\u00cdMPICOS<\/span><\/h4>\n<hr \/>\n<p class=\"p3\"><span class=\"s2\">Mi objetivo siempre ha sido estar en unos Juegos Ol\u00edmpicos e invert\u00ed mucho tiempo en carreras de distancia ol\u00edmpica sin drafting para conseguir ese sue\u00f1o. Es verdad que si hubiera dado el salto a la media distancia antes habr\u00eda podido conseguir mejores resultados. Luego el vino la pandemia e hizo que perdiera un a\u00f1o y ya en 2021 me di cuenta de que era el momento de centrarme en la Media Distancia aunque para esa \u00e9poca el nivel ya hab\u00eda subido mucho. <\/span><\/p>\n<h4 class=\"p3\"><span class=\"s2\">A\u00d1O 2022: BUEN RENDIMIENTO Y MALA PLANIFICACI\u00d3N<\/span><\/h4>\n<hr \/>\n<p class=\"p3\"><span class=\"s2\">El 2022 fue un gran a\u00f1o. Gan\u00e9 el Campeonato de Norte America pero es verdad que creo que desperdici\u00e9 much\u00edsimas oportunidades con un calendario que no fue el mejor que podr\u00eda haber elegido. Al final de ese a\u00f1o si que consegu\u00ed un rendimiento brutal y me dije a mi mismo que para el 2023 ten\u00eda que elegir bien las carreras. Quer\u00eda ir a las carreras de m\u00e1s nivel. <\/span><\/p>\n<h4 class=\"p3\"><span class=\"s2\">A\u00d1O 2023: EL MEJOR A\u00d1O DEPORTIVO<\/span><\/h4>\n<hr \/>\n<p class=\"p3\"><span class=\"s2\">Sab\u00eda que los eventos de la PTO eran los m\u00e1s importantes del calendario y todos mis esfuerzos estuvieron enfocados en esas carreras. Compet\u00ed en las tres y creo que la clav\u00e9 mostrando un gran rendimiento en todas ellas. La gran diferencia entre el los a\u00f1os 2022 y 2023 fue la gesti\u00f3n del calendario. <\/span><\/p>\n<h4 class=\"p3\"><span class=\"s2\">TRABAJO EN EQUIPO<\/span><\/h4>\n<hr \/>\n<p class=\"p3\"><span class=\"s2\">Mi mujer me lleva los entrenamientos de nataci\u00f3n ya que tiene muchos conocimientos sobre esta disciplina. Luego Nate Wilson el que me aconseja con los entrenamientos de bici y me lleva la planificaci\u00f3n. Me gusta trabajar en equipo. De momento parece que el programa est\u00e1 funcionando bien y adem\u00e1s no he tenido lesiones en los \u00faltimos cinco o seis a\u00f1os que me hayan hecho perderme carreras. As\u00ed que contento y con ganas de seguir aprendiendo y mejorando. <\/span><\/p>\n<p class=\"p3\"><span class=\"s2\">Soy de la opinion que es importante rodearte de un gran equipo que te ayude a cumplir tu objetivo y creo que ahora lo tengo. Tengo a gente que me ayuda con las gestiones, tengo sponsors y profesionales que me ayudan a lograr m\u00e1s wattios en la bici, etc etc. <\/span><\/p>\n<p class=\"p3\"><span class=\"s2\">El objetivo es ser Campe\u00f3n del Mundo y el mejor triatleta del mundo y para ello necesitas al mejor equipo porque tu s\u00f3lo no lo puedes lograr. Al final, necesitas a todos ellos para lograr peque\u00f1as mejoras que en el d\u00eda de la carrera supondr\u00e1n ese extra que se necesita para ganar. Creo que todos sabemos el objetivo por el que hay que luchar y juntos lo podemos conseguir. <\/span><\/p>\n<h4 class=\"p3\"><span class=\"s2\">PATROCINIOS PARA 2024<\/span><\/h4>\n<hr \/>\n<h5 class=\"p3\"><span class=\"s2\">TEXTIL: JAKROO<\/span><\/h5>\n<p class=\"p3\"><span class=\"s2\">Creo que est\u00e1n haciendo un trabajo muy bueno en cuanto a material textil. Un material muy aerodin\u00e1mico que aunque parezca una tonter\u00eda, se nota much\u00edsimo. <\/span><\/p>\n<h5 class=\"p3\"><span class=\"s2\">BICICLETA: <\/span>VENTUM<\/h5>\n<p class=\"p3\"><span class=\"s2\">Otro a\u00f1o que continuar\u00e9 con mi patrocinio con Ventum. He de reconocer que estoy muy contento con ellos. Tienen un gran equipo, est\u00e1n innovando mucho y adem\u00e1s me tienen muy en cuenta para cualquier tipo de mejora que quieren hacer. Adem\u00e1s, a nivel de aerodin\u00e1mica tambi\u00e9n est\u00e1n haciendo grandes avances y me ayudan mucho con el bikefitting <\/span><\/p>\n<h5 class=\"p3\"><span class=\"s2\">ALIMENTACI\u00d3N: CERTIFIED PIEDMONTESE BEEF\u00a0<\/span><\/h5>\n<p class=\"p3\"><span class=\"s2\">Este a\u00f1o voy a colaborar con una marca de carne y teniendo en cuenta mi afici\u00f3n por la cocina, me pone muy contento. Al final, para los triatletas, la nutrici\u00f3n y el descanso son una parte igual de importante que el entrenamiento y tener una marca as\u00ed que me ayude a comer buen producto y buenos nutrientes es algo que valoro mucho. <\/span><\/p>\n<h5 class=\"p3\"><span class=\"s2\">RUEDAS: SWISS SIDE<\/span><\/h5>\n<p class=\"p3\"><span class=\"s2\">La marca tiene unas ruedas de clase mundial y todo lo que est\u00e1n haciendo es de categor\u00eda inmejorable. S\u00e9 que con esas ruedas voy a ser m\u00e1s r\u00e1pido y eso me da mucha confianza. Tambi\u00e9n la pericia o habilidad que tienen con la aerodin\u00e1mica es un valor diferencial que les caracteriza. Estoy totalmente impresionado con ellos. S\u00f3lo hay que ver todos los triatletas que llevan esas ruedas para saber el prestigio de la marca<\/span><\/p>\n<h5 class=\"p3\"><span class=\"s2\">NEOPRENO: BLUE70<\/span><\/h5>\n<p class=\"p3\"><span class=\"s2\">Llevo trabajando ya muchos a\u00f1os con ellos. Simpre he estado super c\u00f3modo con sus neoprenos y creo que son los mejores neoprenos del mercado. <\/span><\/p>\n<h5 class=\"p3\"><span class=\"s2\">NUTRICI\u00d3N: PRECISION FUEL<\/span><\/h5>\n<p class=\"p3\"><span class=\"s2\">Desde el a\u00f1o pasado empec\u00e9 a trabajar con esta marca de nutrici\u00f3n e hidrataci\u00f3n. Es un patrocinio que me beneficia mucho ya que es algo que debo tomar a diario tanto en los entrenamientos como en las carreras y poder tener una marca as\u00ed como apoyo es algo fundamental. Adem\u00e1s, durante este a\u00f1o he visto que me ha funcionado muy bien y que es una nutrici\u00f3n que puedo asimilar perfectamente y que nunca me ha dado ning\u00fan tipo de problema gastrointestinal. <\/span><\/p>\n<h4 class=\"p3\"><span class=\"s2\">EL OBJETIVO PARA EL 2024<\/span><\/h4>\n<hr \/>\n<p class=\"p3\"><span class=\"s2\">Este a\u00f1o me voy a centrar en el PTO Series y el objetivo va ser ganar dicha clasificaci\u00f3n. Creo que es un gran evento que nos va hacer ser consistentes durante todo el a\u00f1o para sumar los m\u00e1ximos puntos posibles y poder ganar la general. <\/span><\/p>\n<p class=\"p3\"><span class=\"s2\">A parte de la clasificaci\u00f3n general de las PRO Series, mi otro objetivo va a ser el Mundial Ironman 70.3 que se disputa en Nueva Zelanda en el mes de diciembre. <\/span><\/p>\n","protected":false},"excerpt":{"rendered":"<p>Jason West, posiblemente uno de los mejores triatletas de Media Distancia, muestra sus objetivos para 2024 as\u00ed como sus patrocinios<\/p>\n","protected":false},"author":325,"featured_media":88165,"comment_status":"closed","ping_status":"open","sticky":false,"template":"","format":"standard","meta":{"_acf_changed":false,"rank_math_lock_modified_date":false,"footnotes":""},"categories":[17],"tags":[9722,10715],"class_list":{"0":"post-88501","1":"post","2":"type-post","3":"status-publish","4":"format-standard","5":"has-post-thumbnail","7":"category-actualidad","8":"tag-jason-west","9":"tag-jason-west-2024"},"acf":[],"_links":{"self":[{"href":"https:\/\/miurltemporal.com/main/triatletasenred.sport.es\/wp-json\/wp\/v2\/posts\/88501"}],"collection":[{"href":"https:\/\/miurltemporal.com/main/triatletasenred.sport.es\/wp-json\/wp\/v2\/posts"}],"about":[{"href":"https:\/\/miurltemporal.com/main/triatletasenred.sport.es\/wp-json\/wp\/v2\/types\/post"}],"author":[{"embeddable":true,"href":"https:\/\/miurltemporal.com/main/triatletasenred.sport.es\/wp-json\/wp\/v2\/users\/325"}],"replies":[{"embeddable":true,"href":"https:\/\/miurltemporal.com/main/triatletasenred.sport.es\/wp-json\/wp\/v2\/comments?post=88501"}],"version-history":[{"count":1,"href":"https:\/\/miurltemporal.com/main/triatletasenred.sport.es\/wp-json\/wp\/v2\/posts\/88501\/revisions"}],"predecessor-version":[{"id":88503,"href":"https:\/\/miurltemporal.com/main/triatletasenred.sport.es\/wp-json\/wp\/v2\/posts\/88501\/revisions\/88503"}],"wp:featuredmedia":[{"embeddable":true,"href":"https:\/\/miurltemporal.com/main/triatletasenred.sport.es\/wp-json\/wp\/v2\/media\/88165"}],"wp:attachment":[{"href":"https:\/\/miurltemporal.com/main/triatletasenred.sport.es\/wp-json\/wp\/v2\/media?parent=88501"}],"wp:term":[{"taxonomy":"category","embeddable":true,"href":"https:\/\/miurltemporal.com/main/triatletasenred.sport.es\/wp-json\/wp\/v2\/categories?post=88501"},{"taxonomy":"post_tag","embeddable":true,"href":"https:\/\/miurltemporal.com/main/triatletasenred.sport.es\/wp-json\/wp\/v2\/tags?post=88501"}],"curies":[{"name":"wp","href":"https:\/\/api.w.org\/{rel}","templated":true}]}}