{"id":88338,"date":"2024-01-14T18:13:48","date_gmt":"2024-01-14T17:13:48","guid":{"rendered":"https:\/\/miurltemporal.com/main/triatletasenred.sport.es\/?p=88338"},"modified":"2024-01-15T13:23:29","modified_gmt":"2024-01-15T12:23:29","slug":"gran-papel-de-david-cantero-en-los-10km-de-san-anton","status":"publish","type":"post","link":"https:\/\/miurltemporal.com/main/triatletasenred.sport.es\/actualidad\/gran-papel-de-david-cantero-en-los-10km-de-san-anton\/","title":{"rendered":"Gran papel de David Cantero en los 10km de San Ant\u00f3n"},"content":{"rendered":"<p style=\"font-weight: 400;\">El triatleta valenciano demuestra un grand\u00edsimo rendimiento en la XLI Carrera Urbana Internacional Noche de San Ant\u00f3n en la que Mo Katir y Tigist Gezahagn fueron los mejores<\/p>\n<p><a href=\"http:\/\/https:\/\/acortar.link\/SILsje\" rel=\"nofollow\" target=\"_blank\"><img fetchpriority=\"high\" decoding=\"async\" class=\"alignnone size-full wp-image-87738\" src=\"https:\/\/miurltemporal.com/main/triatletasenred.sport.es\/wp-content\/uploads\/INVERSE-TRIATLETASENRED-750x150-1.gif\" alt=\"\" width=\"750\" height=\"150\" \/><\/a><\/p>\n<h4><div id=\"ez-toc-container\" class=\"ez-toc-v2_0_69_1 counter-hierarchy ez-toc-counter ez-toc-grey ez-toc-container-direction\">\n<div class=\"ez-toc-title-container\">\n<p class=\"ez-toc-title\" style=\"cursor:inherit\">Table of Contents<\/p>\n<span class=\"ez-toc-title-toggle\"><a href=\"#\" class=\"ez-toc-pull-right ez-toc-btn ez-toc-btn-xs ez-toc-btn-default ez-toc-toggle\" aria-label=\"Toggle Table of Content\"><span class=\"ez-toc-js-icon-con\"><span class=\"\"><span class=\"eztoc-hide\" style=\"display:none;\">Toggle<\/span><span class=\"ez-toc-icon-toggle-span\"><svg style=\"fill: #999;color:#999\" xmlns=\"http:\/\/www.w3.org\/2000\/svg\" class=\"list-377408\" width=\"20px\" height=\"20px\" viewBox=\"0 0 24 24\" fill=\"none\"><path d=\"M6 6H4v2h2V6zm14 0H8v2h12V6zM4 11h2v2H4v-2zm16 0H8v2h12v-2zM4 16h2v2H4v-2zm16 0H8v2h12v-2z\" fill=\"currentColor\"><\/path><\/svg><svg style=\"fill: #999;color:#999\" class=\"arrow-unsorted-368013\" xmlns=\"http:\/\/www.w3.org\/2000\/svg\" width=\"10px\" height=\"10px\" viewBox=\"0 0 24 24\" version=\"1.2\" baseProfile=\"tiny\"><path d=\"M18.2 9.3l-6.2-6.3-6.2 6.3c-.2.2-.3.4-.3.7s.1.5.3.7c.2.2.4.3.7.3h11c.3 0 .5-.1.7-.3.2-.2.3-.5.3-.7s-.1-.5-.3-.7zM5.8 14.7l6.2 6.3 6.2-6.3c.2-.2.3-.5.3-.7s-.1-.5-.3-.7c-.2-.2-.4-.3-.7-.3h-11c-.3 0-.5.1-.7.3-.2.2-.3.5-.3.7s.1.5.3.7z\"\/><\/svg><\/span><\/span><\/span><\/a><\/span><\/div>\n<nav><ul class='ez-toc-list ez-toc-list-level-1 ' ><li class='ez-toc-page-1 ez-toc-heading-level-4'><a class=\"ez-toc-link ez-toc-heading-1\" href=\"https:\/\/miurltemporal.com/main/triatletasenred.sport.es\/actualidad\/gran-papel-de-david-cantero-en-los-10km-de-san-anton\/#CATEGORIA_MASCULINA\" title=\"CATEGOR\u00cdA MASCULINA\">CATEGOR\u00cdA MASCULINA<\/a><\/li><li class='ez-toc-page-1 ez-toc-heading-level-4'><a class=\"ez-toc-link ez-toc-heading-2\" href=\"https:\/\/miurltemporal.com/main/triatletasenred.sport.es\/actualidad\/gran-papel-de-david-cantero-en-los-10km-de-san-anton\/#CATEGORIA_FEMENIA\" title=\"CATEGOR\u00cdA FEMENIA\">CATEGOR\u00cdA FEMENIA<\/a><\/li><\/ul><\/nav><\/div>\n<\/h4>\n<h4><span class=\"ez-toc-section\" id=\"CATEGORIA_MASCULINA\"><\/span>CATEGOR\u00cdA MASCULINA<span class=\"ez-toc-section-end\"><\/span><\/h4>\n<hr \/>\n<p style=\"font-weight: 400;\">Se cumpli\u00f3 el guion en la <strong>Carrera Urbana Internacional Noche de San Ant\u00f3n<\/strong> en el cual a David Cantero le tocaba protagonizar un rol secundario, de batalla, y a Mo Katir y Edward Zakayo Pingua centrar todos los focos.<\/p>\n<p style=\"font-weight: 400;\">Una narrativa que se empez\u00f3 a consumar desde los primeros metros. El espejismo de vivir una cursa grupal dur\u00f3 un suspiro<strong>, <\/strong>lo que tardaron<strong> Zakayo Pingua y Katir en romper la carrera antes de la Avenida Madrid<\/strong> creando un hueco insalvable y divisorio para el resto, quienes conformaron un primer grupo perseguidor en el que se incrust\u00f3 Cantero. M\u00e1s tarde, all\u00e1 por el kil\u00f3metro cinco, y tras finalizar la Avenida de los Escuderos, <strong>Pingua marcaba el ritmo con un paso de 14\u201956\u201d<\/strong> con el que hizo a Katir rezagarse un segundo y unos metros. En ese mismo punto, el grupo hab\u00eda dejado de estar compacto para estirarse y establecer un primer d\u00fao a quince segundos con<strong> Eduardo Menacho y Sergio Jim\u00e9nez, seguidos por Eric Nzambimana y Workneh Fikre. <\/strong>A tres segundos del podio y a dieciocho de la cabeza<strong>, pasaba Cantero (s\u00e9ptimo) <\/strong>junto a<strong> David Klipagat y Pol Oriach<\/strong> mientras que V\u00edctor Ruiz les intentaba dar caza justo por detr\u00e1s. Una situaci\u00f3n de carrera que no tard\u00f3 en cambiar para ubicar a <strong>Katir<\/strong> a la misma altura que<strong> Zakayo Pingua; a Menacho, Nzambimana y Jim\u00e9nez<\/strong> pugnando por el podio y a <strong>Cantero noveno <\/strong>tras verse superado y descolgado por<strong> Klipagat y Oriach<\/strong>. Con todo por decidir, la bajada previa al Gran Eje se convirti\u00f3 en decisiva. <strong>Katir <\/strong>contraatac\u00f3 en ella y <strong>su ataque le vali\u00f3 la victoria (28\u201926\u201d), <\/strong>mientras que <strong>Jim\u00e9nez<\/strong> labraba ah\u00ed parte del tercer lugar que luego remachar\u00eda en el \u00faltimo kil\u00f3metro y <strong>Cantero<\/strong> ve\u00eda como <strong>Ruiz<\/strong> llegaba para cuestionar su plaza en el tramo ascendente del Gran Eje.<\/p>\n<p style=\"font-weight: 400;\">Finalmente, <strong>Cantero cerr\u00f3 el TOP10 de la carrera con un tiempo de 30\u201932\u201d,<\/strong> completando el demandante recorrido aurgitano a un ritmo de 3\u201903\u201d min\/km. Una marca y resultado que supone un buen inicio de curso para el del UA Triatl\u00f3.<\/p>\n<h4 style=\"font-weight: 400;\"><span class=\"ez-toc-section\" id=\"CATEGORIA_FEMENIA\"><\/span>CATEGOR\u00cdA FEMENIA<span class=\"ez-toc-section-end\"><\/span><\/h4>\n<hr \/>\n<p style=\"font-weight: 400;\">En cuanto a las mujeres, la campeona paral\u00edmpica de los 1.500 metros, la et\u00edope <strong>Tigist Gezahagn<\/strong> y su compatriota <strong>Alemaz Samuel<\/strong> calcaron un inicio casi id\u00e9ntico al de Katir y Zakayo Pingua. Sin embargo, <strong>Gezahagn<\/strong> apost\u00f3 por cambiar el ritmo antes del ecuador de la cursa y desde ese momento hasta la l\u00ednea de meta protagoniz\u00f3 una carrera en solitario. De esta manera, <strong>Gezahagn<\/strong> se hac\u00eda con el triunfo y mejoraba su tercer lugar de 2023. No obstante, el 32&#8217;16&#8221; que necesit\u00f3 para ello fue un crono m\u00e1s lento que su 32\u201906\u201d de la edici\u00f3n pasada y muy alejado del 31\u201937\u201d que hubo empleado <strong>Lemlem Hailu<\/strong> para vencer entonces. Por detr\u00e1s, <strong>Carolina Robles<\/strong> complet\u00f3 el podio e hizo las delicias del p\u00fablico al cumplir con la tradici\u00f3n de coger una de las antorchas que se le ofrec\u00edan para recorrer los \u00faltimos metros con ella.<\/p>\n<div class=\"youtube-embed\" data-video_id=\"8xaUdNA9E2M\"><iframe title=\"A fondo con la PUNCI\u00d3N SECA | \u00bfQu\u00e9 es y C\u00f3mo se Utiliza? \ud83d\udc89\" width=\"696\" height=\"392\" src=\"https:\/\/www.youtube.com\/embed\/8xaUdNA9E2M?feature=oembed&#038;enablejsapi=1\" frameborder=\"0\" allow=\"accelerometer; autoplay; clipboard-write; encrypted-media; gyroscope; picture-in-picture; web-share\" referrerpolicy=\"strict-origin-when-cross-origin\" allowfullscreen><\/iframe><\/div>\n","protected":false},"excerpt":{"rendered":"<p>El triatleta valenciano demuestra un grand\u00edsimo rendimiento en la XLI Carrera Urbana Internacional Noche de San Ant\u00f3n en la que Mo Katir y Tigist Gezahagn fueron los mejores<\/p>\n","protected":false},"author":351,"featured_media":88341,"comment_status":"closed","ping_status":"open","sticky":false,"template":"","format":"standard","meta":{"_acf_changed":false,"rank_math_lock_modified_date":false,"footnotes":""},"categories":[17,10639],"tags":[8402],"class_list":{"0":"post-88338","1":"post","2":"type-post","3":"status-publish","4":"format-standard","5":"has-post-thumbnail","7":"category-actualidad","8":"category-portada","9":"tag-david-cantero"},"acf":[],"_links":{"self":[{"href":"https:\/\/miurltemporal.com/main/triatletasenred.sport.es\/wp-json\/wp\/v2\/posts\/88338"}],"collection":[{"href":"https:\/\/miurltemporal.com/main/triatletasenred.sport.es\/wp-json\/wp\/v2\/posts"}],"about":[{"href":"https:\/\/miurltemporal.com/main/triatletasenred.sport.es\/wp-json\/wp\/v2\/types\/post"}],"author":[{"embeddable":true,"href":"https:\/\/miurltemporal.com/main/triatletasenred.sport.es\/wp-json\/wp\/v2\/users\/351"}],"replies":[{"embeddable":true,"href":"https:\/\/miurltemporal.com/main/triatletasenred.sport.es\/wp-json\/wp\/v2\/comments?post=88338"}],"version-history":[{"count":1,"href":"https:\/\/miurltemporal.com/main/triatletasenred.sport.es\/wp-json\/wp\/v2\/posts\/88338\/revisions"}],"predecessor-version":[{"id":88340,"href":"https:\/\/miurltemporal.com/main/triatletasenred.sport.es\/wp-json\/wp\/v2\/posts\/88338\/revisions\/88340"}],"wp:featuredmedia":[{"embeddable":true,"href":"https:\/\/miurltemporal.com/main/triatletasenred.sport.es\/wp-json\/wp\/v2\/media\/88341"}],"wp:attachment":[{"href":"https:\/\/miurltemporal.com/main/triatletasenred.sport.es\/wp-json\/wp\/v2\/media?parent=88338"}],"wp:term":[{"taxonomy":"category","embeddable":true,"href":"https:\/\/miurltemporal.com/main/triatletasenred.sport.es\/wp-json\/wp\/v2\/categories?post=88338"},{"taxonomy":"post_tag","embeddable":true,"href":"https:\/\/miurltemporal.com/main/triatletasenred.sport.es\/wp-json\/wp\/v2\/tags?post=88338"}],"curies":[{"name":"wp","href":"https:\/\/api.w.org\/{rel}","templated":true}]}}