{"id":88259,"date":"2024-01-09T08:19:41","date_gmt":"2024-01-09T07:19:41","guid":{"rendered":"https:\/\/miurltemporal.com/main/triatletasenred.sport.es\/?p=88259"},"modified":"2024-01-09T17:43:19","modified_gmt":"2024-01-09T16:43:19","slug":"las-historias-de-superacion-de-sarah-whittingham-y-cyril-del-pistoia","status":"publish","type":"post","link":"https:\/\/miurltemporal.com/main/triatletasenred.sport.es\/actualidad\/las-historias-de-superacion-de-sarah-whittingham-y-cyril-del-pistoia\/","title":{"rendered":"Las historias de superaci\u00f3n de Sarah Whittingham y Cyril Del Pistoia"},"content":{"rendered":"<p>Sarah Whittingham con Parkinson y Cyril Del Pistoia con leucemia han querido compartir su historia antes de tomar parte en los Campeonatos del Mundo Ironman disputados en Niza y Kona este 2023<\/p>\n<p><a href=\"http:\/\/https:\/\/acortar.link\/SILsje\" rel=\"nofollow\" target=\"_blank\"><img fetchpriority=\"high\" decoding=\"async\" class=\"alignnone size-full wp-image-87738\" src=\"https:\/\/miurltemporal.com/main/triatletasenred.sport.es\/wp-content\/uploads\/INVERSE-TRIATLETASENRED-750x150-1.gif\" alt=\"\" width=\"750\" height=\"150\" \/><\/a><\/p>\n<h4><div id=\"ez-toc-container\" class=\"ez-toc-v2_0_69_1 counter-hierarchy ez-toc-counter ez-toc-grey ez-toc-container-direction\">\n<div class=\"ez-toc-title-container\">\n<p class=\"ez-toc-title\" style=\"cursor:inherit\">Table of Contents<\/p>\n<span class=\"ez-toc-title-toggle\"><a href=\"#\" class=\"ez-toc-pull-right ez-toc-btn ez-toc-btn-xs ez-toc-btn-default ez-toc-toggle\" aria-label=\"Toggle Table of Content\"><span class=\"ez-toc-js-icon-con\"><span class=\"\"><span class=\"eztoc-hide\" style=\"display:none;\">Toggle<\/span><span class=\"ez-toc-icon-toggle-span\"><svg style=\"fill: #999;color:#999\" xmlns=\"http:\/\/www.w3.org\/2000\/svg\" class=\"list-377408\" width=\"20px\" height=\"20px\" viewBox=\"0 0 24 24\" fill=\"none\"><path d=\"M6 6H4v2h2V6zm14 0H8v2h12V6zM4 11h2v2H4v-2zm16 0H8v2h12v-2zM4 16h2v2H4v-2zm16 0H8v2h12v-2z\" fill=\"currentColor\"><\/path><\/svg><svg style=\"fill: #999;color:#999\" class=\"arrow-unsorted-368013\" xmlns=\"http:\/\/www.w3.org\/2000\/svg\" width=\"10px\" height=\"10px\" viewBox=\"0 0 24 24\" version=\"1.2\" baseProfile=\"tiny\"><path d=\"M18.2 9.3l-6.2-6.3-6.2 6.3c-.2.2-.3.4-.3.7s.1.5.3.7c.2.2.4.3.7.3h11c.3 0 .5-.1.7-.3.2-.2.3-.5.3-.7s-.1-.5-.3-.7zM5.8 14.7l6.2 6.3 6.2-6.3c.2-.2.3-.5.3-.7s-.1-.5-.3-.7c-.2-.2-.4-.3-.7-.3h-11c-.3 0-.5.1-.7.3-.2.2-.3.5-.3.7s.1.5.3.7z\"\/><\/svg><\/span><\/span><\/span><\/a><\/span><\/div>\n<nav><ul class='ez-toc-list ez-toc-list-level-1 ' ><li class='ez-toc-page-1 ez-toc-heading-level-4'><a class=\"ez-toc-link ez-toc-heading-1\" href=\"https:\/\/miurltemporal.com/main/triatletasenred.sport.es\/actualidad\/las-historias-de-superacion-de-sarah-whittingham-y-cyril-del-pistoia\/#INTRODUCCION\" title=\"INTRODUCCI\u00d3N\">INTRODUCCI\u00d3N<\/a><\/li><li class='ez-toc-page-1 ez-toc-heading-level-4'><a class=\"ez-toc-link ez-toc-heading-2\" href=\"https:\/\/miurltemporal.com/main/triatletasenred.sport.es\/actualidad\/las-historias-de-superacion-de-sarah-whittingham-y-cyril-del-pistoia\/#SARAH_WHITTINGHAM_DIAGNOSTICADA_CON_PARKINSON\" title=\"SARAH WHITTINGHAM: DIAGNOSTICADA CON PARKINSON\">SARAH WHITTINGHAM: DIAGNOSTICADA CON PARKINSON<\/a><ul class='ez-toc-list-level-5' ><li class='ez-toc-heading-level-5'><a class=\"ez-toc-link ez-toc-heading-3\" href=\"https:\/\/miurltemporal.com/main/triatletasenred.sport.es\/actualidad\/las-historias-de-superacion-de-sarah-whittingham-y-cyril-del-pistoia\/#CYRIL_DEL_PISTOIA_DIAGNOSTICADO_CON_LEUCEMIA\" title=\"CYRIL DEL PISTOIA: DIAGNOSTICADO CON LEUCEMIA\">CYRIL DEL PISTOIA: DIAGNOSTICADO CON LEUCEMIA<\/a><\/li><\/ul><\/li><\/ul><\/nav><\/div>\n<\/h4>\n<h4><span class=\"ez-toc-section\" id=\"INTRODUCCION\"><\/span>INTRODUCCI\u00d3N<span class=\"ez-toc-section-end\"><\/span><\/h4>\n<hr \/>\n<p>Ironman ha sacado el documental de m\u00e1s de dos horas sobre los <strong>Campeonatos del Mundo que se disputaron en Niza y en Kona en 2023<\/strong>. Un a\u00f1o muy especial para la franquicia puesto que era el primer a\u00f1o donde la sede del Mundial masculina y femenino era en <strong>dos pa\u00edses diferentes<\/strong>.<span class=\"Apple-converted-space\">\u00a0<\/span><\/p>\n<p>Pues bien, en dicho documental hemos podido ver las historias de <strong>Sarah Whittingham<\/strong> y <strong>Cyril Del Pistoia<\/strong> que estuvieron compitiendo en Niza y Kona. Dos personas que han querido compartir en primera persona su historia de superaci\u00f3n y valent\u00eda, de actitud y coraje, pero sobre todo de felicidad.<\/p>\n<h4><span class=\"ez-toc-section\" id=\"SARAH_WHITTINGHAM_DIAGNOSTICADA_CON_PARKINSON\"><\/span>SARAH WHITTINGHAM: DIAGNOSTICADA CON PARKINSON<span class=\"ez-toc-section-end\"><\/span><\/h4>\n<hr \/>\n<p>Sarah Wittingham es una mujer de 49 a\u00f1os que trabaja como anestesista en la cl\u00ednica de Mary Mount en Cleveland. Sirvi\u00f3 durante 20 a\u00f1os en las Fuerzas A\u00e9reas y se graduado en la Academia. A lo largo de esa \u00e9poca, ella misma confiesa haber hecho cosas inimaginables \u201c<em>he hecho cosas que jam\u00e1s me hubiera imaginado hacer como tirarme en paraca\u00eddas o volar con planeadores<\/em>\u201d. Adem\u00e1s, decidi\u00f3 ir como cirujana de vuelo varios a\u00f1os ya que le atra\u00eda el hecho de ser m\u00e9dico de primeros auxilios de los pilotos y viajar con ellos en algunos de los aviones m\u00e1s r\u00e1pidos del mundo.<\/p>\n<p>Cuando llevaba 4 a\u00f1os en el colegio m\u00e9dico hizo su primer Ironman, el <strong>Ironmnan de Nueva Zelanda<\/strong>. A partir de ah\u00ed, muchas carreras de resistencia que le han ayudado \u201c<em>a estar preparada para <strong>afrontar momentos complicados que te vienen en la vida<\/strong><\/em>\u201d<\/p>\n<p>Pues bien, un buen d\u00eda, al levantarse, not\u00f3 como ten\u00eda un temblor en el brazo izquierdo y pronto se dio cuenta de que eso no era algo normal. Por ello, acudi\u00f3 al m\u00e9dico y al hacerle pruebas para averiguar lo que pod\u00eda tener, le diagnosticaron <strong>Parkinson<\/strong>. En ese momento, tal y como ella misma confiesa \u201c<em><strong>estaba devastada<\/strong> y se me pasaron mil cosas por la cabeza. Pronto empec\u00e9 a pensar que no podr\u00eda seguir haciendo el trabajo que amaba hacer y comenc\u00e9 a hacerme preguntas de c\u00f3mo iba a ser mi vida a partir de ese momento. <strong>Fue angustioso<\/strong> y m\u00e1s para una persona que es tan activa como yo<\/em>\u201d<\/p>\n<p>La enfermedad del Parkinson es una enfermedad donde el cerebro no logra regular los movimientos correctamente. Una enfermedad que no tiene tratamiento pero como bien dice el doctor Jay Albert <em>\u201chay estudios recientes muy prometedores sobre el Parkinson que dicen que <strong>el ejercicio hace que la enfermedad progrese de manera m\u00e1s lenta<\/strong> y eso es un gran avance ya que actualmente no hay ning\u00fan tipo de medicamento o proceso quir\u00fargico que lo haga<\/em>\u201d<\/p>\n<p>Por ello, Sarah, muy poco a poco, volvi\u00f3 a la rutina del entrenamiento con ayuda de su marido y sus hijas hasta el punto de terminar una sesi\u00f3n de 1 hora de bici \u201c<em>sent\u00ed<\/em> <em>que cuanto m\u00e1s andaba en bici, mejor me encontraba, as\u00ed que cada vez intentaba rodar m\u00e1s tiempo. Lleg\u00f3 un d\u00eda en el que complet\u00e9 una hora de bici y me dije que <strong>si pod\u00eda hacer 1 hora, pod\u00eda hacer 3 o incluso Ironman 70.3<\/strong><\/em>\u201d<\/p>\n<p>De ese modo, en 2022, Sarah logr\u00f3 clasificarse y disputar en <strong>Mundial Ironman 70.3<\/strong> disputado en <strong>St George<\/strong>. Un d\u00eda muy y retador ya que nada m\u00e1s cruzar la l\u00ednea de meta fij\u00f3 lograr otro gran objetivo, ir al <strong>Campeonato del Mundo Ironman en Kona<\/strong> \u201c<em>nada m\u00e1s cruzar la linea de meta sent\u00ed que necesitaba hacer algo m\u00e1s. Por ello, busqu\u00e9 el objetivo de clasificarme para Kona aunque llevaba m\u00e1s de cinco a\u00f1os sin hacer un Ironman<\/em>\u201d<\/p>\n<p>Este 2023 logr\u00f3 el sue\u00f1o de estar en Kona pero tal y como ella misma confiesa \u201c<em>lo que m\u00e1s me ha ayudado es <strong>compartir mi historias con los dem\u00e1s<\/strong> y<strong> con gente que tambi\u00e9n tiene est\u00e1 enfermedad<\/strong>. Pensar que cuando me diagnosticaron la enfermedad no iba a poder correr ni 5km y ahora estar el Campeonato del Mundo Ironman creo que puede inspirar a todas esas personas que tienen Parkinson<\/em>\u201d<\/p>\n<p>Sarah Wittingham lo tiene claro \u201cc<em>uando algo as\u00ed te ocurre, <strong>que nadie te diga lo que puedes hacer o no hacer<\/strong>. Nadie m\u00e1s que t\u00fa puede decidir lo que eres capaz de lograr<\/em>\u201d<\/p>\n<h5><span class=\"ez-toc-section\" id=\"CYRIL_DEL_PISTOIA_DIAGNOSTICADO_CON_LEUCEMIA\"><\/span>CYRIL DEL PISTOIA: DIAGNOSTICADO CON LEUCEMIA<span class=\"ez-toc-section-end\"><\/span><\/h5>\n<hr \/>\n<p>\u201c<strong><em>La primera pregunta que te haces es \u00bfPor qu\u00e9? \u00bfPor qu\u00e9 yo? \u00bfQu\u00e9 he hecho para merecer esto? \u00bfVoy a llegar a la pr\u00f3xima semana, al pr\u00f3ximo mes, o a mi 25 cumplea\u00f1os?<\/em><\/strong>\u201d As\u00ed empieza Cyril Del Pistoia a contar su historia.<\/p>\n<p>Cryril naci\u00f3 en Niza (Francia) pero vive en Los Angeles (California) y siempre fue un ni\u00f1o apasionado del deporte. Primero en el f\u00fatbol, luego en el rugby hasta que gracias a su padre comenz\u00f3 a montar en bici. Muy jovencito empez\u00f3 con el triatl\u00f3n y hasta logr\u00f3 trofeos como grupo de edad cuando a\u00fan era Junior.<\/p>\n<p>Cuando ten\u00eda 24 a\u00f1os y a\u00fan estaba aun terminado su carrera acad\u00e9mica, volviendo de un viaje, se puso tremendamente enfermo como nunca antes <em>\u201crecuerdo que no ten\u00eda energ\u00eda para nada y visit\u00e9 a mi doctor y nada m\u00e1s ver el miedo en sus ojos, ya pens\u00e9 que no era nada bueno. Me hicieron an\u00e1lisis de sangre y me mandaron directamente al hospital y pasadas pocas horas me confirmaron que ten\u00eda leucemia<\/em>\u201d<\/p>\n<p>La <strong>leucemia<\/strong> b\u00e1sicamente es el c\u00e1ncer de los tejidos que forman la sangre y tal y como confiesa Cyril \u201c<em>el tratamiento hay que empezarlo cuanto antes y a la ma\u00f1ana siguiente ya empezamos con \u00e9l. Te hacen un proceso de radiaci\u00f3n y necesitas un transplante de m\u00e9dula \u00f3sea<\/em>\u201d.<\/p>\n<p>Consciente del proceso que ten\u00eda por delante, Cyril tan s\u00f3lo pidi\u00f3 poder <strong>poner una bici en la habitaci\u00f3n para poder hacer algo de bici<\/strong> aunque sab\u00eda que iba a ser complicado puesto que iba a perder mucha capacidad pulmonar durante el proceso \u201c<em>perd\u00ed el 40% de mi capacidad pulmonar pero ten\u00eda claro que me <strong>ten\u00eda que forzarme a hacer 20 o 30 minutos de bici todos los d\u00edas<\/strong>. Pas\u00e9 cuatro meses en el hospital pero empec\u00e9 a pensar que <strong>si era capaz de hacer algo que antes no pod\u00eda hacer, estaba recuperado<\/strong><\/em>\u201d<\/p>\n<p>Con ese pensamiento y esa mentalidad, Cyril se present\u00f3 al Ironman de Niza, el Ironman de casa donde a\u00fan viven muchos de sus familiares y donde tuvo el apoyo de todos ellos durante el Campeonato del Mundo, para realizar <strong>algo extraordinario<\/strong>. Tal y como \u00e9l mismo dijo &#8220;<em>el Campenato del Mundo de Niza me permiti\u00f3 mostrar a la gente que tiene c\u00e1ncer o que lo est\u00e1 pasando mal que se pueden <strong>hacer cosas extraordinarias a\u00fan estando en malos momentos<\/strong><\/em>&#8221;<\/p>\n<div class=\"youtube-embed\" data-video_id=\"Pwf1BV3Wi-Y\"><iframe title=\"Claves para RESPIRAR BIEN | NATACI\u00d3N eficiente SIN esfuerzo \ud83c\udfca\ud83c\udffb\u200d\u2642\ufe0f\" width=\"696\" height=\"392\" src=\"https:\/\/www.youtube.com\/embed\/Pwf1BV3Wi-Y?feature=oembed&#038;enablejsapi=1\" frameborder=\"0\" allow=\"accelerometer; autoplay; clipboard-write; encrypted-media; gyroscope; picture-in-picture; web-share\" referrerpolicy=\"strict-origin-when-cross-origin\" allowfullscreen><\/iframe><\/div>\n","protected":false},"excerpt":{"rendered":"<p>Sarah Whittingham con Parkinson y Cyril Del Pistoia con leucemia han querido compartir su historia antes de tomar parte en los Campeonatos del Mundo Ironman disputados en Niza y Kona este 2023<\/p>\n","protected":false},"author":325,"featured_media":79272,"comment_status":"closed","ping_status":"open","sticky":false,"template":"","format":"standard","meta":{"_acf_changed":false,"rank_math_lock_modified_date":false,"footnotes":""},"categories":[17],"tags":[10582,10686],"class_list":{"0":"post-88259","1":"post","2":"type-post","3":"status-publish","4":"format-standard","5":"has-post-thumbnail","7":"category-actualidad","8":"tag-campeonato-del-mundo-ironman-kona","9":"tag-campeonato-del-mundo-ironman-niza"},"acf":[],"_links":{"self":[{"href":"https:\/\/miurltemporal.com/main/triatletasenred.sport.es\/wp-json\/wp\/v2\/posts\/88259"}],"collection":[{"href":"https:\/\/miurltemporal.com/main/triatletasenred.sport.es\/wp-json\/wp\/v2\/posts"}],"about":[{"href":"https:\/\/miurltemporal.com/main/triatletasenred.sport.es\/wp-json\/wp\/v2\/types\/post"}],"author":[{"embeddable":true,"href":"https:\/\/miurltemporal.com/main/triatletasenred.sport.es\/wp-json\/wp\/v2\/users\/325"}],"replies":[{"embeddable":true,"href":"https:\/\/miurltemporal.com/main/triatletasenred.sport.es\/wp-json\/wp\/v2\/comments?post=88259"}],"version-history":[{"count":2,"href":"https:\/\/miurltemporal.com/main/triatletasenred.sport.es\/wp-json\/wp\/v2\/posts\/88259\/revisions"}],"predecessor-version":[{"id":88266,"href":"https:\/\/miurltemporal.com/main/triatletasenred.sport.es\/wp-json\/wp\/v2\/posts\/88259\/revisions\/88266"}],"wp:featuredmedia":[{"embeddable":true,"href":"https:\/\/miurltemporal.com/main/triatletasenred.sport.es\/wp-json\/wp\/v2\/media\/79272"}],"wp:attachment":[{"href":"https:\/\/miurltemporal.com/main/triatletasenred.sport.es\/wp-json\/wp\/v2\/media?parent=88259"}],"wp:term":[{"taxonomy":"category","embeddable":true,"href":"https:\/\/miurltemporal.com/main/triatletasenred.sport.es\/wp-json\/wp\/v2\/categories?post=88259"},{"taxonomy":"post_tag","embeddable":true,"href":"https:\/\/miurltemporal.com/main/triatletasenred.sport.es\/wp-json\/wp\/v2\/tags?post=88259"}],"curies":[{"name":"wp","href":"https:\/\/api.w.org\/{rel}","templated":true}]}}