{"id":88239,"date":"2024-01-08T17:53:43","date_gmt":"2024-01-08T16:53:43","guid":{"rendered":"https:\/\/miurltemporal.com/main/triatletasenred.sport.es\/?p=88239"},"modified":"2024-01-08T17:53:43","modified_gmt":"2024-01-08T16:53:43","slug":"kristian-blummenfelt-revienta-sus-numeros-en-el-laboratorio","status":"publish","type":"post","link":"https:\/\/miurltemporal.com/main/triatletasenred.sport.es\/actualidad\/kristian-blummenfelt-revienta-sus-numeros-en-el-laboratorio\/","title":{"rendered":"Kristian Blummenfelt revienta sus n\u00fameros en el laboratorio"},"content":{"rendered":"<p class=\"p1\">Kristian Blummnfelt y Gustav Iden revientan los n\u00fameros en los test de laboratorio tras tres semanas entrenando a 2.600m de altitud<\/p>\n<p><a href=\"http:\/\/https:\/\/acortar.link\/SILsje\" rel=\"nofollow\" target=\"_blank\"><img fetchpriority=\"high\" decoding=\"async\" class=\"alignnone size-full wp-image-87738\" src=\"https:\/\/miurltemporal.com/main/triatletasenred.sport.es\/wp-content\/uploads\/INVERSE-TRIATLETASENRED-750x150-1.gif\" alt=\"\" width=\"750\" height=\"150\" \/><\/a><\/p>\n<p class=\"p1\"><span class=\"s1\"><div id=\"ez-toc-container\" class=\"ez-toc-v2_0_69_1 counter-hierarchy ez-toc-counter ez-toc-grey ez-toc-container-direction\">\n<div class=\"ez-toc-title-container\">\n<p class=\"ez-toc-title\" style=\"cursor:inherit\">Table of Contents<\/p>\n<span class=\"ez-toc-title-toggle\"><a href=\"#\" class=\"ez-toc-pull-right ez-toc-btn ez-toc-btn-xs ez-toc-btn-default ez-toc-toggle\" aria-label=\"Toggle Table of Content\"><span class=\"ez-toc-js-icon-con\"><span class=\"\"><span class=\"eztoc-hide\" style=\"display:none;\">Toggle<\/span><span class=\"ez-toc-icon-toggle-span\"><svg style=\"fill: #999;color:#999\" xmlns=\"http:\/\/www.w3.org\/2000\/svg\" class=\"list-377408\" width=\"20px\" height=\"20px\" viewBox=\"0 0 24 24\" fill=\"none\"><path d=\"M6 6H4v2h2V6zm14 0H8v2h12V6zM4 11h2v2H4v-2zm16 0H8v2h12v-2zM4 16h2v2H4v-2zm16 0H8v2h12v-2z\" fill=\"currentColor\"><\/path><\/svg><svg style=\"fill: #999;color:#999\" class=\"arrow-unsorted-368013\" xmlns=\"http:\/\/www.w3.org\/2000\/svg\" width=\"10px\" height=\"10px\" viewBox=\"0 0 24 24\" version=\"1.2\" baseProfile=\"tiny\"><path d=\"M18.2 9.3l-6.2-6.3-6.2 6.3c-.2.2-.3.4-.3.7s.1.5.3.7c.2.2.4.3.7.3h11c.3 0 .5-.1.7-.3.2-.2.3-.5.3-.7s-.1-.5-.3-.7zM5.8 14.7l6.2 6.3 6.2-6.3c.2-.2.3-.5.3-.7s-.1-.5-.3-.7c-.2-.2-.4-.3-.7-.3h-11c-.3 0-.5.1-.7.3-.2.2-.3.5-.3.7s.1.5.3.7z\"\/><\/svg><\/span><\/span><\/span><\/a><\/span><\/div>\n<nav><ul class='ez-toc-list ez-toc-list-level-1 ' ><li class='ez-toc-page-1 ez-toc-heading-level-4'><a class=\"ez-toc-link ez-toc-heading-1\" href=\"https:\/\/miurltemporal.com/main/triatletasenred.sport.es\/actualidad\/kristian-blummenfelt-revienta-sus-numeros-en-el-laboratorio\/#VALORACION_2023\" title=\"VALORACI\u00d3N 2023\">VALORACI\u00d3N 2023<\/a><\/li><li class='ez-toc-page-1 ez-toc-heading-level-4'><a class=\"ez-toc-link ez-toc-heading-2\" href=\"https:\/\/miurltemporal.com/main/triatletasenred.sport.es\/actualidad\/kristian-blummenfelt-revienta-sus-numeros-en-el-laboratorio\/#ENTRENAMIENTO_EN_ALTURA\" title=\"ENTRENAMIENTO EN ALTURA\">ENTRENAMIENTO EN ALTURA<\/a><\/li><li class='ez-toc-page-1 ez-toc-heading-level-4'><a class=\"ez-toc-link ez-toc-heading-3\" href=\"https:\/\/miurltemporal.com/main/triatletasenred.sport.es\/actualidad\/kristian-blummenfelt-revienta-sus-numeros-en-el-laboratorio\/#TEST_REALIZADOS_EN_ALTURA\" title=\"TEST REALIZADOS EN ALTURA\">TEST REALIZADOS EN ALTURA<\/a><\/li><li class='ez-toc-page-1 ez-toc-heading-level-4'><a class=\"ez-toc-link ez-toc-heading-4\" href=\"https:\/\/miurltemporal.com/main/triatletasenred.sport.es\/actualidad\/kristian-blummenfelt-revienta-sus-numeros-en-el-laboratorio\/#IMPORTANCIA_DE_LA_INGESTA_CALORICA\" title=\"IMPORTANCIA DE LA INGESTA CAL\u00d3RICA\">IMPORTANCIA DE LA INGESTA CAL\u00d3RICA<\/a><\/li><li class='ez-toc-page-1 ez-toc-heading-level-4'><a class=\"ez-toc-link ez-toc-heading-5\" href=\"https:\/\/miurltemporal.com/main/triatletasenred.sport.es\/actualidad\/kristian-blummenfelt-revienta-sus-numeros-en-el-laboratorio\/#SENSORES_UTILIZADOS\" title=\"SENSORES UTILIZADOS\">SENSORES UTILIZADOS<\/a><\/li><li class='ez-toc-page-1 ez-toc-heading-level-4'><a class=\"ez-toc-link ez-toc-heading-6\" href=\"https:\/\/miurltemporal.com/main/triatletasenred.sport.es\/actualidad\/kristian-blummenfelt-revienta-sus-numeros-en-el-laboratorio\/#TEST_EN_BERGEN_NORUEGA_TRAS_EL_ENTRENAMIENTO_EN_ALTURA\" title=\"TEST EN BERGEN (NORUEGA) TRAS EL ENTRENAMIENTO EN ALTURA\">TEST EN BERGEN (NORUEGA) TRAS EL ENTRENAMIENTO EN ALTURA<\/a><\/li><\/ul><\/nav><\/div>\n<\/span><\/p>\n<p class=\"p1\"><span class=\"s1\"><br \/>\nTanto <strong>Kristian Blummenfelt<\/strong> como <strong>Gustav Iden<\/strong> y el equipo que les rodea han estado pasando unas semanas en tierras marroqu\u00eds con el objetivo de hacer un <strong>Training Camp en altura<\/strong> e ir cogiendo la base de cara a un 2024 que se presenta muy emocionante con los <strong>Juegos Ol\u00edmpicos<\/strong> como principal objetivo del a\u00f1o.<\/span><\/p>\n<p class=\"p1\"><span class=\"s1\">En esta ocasi\u00f3n, con el objetivo de buscar una altitud un poco mayor de la que tienen en <strong>Sierra Nevada<\/strong>, el otro lugar al que suelen acudir cuando quieren buscar los beneficios de la altitud, han viajado hasta las monta\u00f1as <strong>Atlas en Marruecos<\/strong>. Un lugar ic\u00f3nico del que han disfrutado entrenando y del que, tras bajar a su Noruega natal, han querido valorar los beneficios adquiridos. Adem\u00e1s, a trav\u00e9s de sus redes sociales, han compartido algunos de los valores de los test realizados en el laboratorio.<\/span><\/p>\n<h4 class=\"p1\"><span class=\"ez-toc-section\" id=\"VALORACION_2023\"><\/span><span class=\"s1\">VALORACI\u00d3N 2023<\/span><span class=\"ez-toc-section-end\"><\/span><\/h4>\n<hr \/>\n<p class=\"p1\"><strong><span class=\"s1\">Gustav Iden<\/span><\/strong><\/p>\n<p class=\"p1\"><span class=\"s1\">El a\u00f1o 2023 ha sido <strong>mi peor a\u00f1o a nivel profesional y personal<\/strong>. No ha habido ninguna carrera con la que haya terminado feliz y muy pocos entrenamientos en los que haya dicho <em>\u201cvamos en buena direcci\u00f3n\u201d<\/em>. Adem\u00e1s, por primera vez en mi carrera he estado lesionado con una inflamaci\u00f3n en el tend\u00f3n de Aquiles con el que hemos tenido que lidiar los \u00faltimos meses del 2023<\/span><\/p>\n<p class=\"p1\"><strong><span class=\"s1\">Kristian Blummenfelt <\/span><\/strong><\/p>\n<p class=\"p1\"><span class=\"s1\">El objetivo de 2023 era ponerme en la posici\u00f3n necesaria para <strong>revalidar el t\u00edtulo ol\u00edmpico en Par\u00eds 2024.<\/strong> No ha sido un gran a\u00f1o en cuanto a resultados en las carreras de corta distancia porque no he podido <strong>subir al podium<\/strong> y mi mejor carrera ha sido <strong>Hamburgo con el 4\u00ba puesto<\/strong> en una de las peores distancias para m\u00ed como es <strong>la Super Sprint<\/strong>. En Media Distancia he logrado tres <strong>podiums<\/strong> en las tres carreras de la <strong>PTO<\/strong>. Aunque he metido buenos entrenamientos con datos sobre la bici jam\u00e1s vistos, hay que esperar al 2024 para ver si todo lo realizado en 2023 ha merecido la pena<\/span><\/p>\n<h4 class=\"p1\"><span class=\"ez-toc-section\" id=\"ENTRENAMIENTO_EN_ALTURA\"><\/span><span class=\"s1\">ENTRENAMIENTO EN ALTURA<\/span><span class=\"ez-toc-section-end\"><\/span><\/h4>\n<hr \/>\n<p class=\"p1\"><strong><span class=\"s1\">Kristian Blummenfelt <\/span><\/strong><\/p>\n<p class=\"p1\"><span class=\"s1\">Marruecos es un gran sitio para entrenar en altura con m\u00e1s de <strong>2.600m de altitud<\/strong>. Al final, estamos durmiendo 300m m\u00e1s alto de lo que hacemos en Sierra Nevada. El objetivo estando en Marruecos es <strong>engrasar el motor y ver c\u00f3mo se comporta y trabaja<\/strong>. Para ello, hemos estado utilizando el <strong>VO2 Master<\/strong> para ir sabiendo las calor\u00edas que \u00edbamos quemando durante las sesiones, despu\u00e9s de las sesiones, antes de cenar y despu\u00e9s de cenar para tener una imagen completa de c\u00f3mo estaba funcionando nuestro cuerpo.<\/span><\/p>\n<p class=\"p1\"><strong><span class=\"s1\">Olav Alexander <\/span><\/strong><\/p>\n<p class=\"p1\"><span class=\"s1\">Los beneficios de entrenar en altura ya est\u00e1n demostrados y uno de los principales es el incremento de la masa hemoglobina. A\u00fan as\u00ed, no a todos les afecta igual y por ello nosotros llevamos mucho tiempo probando y obteniendo buenos datos por experiencias pasadas entrenando en altitudes de hasta 2.800m.<\/span><\/p>\n<h4 class=\"p1\"><span class=\"ez-toc-section\" id=\"TEST_REALIZADOS_EN_ALTURA\"><\/span><span class=\"s1\">TEST REALIZADOS EN ALTURA<\/span><span class=\"ez-toc-section-end\"><\/span><\/h4>\n<hr \/>\n<p class=\"p1\"><strong><span class=\"s1\">Gustav Iden<\/span><\/strong><\/p>\n<p class=\"p1\"><span class=\"s1\">Los test han sido malos y <strong>estoy en muy mala forma<\/strong>. Tenemos mucho trabajo por delante.<\/span><\/p>\n<p class=\"p1\"><strong><span class=\"s1\">Kristian Blummenfelt<\/span><\/strong><\/p>\n<p class=\"p1\"><span class=\"s1\">Para llevar solo unos d\u00edas haciendo entrenamientos de baja intensidad, los datos de los test han sido los esperados. Ahora en diciembre cuando bajemos a nivel del mar, comenzaremos a meter <strong>ritmos de competici\u00f3n y entrenamientos VO2max<\/strong> para ir cogiendo la forma. El objetivo en Marruecos es meter volumen y crear una buena base <\/span><\/p>\n<h4 class=\"p1\"><span class=\"ez-toc-section\" id=\"IMPORTANCIA_DE_LA_INGESTA_CALORICA\"><\/span><span class=\"s1\">IMPORTANCIA DE LA INGESTA CAL\u00d3RICA<\/span><span class=\"ez-toc-section-end\"><\/span><\/h4>\n<hr \/>\n<p class=\"p1\"><strong><span class=\"s1\">Olav Alexander<\/span><\/strong><\/p>\n<p class=\"p1\"><span class=\"s1\">Las calor\u00edas son el <strong>principal limitante del entrenamiento.<\/strong> No hay velocidad sin potencia y no hay potencia sin calor\u00edas. Por ello, la ingesta de calor\u00edas es incre\u00edblemente relevante aunque a\u00fan lo es m\u00e1s <strong>la capacidad de absorber y tolerar esas calor\u00edas<\/strong>. Adem\u00e1s, estando en altitud, la <strong>tasa metab\u00f3lica en reposo aumenta significativamente<\/strong> por ello tenemos que medir todo muy bien para poder construir una planificaci\u00f3n de entrenamiento que nos deje ir aumentando el volumen sin que nos repercuta negativamente.<\/span><\/p>\n<p class=\"p1\"><span class=\"s1\">Todas estas mediciones de las calor\u00edas quemadas, si se saben interpretar, son fundamentales. Hay una correlaci\u00f3n positiva entre el volumen de entrenamiento (entendiendo el volumen como la intensidad y la duraci\u00f3n del mismo) con el rendimiento. Por ello, cuando mayor es el volumen de entrenamiento, mayor tiene que ser la precisi\u00f3n en todo lo que haces. Por eso somos tan rigurosos y met\u00f3dicos.<\/span><\/p>\n<h4 class=\"p1\"><span class=\"ez-toc-section\" id=\"SENSORES_UTILIZADOS\"><\/span><span class=\"s1\">SENSORES UTILIZADOS<\/span><span class=\"ez-toc-section-end\"><\/span><\/h4>\n<hr \/>\n<p class=\"p1\"><strong><span class=\"s1\">Kristian Blummenfelt<\/span><\/strong><\/p>\n<p class=\"p1\"><span class=\"s1\">Gracias a todos los sensores que tenemos ahora para poder medir y gracias a que muchos de ellos podemos usarlos fuera de un laboratorio y usarlos en nuestros entrenamientos, podemos controlar muchos par\u00e1metros que nos interesan. Con todos estos instrumentos podemos ver y saber c\u00f3mo se est\u00e1 comportando nuestro cuerpo en todo momento. <\/span><\/p>\n<p class=\"p1\"><span class=\"s1\">Por ejemplo, no puedes estar pinch\u00e1ndote en el dedo cada 6 minutos para ver los valores de lactato. Ahora, con el <strong>Moxi Monitor<\/strong>, puedes ver la evoluci\u00f3n del lactato sin necesidad de pararte y pincharte. Puedes las curvas del lactato dependiendo la intensidad y eso te ayuda a ajustar la planificaci\u00f3n de cada entrenamiento.<\/span><\/p>\n<h4 class=\"p1\"><span class=\"ez-toc-section\" id=\"TEST_EN_BERGEN_NORUEGA_TRAS_EL_ENTRENAMIENTO_EN_ALTURA\"><\/span><span class=\"s1\">TEST EN BERGEN (NORUEGA) TRAS EL ENTRENAMIENTO EN ALTURA<\/span><span class=\"ez-toc-section-end\"><\/span><\/h4>\n<hr \/>\n<p class=\"p1\"><strong><span class=\"s1\">Gustav Iden<\/span><\/strong><\/p>\n<p class=\"p1\"><span class=\"s1\">Tras un tiempo sin correr por mis dolencias en el Aquiles, volv\u00ed a probar hacerlo en Marruecos y segu\u00ed sintiendo dolor. Por eso, decidimos acortar la estancia en Marrueco para viajar a Alemania y hacerme una pruebas y buscar otro tratamiento. <\/span><\/p>\n<p class=\"p1\"><span class=\"s1\">A pesar del nuevo tratamiento, al volver a casa no hemos podido meter los test de VO2 Max en la bici ni corriendo pero s\u00ed <strong>en la nataci\u00f3n donde los n\u00fameros han sido sorprendentemente buenos dando los mejores datos de siempre<\/strong>. Adem\u00e1s, los n\u00fameros muestran que estoy siendo mucho m\u00e1s eficiente en el nado ya que al mismo ritmo necesito menos ox\u00edgeno.<\/span><\/p>\n<p class=\"p1\"><span class=\"s1\">Estamos trabajando espec\u00edficamente la t\u00e9cnica con uno de los entrenadores de nataci\u00f3n m\u00e1s famosos de Noruega quien tambi\u00e9n nos est\u00e1<span class=\"Apple-converted-space\">\u00a0 <\/span>dise\u00f1ando todas las sesiones y eso me est\u00e1 dando mucha confianza en el agua.<\/span><\/p>\n<p class=\"p1\"><strong><span class=\"s1\">Kristian Blummenfelt<\/span><\/strong><\/p>\n<p class=\"p1\"><span class=\"s1\">Estoy contento con los test teniendo en cuenta que a\u00fan estamos lejos de los <strong>Juegos Ol\u00edmpicos<\/strong>. Lo que m\u00e1s me preocupa es la piscina los n\u00fameros est\u00e1n siendo positivos. El ritmo de nataci\u00f3n por debajo del ritmo de carrera est\u00e1 siendo muy bueno. Creo que soy <strong>m\u00e1s eficiente<\/strong> aunque ahora tenemos que trabajar m\u00e1s espec\u00edficamente el ritmo por encima del ritmo de carrera<\/span><\/p>\n<p class=\"p1\"><strong><span class=\"s1\">Olav Alexander<\/span><\/strong><\/p>\n<p class=\"p1\"><span class=\"s1\">Gustav est\u00e1 siendo <strong>significativamente mejor en la nataci\u00f3n<\/strong> de lo que lo ha sido antes. Esto es extremadamente positivo y motivante<\/span><\/p>\n<p class=\"p1\"><span class=\"s1\">En cuanto a Kristian, ha mejorado en cuanto a la <strong>potencia<\/strong> no solo teniendo en cuenta el momento de la temporada en la que estamos si no que es <strong>m\u00e1s alto de lo que ha sido nunca antes<\/strong>. Estamos <strong>rompiendo l\u00edmites<\/strong> y no tenemos referencias para comparar estos nuevos valores de Kristian. Parece una exageraci\u00f3n pero viendo el test en bici de Kristian pensaba que \u00edbamos a <strong>necesitar otra bici en el laboratorio porque la iba a explotar<\/strong>. <\/span><\/p>\n<p class=\"p1\"><span class=\"s1\">Los <strong>datos nadando tambi\u00e9n son mejores que nunca<\/strong> y corriendo esta mostrando valores asombrosos. Est\u00e1 corriendo m\u00e1s r\u00e1pida que la cinta de correr y m\u00e1s r\u00e1pido de lo que lo ha hecho antes. Los n\u00fameros corriendo son tan buenos que cuando los vi no me los cre\u00eda. En ese momento dije al equipo \u201c<em>que nadie publique o ense\u00f1e estos n\u00fameros porque antes los tengo que verificar que no me los creo<\/em>\u201d<\/span><\/p>\n<div class=\"youtube-embed\" data-video_id=\"Pwf1BV3Wi-Y\"><iframe title=\"Claves para RESPIRAR BIEN | NATACI\u00d3N eficiente SIN esfuerzo \ud83c\udfca\ud83c\udffb\u200d\u2642\ufe0f\" width=\"696\" height=\"392\" src=\"https:\/\/www.youtube.com\/embed\/Pwf1BV3Wi-Y?feature=oembed&#038;enablejsapi=1\" frameborder=\"0\" allow=\"accelerometer; autoplay; clipboard-write; encrypted-media; gyroscope; picture-in-picture; web-share\" referrerpolicy=\"strict-origin-when-cross-origin\" allowfullscreen><\/iframe><\/div>\n<p>&nbsp;<\/p>\n","protected":false},"excerpt":{"rendered":"<p>Kristian Blummnfelt y Gustav Iden revientan los n\u00fameros en los test de laboratorio tras tres semanas entrenando a 2.600m de altitud<\/p>\n","protected":false},"author":325,"featured_media":61770,"comment_status":"closed","ping_status":"open","sticky":false,"template":"","format":"standard","meta":{"_acf_changed":false,"rank_math_lock_modified_date":false,"footnotes":""},"categories":[17,10639],"tags":[6386,6385,10685],"class_list":{"0":"post-88239","1":"post","2":"type-post","3":"status-publish","4":"format-standard","5":"has-post-thumbnail","7":"category-actualidad","8":"category-portada","9":"tag-gustav-iden","10":"tag-kristian-blummenfelt","11":"tag-olav-alexander"},"acf":[],"_links":{"self":[{"href":"https:\/\/miurltemporal.com/main/triatletasenred.sport.es\/wp-json\/wp\/v2\/posts\/88239"}],"collection":[{"href":"https:\/\/miurltemporal.com/main/triatletasenred.sport.es\/wp-json\/wp\/v2\/posts"}],"about":[{"href":"https:\/\/miurltemporal.com/main/triatletasenred.sport.es\/wp-json\/wp\/v2\/types\/post"}],"author":[{"embeddable":true,"href":"https:\/\/miurltemporal.com/main/triatletasenred.sport.es\/wp-json\/wp\/v2\/users\/325"}],"replies":[{"embeddable":true,"href":"https:\/\/miurltemporal.com/main/triatletasenred.sport.es\/wp-json\/wp\/v2\/comments?post=88239"}],"version-history":[{"count":1,"href":"https:\/\/miurltemporal.com/main/triatletasenred.sport.es\/wp-json\/wp\/v2\/posts\/88239\/revisions"}],"predecessor-version":[{"id":88241,"href":"https:\/\/miurltemporal.com/main/triatletasenred.sport.es\/wp-json\/wp\/v2\/posts\/88239\/revisions\/88241"}],"wp:featuredmedia":[{"embeddable":true,"href":"https:\/\/miurltemporal.com/main/triatletasenred.sport.es\/wp-json\/wp\/v2\/media\/61770"}],"wp:attachment":[{"href":"https:\/\/miurltemporal.com/main/triatletasenred.sport.es\/wp-json\/wp\/v2\/media?parent=88239"}],"wp:term":[{"taxonomy":"category","embeddable":true,"href":"https:\/\/miurltemporal.com/main/triatletasenred.sport.es\/wp-json\/wp\/v2\/categories?post=88239"},{"taxonomy":"post_tag","embeddable":true,"href":"https:\/\/miurltemporal.com/main/triatletasenred.sport.es\/wp-json\/wp\/v2\/tags?post=88239"}],"curies":[{"name":"wp","href":"https:\/\/api.w.org\/{rel}","templated":true}]}}