{"id":88224,"date":"2024-01-05T08:43:52","date_gmt":"2024-01-05T07:43:52","guid":{"rendered":"https:\/\/miurltemporal.com/main/triatletasenred.sport.es\/?p=88224"},"modified":"2024-01-05T08:44:44","modified_gmt":"2024-01-05T07:44:44","slug":"maraton-de-valencia-dopaje","status":"publish","type":"post","link":"https:\/\/miurltemporal.com/main/triatletasenred.sport.es\/actualidad\/maraton-de-valencia-dopaje\/","title":{"rendered":"El Marat\u00f3n de Valencia da un paso al frente ante el esc\u00e1ndalo antidopaje"},"content":{"rendered":"<p>&#8220;No podemos fingir que no pasa nada&#8221; La organizaci\u00f3n rompe cualquier relaci\u00f3n con la Agencia Antidopaje espa\u00f1ola con una rotunda declaraci\u00f3n de intenciones ante el esc\u00e1ndalo desatado.<\/p>\n<p><a href=\"https:\/\/wwwi.finishers.oes\" rel=\"nofollow noopener\" target=\"_blank\"><img fetchpriority=\"high\" decoding=\"async\" class=\"aligncenter size-full wp-image-77427\" src=\"https:\/\/miurltemporal.com/main/triatletasenred.sport.es\/wp-content\/uploads\/Finisher-750x150-1.jpg\" alt=\"\" width=\"750\" height=\"150\" srcset=\"https:\/\/miurltemporal.com/main/triatletasenred.sport.es\/wp-content\/uploads\/Finisher-750x150-1.jpg 750w, https:\/\/miurltemporal.com/main/triatletasenred.sport.es\/wp-content\/uploads\/Finisher-750x150-1-700x140.jpg 700w, https:\/\/miurltemporal.com/main/triatletasenred.sport.es\/wp-content\/uploads\/Finisher-750x150-1-300x60.jpg 300w, https:\/\/miurltemporal.com/main/triatletasenred.sport.es\/wp-content\/uploads\/Finisher-750x150-1-696x139.jpg 696w\" sizes=\"(max-width: 750px) 100vw, 750px\" \/><\/a><\/p>\n<h4><div id=\"ez-toc-container\" class=\"ez-toc-v2_0_69_1 counter-hierarchy ez-toc-counter ez-toc-grey ez-toc-container-direction\">\n<div class=\"ez-toc-title-container\">\n<p class=\"ez-toc-title\" style=\"cursor:inherit\">Table of Contents<\/p>\n<span class=\"ez-toc-title-toggle\"><a href=\"#\" class=\"ez-toc-pull-right ez-toc-btn ez-toc-btn-xs ez-toc-btn-default ez-toc-toggle\" aria-label=\"Toggle Table of Content\"><span class=\"ez-toc-js-icon-con\"><span class=\"\"><span class=\"eztoc-hide\" style=\"display:none;\">Toggle<\/span><span class=\"ez-toc-icon-toggle-span\"><svg style=\"fill: #999;color:#999\" xmlns=\"http:\/\/www.w3.org\/2000\/svg\" class=\"list-377408\" width=\"20px\" height=\"20px\" viewBox=\"0 0 24 24\" fill=\"none\"><path d=\"M6 6H4v2h2V6zm14 0H8v2h12V6zM4 11h2v2H4v-2zm16 0H8v2h12v-2zM4 16h2v2H4v-2zm16 0H8v2h12v-2z\" fill=\"currentColor\"><\/path><\/svg><svg style=\"fill: #999;color:#999\" class=\"arrow-unsorted-368013\" xmlns=\"http:\/\/www.w3.org\/2000\/svg\" width=\"10px\" height=\"10px\" viewBox=\"0 0 24 24\" version=\"1.2\" baseProfile=\"tiny\"><path d=\"M18.2 9.3l-6.2-6.3-6.2 6.3c-.2.2-.3.4-.3.7s.1.5.3.7c.2.2.4.3.7.3h11c.3 0 .5-.1.7-.3.2-.2.3-.5.3-.7s-.1-.5-.3-.7zM5.8 14.7l6.2 6.3 6.2-6.3c.2-.2.3-.5.3-.7s-.1-.5-.3-.7c-.2-.2-.4-.3-.7-.3h-11c-.3 0-.5.1-.7.3-.2.2-.3.5-.3.7s.1.5.3.7z\"\/><\/svg><\/span><\/span><\/span><\/a><\/span><\/div>\n<nav><ul class='ez-toc-list ez-toc-list-level-1 ' ><li class='ez-toc-page-1 ez-toc-heading-level-4'><a class=\"ez-toc-link ez-toc-heading-1\" href=\"https:\/\/miurltemporal.com/main/triatletasenred.sport.es\/actualidad\/maraton-de-valencia-dopaje\/#Contexto\" title=\"Contexto\">Contexto<\/a><\/li><li class='ez-toc-page-1 ez-toc-heading-level-4'><a class=\"ez-toc-link ez-toc-heading-2\" href=\"https:\/\/miurltemporal.com/main/triatletasenred.sport.es\/actualidad\/maraton-de-valencia-dopaje\/#Posicion_del_Maraton_de_Valencia\" title=\"Posici\u00f3n del Marat\u00f3n de Valencia\">Posici\u00f3n del Marat\u00f3n de Valencia<\/a><\/li><li class='ez-toc-page-1 ez-toc-heading-level-4'><a class=\"ez-toc-link ez-toc-heading-3\" href=\"https:\/\/miurltemporal.com/main/triatletasenred.sport.es\/actualidad\/maraton-de-valencia-dopaje\/#La_Historia_del_lado_de_Valencia\" title=\"La Historia del lado de Valencia\">La Historia del lado de Valencia<\/a><\/li><li class='ez-toc-page-1 ez-toc-heading-level-4'><a class=\"ez-toc-link ez-toc-heading-4\" href=\"https:\/\/miurltemporal.com/main/triatletasenred.sport.es\/actualidad\/maraton-de-valencia-dopaje\/#Declaraciones_del_director\" title=\"Declaraciones del director\">Declaraciones del director<\/a><\/li><\/ul><\/nav><\/div>\n<\/h4>\n<h4><span class=\"ez-toc-section\" id=\"Contexto\"><\/span>Contexto<span class=\"ez-toc-section-end\"><\/span><\/h4>\n<p>El deporte espa\u00f1ol en general est\u00e1 viviendo unos momentos de tensi\u00f3n e incertidumbre ante el esc\u00e1ndalo desatado las \u00faltimas semanas y que deja temblando la credibilidad de la Agencia Estatal Antidopaje (CELAD) y con ello la salud de nuestro deporte profesional.<\/p>\n<p>La agencia dirigida por Jose Luis Terreros ha sido llevada a la Fiscal\u00eda por Jose Manuel Rodr\u00edguez Uribes, del presidente del Consejo Superior de Deportes (CSD) y sobre la mesa est\u00e1n aparentes evidencias de mala praxis y malversaci\u00f3n de fondos p\u00fablicos.<\/p>\n<h4><span class=\"ez-toc-section\" id=\"Posicion_del_Maraton_de_Valencia\"><\/span>Posici\u00f3n del Marat\u00f3n de Valencia<span class=\"ez-toc-section-end\"><\/span><\/h4>\n<p>Ante esta situaci\u00f3n y todo el hedor que desprende la CELAD y su entorno, que parece no sorprender a nadie, la organizaci\u00f3n del Marat\u00f3n de Valencia ha dado un paso al frente posicion\u00e1ndose firmemente anunciando p\u00fablicamente que prescindir\u00e1 de los servicios de la CELAD tanto en su medio marat\u00f3n como el marat\u00f3n mientras no se despejen todas las dudas sobre la eficacia y honestidad de la Agencia Nacional .<\/p>\n<h4><span class=\"ez-toc-section\" id=\"La_Historia_del_lado_de_Valencia\"><\/span>La Historia del lado de Valencia<span class=\"ez-toc-section-end\"><\/span><\/h4>\n<p>Valencia, que fue la primera organizaci\u00f3n de mundiales de atletismo en aportar, de manera voluntaria, en 2018 la cifra de 50.000\u20ac para la realizaci\u00f3n de controles sorpresa vuelve a ser tajante en este campo con su posicionamiento que aplaudimos desde nuestra redacci\u00f3n.<\/p>\n<p>Seg\u00fan la organizaci\u00f3n, el Marat\u00f3n y Medio Marat\u00f3n de Valencia destina 35000\u20ac anuales en la lucha contra el dopaje invertidos en los propios test as\u00ed como la adecuaci\u00f3n de los espacios.<\/p>\n<h4><span class=\"ez-toc-section\" id=\"Declaraciones_del_director\"><\/span>Declaraciones del director<span class=\"ez-toc-section-end\"><\/span><\/h4>\n<blockquote class=\"td_quote_box td_box_center\"><p>la situaci\u00f3n es muy grave, as\u00ed que no podemos estar de brazos cruzados o fingir que no pasa nada<\/p><\/blockquote>\n<p class=\"\">\u201c<em>Aunque los casos que han aparecido en los medios no guardan relaci\u00f3n con los controles del Medio o del Marat\u00f3n Valencia, hay una merma de confianza en el m\u00e1ximo \u00f3rgano antidopaje espa\u00f1ol, en el que hasta ahora hab\u00edamos confiado, y en las empresas facultadas por este para efectuar los test<\/em>\u201d, explica Juan Manuel Botella, director general del Marat\u00f3n. Y a\u00f1ade, en referencia a las declaraciones de Rodr\u00edguez Uribes en EL PA\u00cdS<\/p>\n<p class=\"\">\u201c<em>Si el mismo presidente del CSD ha declarado p\u00fablicamente que existen indicios delictivos y los ha trasladado a la Fiscal\u00eda, la situaci\u00f3n es muy grave, as\u00ed que no podemos estar de brazos cruzados o fingir que no pasa nada<\/em>\u201d.<\/p>\n<p><a href=\"https:\/\/youtu.be\/Pwf1BV3Wi-Y\" rel=\"nofollow noopener\" target=\"_blank\">https:\/\/youtu.be\/Pwf1BV3Wi-Y<\/a><\/p>\n<p>maraton de valenci<\/p>\n","protected":false},"excerpt":{"rendered":"<p>&#8220;No podemos fingir que no pasa nada&#8221; La organizaci\u00f3n rompe cualquier relaci\u00f3n con la Agencia Antidopaje espa\u00f1ola con una rotunda declaraci\u00f3n de intenciones ante el esc\u00e1ndalo desatado.<\/p>\n","protected":false},"author":2,"featured_media":70925,"comment_status":"closed","ping_status":"open","sticky":false,"template":"","format":"standard","meta":{"_acf_changed":false,"rank_math_lock_modified_date":false,"footnotes":""},"categories":[17,10639],"tags":[3011,5947],"class_list":{"0":"post-88224","1":"post","2":"type-post","3":"status-publish","4":"format-standard","5":"has-post-thumbnail","7":"category-actualidad","8":"category-portada","9":"tag-dopaje","10":"tag-maraton-de-valencia"},"acf":[],"_links":{"self":[{"href":"https:\/\/miurltemporal.com/main/triatletasenred.sport.es\/wp-json\/wp\/v2\/posts\/88224"}],"collection":[{"href":"https:\/\/miurltemporal.com/main/triatletasenred.sport.es\/wp-json\/wp\/v2\/posts"}],"about":[{"href":"https:\/\/miurltemporal.com/main/triatletasenred.sport.es\/wp-json\/wp\/v2\/types\/post"}],"author":[{"embeddable":true,"href":"https:\/\/miurltemporal.com/main/triatletasenred.sport.es\/wp-json\/wp\/v2\/users\/2"}],"replies":[{"embeddable":true,"href":"https:\/\/miurltemporal.com/main/triatletasenred.sport.es\/wp-json\/wp\/v2\/comments?post=88224"}],"version-history":[{"count":2,"href":"https:\/\/miurltemporal.com/main/triatletasenred.sport.es\/wp-json\/wp\/v2\/posts\/88224\/revisions"}],"predecessor-version":[{"id":88227,"href":"https:\/\/miurltemporal.com/main/triatletasenred.sport.es\/wp-json\/wp\/v2\/posts\/88224\/revisions\/88227"}],"wp:featuredmedia":[{"embeddable":true,"href":"https:\/\/miurltemporal.com/main/triatletasenred.sport.es\/wp-json\/wp\/v2\/media\/70925"}],"wp:attachment":[{"href":"https:\/\/miurltemporal.com/main/triatletasenred.sport.es\/wp-json\/wp\/v2\/media?parent=88224"}],"wp:term":[{"taxonomy":"category","embeddable":true,"href":"https:\/\/miurltemporal.com/main/triatletasenred.sport.es\/wp-json\/wp\/v2\/categories?post=88224"},{"taxonomy":"post_tag","embeddable":true,"href":"https:\/\/miurltemporal.com/main/triatletasenred.sport.es\/wp-json\/wp\/v2\/tags?post=88224"}],"curies":[{"name":"wp","href":"https:\/\/api.w.org\/{rel}","templated":true}]}}