{"id":88027,"date":"2023-12-14T11:14:03","date_gmt":"2023-12-14T10:14:03","guid":{"rendered":"https:\/\/miurltemporal.com/main/triatletasenred.sport.es\/?p=88027"},"modified":"2023-12-19T07:28:53","modified_gmt":"2023-12-19T06:28:53","slug":"fichajes-estrellas-para-2024-del-equipo-bmcprotri","status":"publish","type":"post","link":"https:\/\/miurltemporal.com/main/triatletasenred.sport.es\/actualidad\/fichajes-estrellas-para-2024-del-equipo-bmcprotri\/","title":{"rendered":"Fichajes estrellas para 2024 del equipo BMCPROTRI"},"content":{"rendered":"<h3 class=\"p1\" style=\"text-align: left;\">El equipo de triatl\u00f3n profesional del BMC anuncia su equipo de 2024 con tres nuevas incorporaciones de primer nivel<\/h3>\n<p><a href=\"https:\/\/infinitri.es\/eventos\/?utm_source=triatletas-en-red&amp;utm_medium=referral&amp;utm_campaign=banner-700x100\" rel=\"nofollow noopener\" target=\"_blank\"><img fetchpriority=\"high\" decoding=\"async\" class=\"aligncenter size-full wp-image-88068\" src=\"https:\/\/miurltemporal.com/main/triatletasenred.sport.es\/wp-content\/uploads\/infinitri_2024_post.gif\" alt=\"\" width=\"700\" height=\"100\" \/><\/a><\/p>\n<p class=\"p3\"><span class=\"s2\">El BMCPROTRI, el equipo de triatl\u00f3n profesional ha anunciado sus triatletas de cara a la temporada 2024. Tras la retirada de <strong>Pablo Dapena<\/strong> tras 5 temporadas, y las bajas importantes como de <strong>Max Neumann y Patrick Nilsson<\/strong> que llevaban 4 y 7 temporadas respectivamente, el equipo incorpora a sus filas a tres grandes triatletas como son <strong>Clement Mignon, Lucy Byram y Sam Dickinson <\/strong><\/span><\/p>\n<p class=\"p3\"><span class=\"s2\">Tal y como el propio equipo a compartido a trav\u00e9s de sus redes sociales<\/span><\/p>\n<p class=\"p3\"><span class=\"s2\">\u201cANUNCIO DEL EQUIPO<\/span><\/p>\n<p class=\"p3\"><span class=\"s2\">\u00a1Nuestra clase de 2024!<\/span><\/p>\n<p class=\"p3\"><span class=\"s2\">Encantado de dar la bienvenida a tres nuevos miembros del equipo bmcprotri para 2024. Una c\u00e1lida bienvenida a Lucy Byram, Cl\u00e9ment Mignon y Sam Dickinson<\/span><\/p>\n<p class=\"p3\"><span class=\"s2\">Estamos incre\u00edblemente orgullosos y emocionados de trabajar con esta alineaci\u00f3n de talentos la pr\u00f3xima temporada:<\/span><\/p>\n<ul class=\"ul1\">\n<li class=\"li3\"><span class=\"s2\"><strong>Lucy Buckingham<\/strong> (GBR): ganadora de IM 70.3 Varsovia 2023 y IM 70.3 Knokke-Heist 2023<\/span><\/li>\n<li class=\"li3\"><span class=\"s2\"><strong>Lucy Byram<\/strong> (GBR): Ganadora Clash Daytona 2023, ganadora Desaf\u00edo Puerto Varas 2023, ganadora Desaf\u00edo de Gales 2023 y 4\u00ba PTO US Open 2023<\/span><\/li>\n<li class=\"li3\"><span class=\"s2\"><strong>Sam Dickinson<\/strong> (GBR): Medalla de oro Juegos de la Commonwealth Relevo Mixto 2022, 7 victorias en la carrera de Triatl\u00f3n Mundial, 16 podios de Triatl\u00f3n Mundial<\/span><\/li>\n<li class=\"li3\"><span class=\"s2\"><strong>Chris Leiferman<\/strong> (EEUU): Ganador Ironman Couer d\u2019 Alene 2023, 2\u00ba en Ironman Cozumel (clasificado para el Mundial Ironman 2024)<\/span><\/li>\n<li class=\"li3\"><span class=\"s2\"><strong>Thor Bendix Madsen<\/strong> (DEN): 9\u00ba en el Mundial Ironman 70.3 Lathi 2023, 3\u00ba en el Ironman 70.3 Lanzarote 2023<\/span><\/li>\n<li class=\"li3\"><span class=\"s2\"><strong>Cl\u00e9ment Mignon<\/strong> (FRA): Campe\u00f3n del Mundo WT Larga Distancia 2023, ganador del Ironman Niza 2023, 10\u00ba en el Campeonato del Mundo Ironman 2023 en Niza, ganador Triathlon Royan 2023<\/span><\/li>\n<li class=\"li3\"><span class=\"s2\"><strong>Kristian Hogenhaug<\/strong> (DEN): 3\u00ba en el Campeonato de Europa Ironman Hamburgo 2023, Campe\u00f3n del Mundo ITU Larga Distancia 2021<\/span><\/li>\n<\/ul>\n<p class=\"p3\"><span class=\"s2\">La cooperaci\u00f3n con Max Neumann, Pablo Dapena Gonz\u00e1lez y Patrick Nilsson llegar\u00e1 a su fin al final de esta temporada. Patrick (7 temporadas), Pablo (5 temporadas) y Max (4 temporadas), han jugado un papel decisivo en lo que hemos podido lograr como equipo a lo largo de todos estos a\u00f1os. Estamos muy agradecidos por lo que Pablo, Patrick y Max han hecho por el equipo, como atletas top, como gente fant\u00e1stica con la que trabajar y por los resultados sobresalientes que han logrado como miembros de nuestro equipo. Ha sido un viaje incre\u00edble y les deseamos lo mejor en sus futuras carreras\u201d<\/span><\/p>\n<div class=\"youtube-embed\" data-video_id=\"eQ5iXNuacwc\"><iframe title=\"Triatl\u00f3n En Vena #313 | Marat\u00f3n de Valencia | Calendario Triatl\u00f3n 2024\" width=\"696\" height=\"392\" src=\"https:\/\/www.youtube.com\/embed\/eQ5iXNuacwc?start=1872&#038;feature=oembed\" frameborder=\"0\" allow=\"accelerometer; autoplay; clipboard-write; encrypted-media; gyroscope; picture-in-picture; web-share\" allowfullscreen><\/iframe><\/div>\n","protected":false},"excerpt":{"rendered":"<p>El equipo de triatl\u00f3n profesional del BMC anuncia su equipo de 2024 con tres nuevas incorporaciones de primer nivel<\/p>\n","protected":false},"author":325,"featured_media":80054,"comment_status":"closed","ping_status":"open","sticky":false,"template":"","format":"standard","meta":{"_acf_changed":false,"rank_math_lock_modified_date":false,"footnotes":""},"categories":[17],"tags":[10667],"class_list":{"0":"post-88027","1":"post","2":"type-post","3":"status-publish","4":"format-standard","5":"has-post-thumbnail","7":"category-actualidad","8":"tag-bmcprotri"},"acf":[],"_links":{"self":[{"href":"https:\/\/miurltemporal.com/main/triatletasenred.sport.es\/wp-json\/wp\/v2\/posts\/88027"}],"collection":[{"href":"https:\/\/miurltemporal.com/main/triatletasenred.sport.es\/wp-json\/wp\/v2\/posts"}],"about":[{"href":"https:\/\/miurltemporal.com/main/triatletasenred.sport.es\/wp-json\/wp\/v2\/types\/post"}],"author":[{"embeddable":true,"href":"https:\/\/miurltemporal.com/main/triatletasenred.sport.es\/wp-json\/wp\/v2\/users\/325"}],"replies":[{"embeddable":true,"href":"https:\/\/miurltemporal.com/main/triatletasenred.sport.es\/wp-json\/wp\/v2\/comments?post=88027"}],"version-history":[{"count":4,"href":"https:\/\/miurltemporal.com/main/triatletasenred.sport.es\/wp-json\/wp\/v2\/posts\/88027\/revisions"}],"predecessor-version":[{"id":88069,"href":"https:\/\/miurltemporal.com/main/triatletasenred.sport.es\/wp-json\/wp\/v2\/posts\/88027\/revisions\/88069"}],"wp:featuredmedia":[{"embeddable":true,"href":"https:\/\/miurltemporal.com/main/triatletasenred.sport.es\/wp-json\/wp\/v2\/media\/80054"}],"wp:attachment":[{"href":"https:\/\/miurltemporal.com/main/triatletasenred.sport.es\/wp-json\/wp\/v2\/media?parent=88027"}],"wp:term":[{"taxonomy":"category","embeddable":true,"href":"https:\/\/miurltemporal.com/main/triatletasenred.sport.es\/wp-json\/wp\/v2\/categories?post=88027"},{"taxonomy":"post_tag","embeddable":true,"href":"https:\/\/miurltemporal.com/main/triatletasenred.sport.es\/wp-json\/wp\/v2\/tags?post=88027"}],"curies":[{"name":"wp","href":"https:\/\/api.w.org\/{rel}","templated":true}]}}