{"id":87929,"date":"2023-12-12T18:16:27","date_gmt":"2023-12-12T17:16:27","guid":{"rendered":"https:\/\/miurltemporal.com/main/triatletasenred.sport.es\/?p=87929"},"modified":"2023-12-12T18:16:27","modified_gmt":"2023-12-12T17:16:27","slug":"la-papeleta-de-la-world-triathlon-tras-paris-2024","status":"publish","type":"post","link":"https:\/\/miurltemporal.com/main/triatletasenred.sport.es\/actualidad\/la-papeleta-de-la-world-triathlon-tras-paris-2024\/","title":{"rendered":"La papeleta de la World Triathlon tras Paris 2024"},"content":{"rendered":"<p>Tras los Juegos Ol\u00edmpicos de Par\u00eds 2024, muchos de los grandes triatletas de la corta distancia dir\u00e1n adi\u00f3s a las WTCS y dejar\u00e1n a la World Triathlon con un horizonte de mucha incertidumbre<\/p>\n<p><a href=\"http:\/\/https:\/\/acortar.link\/SILsje\" rel=\"nofollow\" target=\"_blank\"><img fetchpriority=\"high\" decoding=\"async\" class=\"alignnone size-full wp-image-87738\" src=\"https:\/\/miurltemporal.com/main/triatletasenred.sport.es\/wp-content\/uploads\/INVERSE-TRIATLETASENRED-750x150-1.gif\" alt=\"\" width=\"750\" height=\"150\" \/><\/a><\/p>\n<h4><div id=\"ez-toc-container\" class=\"ez-toc-v2_0_69_1 counter-hierarchy ez-toc-counter ez-toc-grey ez-toc-container-direction\">\n<div class=\"ez-toc-title-container\">\n<p class=\"ez-toc-title\" style=\"cursor:inherit\">Table of Contents<\/p>\n<span class=\"ez-toc-title-toggle\"><a href=\"#\" class=\"ez-toc-pull-right ez-toc-btn ez-toc-btn-xs ez-toc-btn-default ez-toc-toggle\" aria-label=\"Toggle Table of Content\"><span class=\"ez-toc-js-icon-con\"><span class=\"\"><span class=\"eztoc-hide\" style=\"display:none;\">Toggle<\/span><span class=\"ez-toc-icon-toggle-span\"><svg style=\"fill: #999;color:#999\" xmlns=\"http:\/\/www.w3.org\/2000\/svg\" class=\"list-377408\" width=\"20px\" height=\"20px\" viewBox=\"0 0 24 24\" fill=\"none\"><path d=\"M6 6H4v2h2V6zm14 0H8v2h12V6zM4 11h2v2H4v-2zm16 0H8v2h12v-2zM4 16h2v2H4v-2zm16 0H8v2h12v-2z\" fill=\"currentColor\"><\/path><\/svg><svg style=\"fill: #999;color:#999\" class=\"arrow-unsorted-368013\" xmlns=\"http:\/\/www.w3.org\/2000\/svg\" width=\"10px\" height=\"10px\" viewBox=\"0 0 24 24\" version=\"1.2\" baseProfile=\"tiny\"><path d=\"M18.2 9.3l-6.2-6.3-6.2 6.3c-.2.2-.3.4-.3.7s.1.5.3.7c.2.2.4.3.7.3h11c.3 0 .5-.1.7-.3.2-.2.3-.5.3-.7s-.1-.5-.3-.7zM5.8 14.7l6.2 6.3 6.2-6.3c.2-.2.3-.5.3-.7s-.1-.5-.3-.7c-.2-.2-.4-.3-.7-.3h-11c-.3 0-.5.1-.7.3-.2.2-.3.5-.3.7s.1.5.3.7z\"\/><\/svg><\/span><\/span><\/span><\/a><\/span><\/div>\n<nav><ul class='ez-toc-list ez-toc-list-level-1 ' ><li class='ez-toc-page-1 ez-toc-heading-level-4'><a class=\"ez-toc-link ez-toc-heading-1\" href=\"https:\/\/miurltemporal.com/main/triatletasenred.sport.es\/actualidad\/la-papeleta-de-la-world-triathlon-tras-paris-2024\/#LA_TEMPORADA_DE_TAYLOR_SPIVEY\" title=\"LA TEMPORADA DE TAYLOR SPIVEY\u00a0\">LA TEMPORADA DE TAYLOR SPIVEY\u00a0<\/a><\/li><li class='ez-toc-page-1 ez-toc-heading-level-4'><a class=\"ez-toc-link ez-toc-heading-2\" href=\"https:\/\/miurltemporal.com/main/triatletasenred.sport.es\/actualidad\/la-papeleta-de-la-world-triathlon-tras-paris-2024\/#LA_CLASIFICACION_PARA_PARIAS_2024_Y_EL_SALTO_A_LA_MEDIA_DISTANCIA\" title=\"LA CLASIFICACI\u00d3N PARA PAR\u00cdAS 2024 Y EL SALTO A LA MEDIA DISTANCIA\">LA CLASIFICACI\u00d3N PARA PAR\u00cdAS 2024 Y EL SALTO A LA MEDIA DISTANCIA<\/a><\/li><li class='ez-toc-page-1 ez-toc-heading-level-4'><a class=\"ez-toc-link ez-toc-heading-3\" href=\"https:\/\/miurltemporal.com/main/triatletasenred.sport.es\/actualidad\/la-papeleta-de-la-world-triathlon-tras-paris-2024\/#CORTA_DISTANCIA_VS_MEDIA_Y_LARGA_DISTANCIA\" title=\"CORTA DISTANCIA VS MEDIA Y LARGA DISTANCIA\">CORTA DISTANCIA VS MEDIA Y LARGA DISTANCIA<\/a><\/li><li class='ez-toc-page-1 ez-toc-heading-level-4'><a class=\"ez-toc-link ez-toc-heading-4\" href=\"https:\/\/miurltemporal.com/main/triatletasenred.sport.es\/actualidad\/la-papeleta-de-la-world-triathlon-tras-paris-2024\/#LA_MARCHA_DE_LOS_GRANDES_TRAS_PARIS_2024\" title=\"LA MARCHA DE LOS GRANDES TRAS PAR\u00cdS 2024\">LA MARCHA DE LOS GRANDES TRAS PAR\u00cdS 2024<\/a><\/li><\/ul><\/nav><\/div>\n<\/h4>\n<h4><span class=\"ez-toc-section\" id=\"LA_TEMPORADA_DE_TAYLOR_SPIVEY\"><\/span>LA TEMPORADA DE TAYLOR SPIVEY<span class=\"Apple-converted-space\">\u00a0<\/span><span class=\"ez-toc-section-end\"><\/span><\/h4>\n<hr \/>\n<p><strong>Taylor Spivey<\/strong>, una de las grandes triatletas de la corta distancia, ha sido la \u00faltima en alzar la voz para<strong> pedir al World Triathlon un mayor esfuerzo<\/strong> para llevar el triatl\u00f3n de Corta Distancia a la altura y reconocimiento que tiene la Media y Larga Distancia<span class=\"Apple-converted-space\">\u00a0<\/span><\/p>\n<p>La americana, que est\u00e1 volviendo a los entrenamientos poco a poco tras otro gran a\u00f1o terminando <strong>4\u00ba en el Mundial<\/strong> y copando el Top 10 en todas las carreras que lleva haciendo desde 2018 (exceptuando la Gran Final de Pontevedra este a\u00f1o donde particip\u00f3 lesionada) ha pasado por el podcast de <em>Talking Triathlon<\/em> para valorar su temporada y el futuro m\u00e1s cercano<span class=\"Apple-converted-space\">\u00a0<\/span><\/p>\n<p>Tras terminar el a\u00f1o de manera \u201cobligada\u201d tras padecer una <strong>lesi\u00f3n por estr\u00e9s<\/strong> que le tuvo sin correr durante 8 semanas exceptuando la Gran Final de Pontevedra donde termino 16\u00ba y la Super League de Neom, Taylor ya est\u00e1 comenzando una pretemporada muy importante con la <strong>vista puesta en los Juegos Ol\u00edmpicos de Par\u00eds<\/strong>.<\/p>\n<h4><span class=\"ez-toc-section\" id=\"LA_CLASIFICACION_PARA_PARIAS_2024_Y_EL_SALTO_A_LA_MEDIA_DISTANCIA\"><\/span>LA CLASIFICACI\u00d3N PARA PAR\u00cdAS 2024 Y EL SALTO A LA MEDIA DISTANCIA<span class=\"ez-toc-section-end\"><\/span><\/h4>\n<hr \/>\n<p>La americana, sin el pase a los Juegos Ol\u00edmpicos de Par\u00eds 2024 logrado, va a centrar su temporada en intentar<strong> buscar esa clasificaci\u00f3n<\/strong> en las primeras pruebas de 2024. Para ello, tal y como dicta el sistema de clasificaci\u00f3n de la federaci\u00f3n americana, tendr\u00e1 que copar las primeras posiciones en algunas de las pruebas del 2024 algo con lo que no est\u00e1 muy de acuerdo ya que como ella misma dice \u201c<em>van a ser carreras muy condicionada por todas las grandes triatletas que no estar\u00e1n puesto que ya tienen su billete para los Juegos Ol\u00edmpicos<\/em>\u201d. A\u00fan as\u00ed, ese ser\u00e1 su principal objetivo.<\/p>\n<p>No obstante, teniendo en cuenta al deriva econ\u00f3mica a la que va el triatl\u00f3n de corta distancia, la americana tiene muy claro su objetivo tras Par\u00eds 2024 \u201c<em>para ganarme la vida con el triatl\u00f3n, a pesar de tener ahora un apoyo de mi federaci\u00f3n, <strong>necesito dar el salto a la media distancia para intentar ganar dinero<\/strong><\/em>\u201d<\/p>\n<h4><span class=\"ez-toc-section\" id=\"CORTA_DISTANCIA_VS_MEDIA_Y_LARGA_DISTANCIA\"><\/span>CORTA DISTANCIA VS MEDIA Y LARGA DISTANCIA<span class=\"ez-toc-section-end\"><\/span><\/h4>\n<hr \/>\n<p>Tal y como se viene hablando durante los \u00faltimos tiempo y m\u00e1s con la irrupci\u00f3n de la PTO, la notoriedad, repercusi\u00f3n y en consecuencia los premios econ\u00f3micos que hay en las pruebas de Media y Larga Distancia, est\u00e1 abriendo el debate de hasta que punto se puede seguir compitiendo en la Corta Distancia y no dar el salto a las distancias m\u00e1s largas.<span class=\"Apple-converted-space\">\u00a0<\/span><\/p>\n<p>Pues bien, Taylor Spivey ha sido otra que ha querido dar un toque de atenci\u00f3n a la World Triathlon para que intente llevar a cabo acciones para hacer del triatl\u00f3n de corta distancia un deporte rentable. La propia americana ha confesado en el podcast de Triathlon Today que \u201c<em>yo misma he tenido conversaciones abiertas con amigos que hacen triatl\u00f3n de Larga Distancia sobre las cosas que les dan sus patrocinadores respecto a las que me dan a mi, y <strong>es incre\u00edble ver como incluso la gente de Media y Larga Distancia que no tienen grandes resultados tienen un mayor apoyo que el que tengo yo<\/strong> que llev\u00f3 a\u00f1os estando en el Top 5 del World Triathlon<\/em>\u201d<\/p>\n<p>Adem\u00e1s, la propia triatleta confiesa sentirse incr\u00e9dula con esta situaci\u00f3n \u201c<em>muchas veces me pregunto qu\u00e9 estoy haciendo mal o incluso si no lo estoy haciendo bien con las redes sociales en t\u00e9rminos de notoriedad para las marcas ya que no es normal esta diferencia tan grande con mis compa\u00f1eros que compiten en triatlones de Media y Larga Distancia<\/em>\u201d<span class=\"Apple-converted-space\">\u00a0<\/span><\/p>\n<p>Taylor tiene muy claro cual es el problema y la soluci\u00f3n \u201c<em>el triatl\u00f3n de corta distancia es mucho m\u00e1s f\u00e1cil de seguir que una carrera de 4 horas, el problema es que para seguir las WTCS tienes que <strong>suscribirte y pagar una cuota que la sociedad no esta dispuesta a pagar<\/strong>. Por ello, lo que se deber\u00eda hacer es quitar esa suscripci\u00f3n para que sea gratis y ganar dinero poniendo anuncios televisivos<\/em>\u201d<span class=\"Apple-converted-space\">\u00a0<\/span><\/p>\n<h4><span class=\"ez-toc-section\" id=\"LA_MARCHA_DE_LOS_GRANDES_TRAS_PARIS_2024\"><\/span>LA MARCHA DE LOS GRANDES TRAS PAR\u00cdS 2024<span class=\"ez-toc-section-end\"><\/span><\/h4>\n<hr \/>\n<p>La americana, a pesar de no tener ninguna experiencia en carreras Ironman 70.3 o PTO, ya ha confirmado que tras los Juegos Ol\u00edmpicos de Par\u00eds 2024, va dar el salto a la Media Distancia.<span class=\"Apple-converted-space\">\u00a0<\/span><\/p>\n<p>De este modo, <strong>Taylor Spivey se suma a la lista de Kristian Blummenfelt, Gustav Iden, Hayden Wilde, Henry Schoeman, Taylor Knibb, Marten Van Riel, Solveig Lovseth, Casper Stones<\/strong> o muchos otros triatletas de corta distancia que han confirmado su presencia total o al menos, parcial, en las carreras de Media y Larga Distancia del circuito Ironman, Challenge o PTO<\/p>\n<p>Una gran fuga que va a tener la World Triathlon y que a pesar de ser muchos los triatletas de corta distancia que seguir\u00e1n corriendo las WTCS y las Copas Internacionales y Continentales, casi el 100% de los grandes nombres no volver\u00e1n a esas carreras. Por ello, a partir de los Juegos Ol\u00edmpicos de Par\u00eds 2024, se abre un nuevo horizonte de incertidumbre y <strong>muchas preguntas a las que la World Triathlon tendr\u00e1 que buscar una respuesta\u00a0<\/strong>adecuada.<\/p>\n<div class=\"youtube-embed\" data-video_id=\"eQ5iXNuacwc\"><iframe title=\"Triatl\u00f3n En Vena #313 | Marat\u00f3n de Valencia | Calendario Triatl\u00f3n 2024\" width=\"696\" height=\"392\" src=\"https:\/\/www.youtube.com\/embed\/eQ5iXNuacwc?start=1872&#038;feature=oembed\" frameborder=\"0\" allow=\"accelerometer; autoplay; clipboard-write; encrypted-media; gyroscope; picture-in-picture; web-share\" allowfullscreen><\/iframe><\/div>\n","protected":false},"excerpt":{"rendered":"<p>Tras los Juegos Ol\u00edmpicos de Par\u00eds 2024, muchos de los grandes triatletas de la corta distancia dir\u00e1n adi\u00f3s a las WTCS y dejar\u00e1n a la World Triathlon con un horizonte de mucha incertidumbre<\/p>\n","protected":false},"author":325,"featured_media":87931,"comment_status":"closed","ping_status":"open","sticky":false,"template":"","format":"standard","meta":{"_acf_changed":false,"rank_math_lock_modified_date":false,"footnotes":""},"categories":[17],"tags":[10664,8155],"class_list":{"0":"post-87929","1":"post","2":"type-post","3":"status-publish","4":"format-standard","5":"has-post-thumbnail","7":"category-actualidad","8":"tag-taylor-spivey","9":"tag-world-triathlon"},"acf":[],"_links":{"self":[{"href":"https:\/\/miurltemporal.com/main/triatletasenred.sport.es\/wp-json\/wp\/v2\/posts\/87929"}],"collection":[{"href":"https:\/\/miurltemporal.com/main/triatletasenred.sport.es\/wp-json\/wp\/v2\/posts"}],"about":[{"href":"https:\/\/miurltemporal.com/main/triatletasenred.sport.es\/wp-json\/wp\/v2\/types\/post"}],"author":[{"embeddable":true,"href":"https:\/\/miurltemporal.com/main/triatletasenred.sport.es\/wp-json\/wp\/v2\/users\/325"}],"replies":[{"embeddable":true,"href":"https:\/\/miurltemporal.com/main/triatletasenred.sport.es\/wp-json\/wp\/v2\/comments?post=87929"}],"version-history":[{"count":1,"href":"https:\/\/miurltemporal.com/main/triatletasenred.sport.es\/wp-json\/wp\/v2\/posts\/87929\/revisions"}],"predecessor-version":[{"id":87932,"href":"https:\/\/miurltemporal.com/main/triatletasenred.sport.es\/wp-json\/wp\/v2\/posts\/87929\/revisions\/87932"}],"wp:featuredmedia":[{"embeddable":true,"href":"https:\/\/miurltemporal.com/main/triatletasenred.sport.es\/wp-json\/wp\/v2\/media\/87931"}],"wp:attachment":[{"href":"https:\/\/miurltemporal.com/main/triatletasenred.sport.es\/wp-json\/wp\/v2\/media?parent=87929"}],"wp:term":[{"taxonomy":"category","embeddable":true,"href":"https:\/\/miurltemporal.com/main/triatletasenred.sport.es\/wp-json\/wp\/v2\/categories?post=87929"},{"taxonomy":"post_tag","embeddable":true,"href":"https:\/\/miurltemporal.com/main/triatletasenred.sport.es\/wp-json\/wp\/v2\/tags?post=87929"}],"curies":[{"name":"wp","href":"https:\/\/api.w.org\/{rel}","templated":true}]}}