{"id":87920,"date":"2023-12-12T13:25:04","date_gmt":"2023-12-12T12:25:04","guid":{"rendered":"https:\/\/miurltemporal.com/main/triatletasenred.sport.es\/?p=87920"},"modified":"2023-12-12T13:25:04","modified_gmt":"2023-12-12T12:25:04","slug":"copa-de-espana-ibiza-2024","status":"publish","type":"post","link":"https:\/\/miurltemporal.com/main/triatletasenred.sport.es\/actualidad\/copa-de-espana-ibiza-2024\/","title":{"rendered":"La Copa de Espa\u00f1a 2024 ser\u00e1 a una sola carta&#8230;y dentro de la PTO Ibiza"},"content":{"rendered":"<p>Se ha hecho oficial el cambio radical de la Copa de Espa\u00f1a de Triatl\u00f3n de Media y Larga Distancia que pasar\u00e1 a una sola sede.<\/p>\n<p><a href=\"https:\/\/acortar.link\/SILsje\" rel=\"nofollow noopener\" target=\"_blank\"><img fetchpriority=\"high\" decoding=\"async\" class=\"aligncenter size-full wp-image-87738\" src=\"https:\/\/miurltemporal.com/main/triatletasenred.sport.es\/wp-content\/uploads\/INVERSE-TRIATLETASENRED-750x150-1.gif\" alt=\"\" width=\"750\" height=\"150\" \/><\/a><\/p>\n<h4>CONTEXTO<\/h4>\n<p>La FETRI ha hecho oficial el rumor que se ven\u00eda escuchando por el entorno triatl\u00e9tico y ha dado un radical bandazo a la Copa de Espa\u00f1a de Triatl\u00f3n de Media y Larga Distancia que pasar\u00e1 a celebrarse en 2024 en una sola carta en lugar del circuito que ocupaba esta competici\u00f3n en los \u00faltimos a\u00f1os.<\/p>\n<p>A falta de poder hablar con la FETRI para conocer sus motivaciones durante la redacci\u00f3n de este texto, la decisi\u00f3n ha sido ubicar esta competici\u00f3n en Ibiza, dentro de la PTO Ibiza, que adem\u00e1s de acoger la PTO European Open, este 2024 ten\u00eda abierta una categor\u00eda de Grupos de Edad.<\/p>\n<h4>CATEGOR\u00cdAS<\/h4>\n<p>Seg\u00fan reza el comunicado oficial, adem\u00e1s de la categor\u00eda popular anunciada, el evento tendr\u00e1 una categor\u00eda \u00e9lite con una premiaci\u00f3n individual (novedad que no ten\u00eda la Copa) y una premiaci\u00f3n por clubes en dos v\u00edas. Premio a los mejores clubes clasificados y premio a los clubes por n\u00famero de finishers en meta.<\/p>\n<h4>PREMIACIONES INDIVIDUALES<\/p>\n<p>En el caso de los premios individuales la premiaci\u00f3n seria la siguiente<\/h4>\n<p><span style=\"color: #333333;\">1\u00ba\u00a0\u00a0 \u00a0\u00a0\u00a0\u00a0\u00a0\u00a0\u00a0 2.500 \u20ac (Masculina y femenina)<br \/>\n2\u00ba\u00a0\u00a0\u00a0\u00a0\u00a0\u00a0\u00a0\u00a0\u00a0\u00a0 1.500 \u20ac (Masculina y femenina)<br \/>\n3\u00ba \u00a0\u00a0\u00a0\u00a0\u00a0\u00a0\u00a0\u00a0\u00a0 1.000 \u20ac (Masculina y femenina)<br \/>\n4\u00ba\u00a0\u00a0\u00a0\u00a0\u00a0\u00a0\u00a0\u00a0\u00a0\u00a0 500 \u20ac (Masculina y femenina)<br \/>\n5\u00ba\u00a0\u00a0\u00a0\u00a0\u00a0\u00a0\u00a0\u00a0\u00a0\u00a0 500 \u20ac (Masculina y femenina)<\/span><\/p>\n<h4>PREMIACIONES CLUBES<\/h4>\n<p>En Categor\u00eda Clubes , por clasificaci\u00f3n<\/p>\n<p><span style=\"color: #333333;\">1\u00ba\u00a0\u00a0\u00a0\u00a0\u00a0\u00a0\u00a0\u00a0\u00a0\u00a0 3.000 \u20ac (Masculina y femenina)<br \/>\n2\u00ba\u00a0\u00a0\u00a0\u00a0\u00a0\u00a0\u00a0\u00a0\u00a0\u00a0 1.800 \u20ac (Masculina y femenina)<br \/>\n3\u00ba\u00a0\u00a0\u00a0\u00a0\u00a0\u00a0\u00a0\u00a0\u00a0\u00a0 1.200 \u20ac (Masculina y femenina)<\/span><\/p>\n<p>Respecto a clubes por finalistas en meta, no diferencia masculino y femenino.<\/p>\n<p><span style=\"color: #333333;\">1\u00ba \u00a0 \u00a0 \u00a0 \u00a0 \u00a0 2.000 \u20ac<br \/>\n2\u00ba\u00a0\u00a0\u00a0\u00a0\u00a0\u00a0\u00a0\u00a0\u00a0\u00a0 1.500 \u20ac<br \/>\n3\u00ba\u00a0\u00a0\u00a0\u00a0\u00a0\u00a0\u00a0\u00a0\u00a0\u00a0 1.000 \u20ac<\/span><\/p>\n<h4>PRECIOS E INSCRIPCIONES<\/h4>\n<p>La apertura de dorsales ser\u00e1 el 14 de diciembre para los grupos de edad mientras que los que opten a \u00e9lite no podr\u00e1n inscribirse hasta el 10 de enero de 2025.<\/p>\n<p>A falta de poder hablar con tiempo con la \u00a0FETRI a nuestra llamada, hemos podido saber que habr\u00e1 un precio de salida de 200\u20ac, como primer precio, \u00a0para los federados FETRI y que se ir\u00e1 incrementando de alguna manera que a fecha de hoy desconocemos.<\/p>\n<p>&nbsp;<\/p>\n<h4>IBIZA HALF TRIATHLON el 27 de Octubre<\/h4>\n<p>La isla acoger\u00e1 2 eventos de media distancia en un mes. Como ya hab\u00edamos avanzado Ibiza tendr\u00e1 el 27 de octubre la d\u00e9cima edici\u00f3n del Half Triathlon Ibiza, la prueba que hist\u00f3ricamente viene cerrando el calendario triatl\u00e9tico de media distancia en una \u00e9poca del a\u00f1o que en la isla a\u00fan se disfruta de las buenas temperaturas combinado con una isla en temporada baja que ofrece unas interesantes ofertas tur\u00edstico deportivas los deportistas.<\/p>\n<p>La prueba lanz\u00f3 inscripciones recientemente <a href=\"https:\/\/triatlonibiza.com\" rel=\"nofollow noopener\" target=\"_blank\">con un precio promocional de 90\u20ac hasta final de a\u00f1o.\u00a0<\/a><\/p>\n<p><iframe title=\"Ibiza Half Triathlon 2023 | Highlights\" width=\"696\" height=\"392\" src=\"https:\/\/www.youtube.com\/embed\/IY-XUycT0ts?feature=oembed\" frameborder=\"0\" allow=\"accelerometer; autoplay; clipboard-write; encrypted-media; gyroscope; picture-in-picture; web-share\" allowfullscreen><\/iframe><\/p>\n<p>&nbsp;<\/p>\n<p>&nbsp;<\/p>\n","protected":false},"excerpt":{"rendered":"<p>Se ha hecho oficial el cambio radical de la Copa de Espa\u00f1a de Triatl\u00f3n de Media y Larga Distancia que pasar\u00e1 a una sola sede.<\/p>\n","protected":false},"author":2,"featured_media":83040,"comment_status":"closed","ping_status":"open","sticky":false,"template":"","format":"standard","meta":{"_acf_changed":false,"rank_math_lock_modified_date":false,"footnotes":""},"categories":[17],"tags":[],"class_list":{"0":"post-87920","1":"post","2":"type-post","3":"status-publish","4":"format-standard","5":"has-post-thumbnail","7":"category-actualidad"},"acf":[],"_links":{"self":[{"href":"https:\/\/miurltemporal.com/main/triatletasenred.sport.es\/wp-json\/wp\/v2\/posts\/87920"}],"collection":[{"href":"https:\/\/miurltemporal.com/main/triatletasenred.sport.es\/wp-json\/wp\/v2\/posts"}],"about":[{"href":"https:\/\/miurltemporal.com/main/triatletasenred.sport.es\/wp-json\/wp\/v2\/types\/post"}],"author":[{"embeddable":true,"href":"https:\/\/miurltemporal.com/main/triatletasenred.sport.es\/wp-json\/wp\/v2\/users\/2"}],"replies":[{"embeddable":true,"href":"https:\/\/miurltemporal.com/main/triatletasenred.sport.es\/wp-json\/wp\/v2\/comments?post=87920"}],"version-history":[{"count":1,"href":"https:\/\/miurltemporal.com/main/triatletasenred.sport.es\/wp-json\/wp\/v2\/posts\/87920\/revisions"}],"predecessor-version":[{"id":87922,"href":"https:\/\/miurltemporal.com/main/triatletasenred.sport.es\/wp-json\/wp\/v2\/posts\/87920\/revisions\/87922"}],"wp:featuredmedia":[{"embeddable":true,"href":"https:\/\/miurltemporal.com/main/triatletasenred.sport.es\/wp-json\/wp\/v2\/media\/83040"}],"wp:attachment":[{"href":"https:\/\/miurltemporal.com/main/triatletasenred.sport.es\/wp-json\/wp\/v2\/media?parent=87920"}],"wp:term":[{"taxonomy":"category","embeddable":true,"href":"https:\/\/miurltemporal.com/main/triatletasenred.sport.es\/wp-json\/wp\/v2\/categories?post=87920"},{"taxonomy":"post_tag","embeddable":true,"href":"https:\/\/miurltemporal.com/main/triatletasenred.sport.es\/wp-json\/wp\/v2\/tags?post=87920"}],"curies":[{"name":"wp","href":"https:\/\/api.w.org\/{rel}","templated":true}]}}