{"id":87792,"date":"2023-12-03T09:31:43","date_gmt":"2023-12-03T08:31:43","guid":{"rendered":"https:\/\/miurltemporal.com/main/triatletasenred.sport.es\/?p=87792"},"modified":"2023-12-03T09:31:43","modified_gmt":"2023-12-03T08:31:43","slug":"baekkegard-y-langridge-ganan-el-ultimo-ironman-del-ano","status":"publish","type":"post","link":"https:\/\/miurltemporal.com/main/triatletasenred.sport.es\/actualidad\/baekkegard-y-langridge-ganan-el-ultimo-ironman-del-ano\/","title":{"rendered":"Baekkegard y Langridge ganan el \u00faltimo Ironman del a\u00f1o\u00a0"},"content":{"rendered":"<p>El dan\u00e9s Daniel Baekkegard y la brit\u00e1nica Fenella Langridge ganan el \u00faltimo Ironman del a\u00f1o, el Ironman Western Australia con una actuaci\u00f3n de r\u00e9cord<\/p>\n<p><a href=\"http:\/\/https:\/\/acortar.link\/SILsje\" rel=\"nofollow\" target=\"_blank\"><img fetchpriority=\"high\" decoding=\"async\" class=\"alignnone size-full wp-image-87738\" src=\"https:\/\/miurltemporal.com/main/triatletasenred.sport.es\/wp-content\/uploads\/INVERSE-TRIATLETASENRED-750x150-1.gif\" alt=\"\" width=\"750\" height=\"150\" \/><\/a><\/p>\n<div id=\"ez-toc-container\" class=\"ez-toc-v2_0_69_1 counter-hierarchy ez-toc-counter ez-toc-grey ez-toc-container-direction\">\n<div class=\"ez-toc-title-container\">\n<p class=\"ez-toc-title\" style=\"cursor:inherit\">Table of Contents<\/p>\n<span class=\"ez-toc-title-toggle\"><a href=\"#\" class=\"ez-toc-pull-right ez-toc-btn ez-toc-btn-xs ez-toc-btn-default ez-toc-toggle\" aria-label=\"Toggle Table of Content\"><span class=\"ez-toc-js-icon-con\"><span class=\"\"><span class=\"eztoc-hide\" style=\"display:none;\">Toggle<\/span><span class=\"ez-toc-icon-toggle-span\"><svg style=\"fill: #999;color:#999\" xmlns=\"http:\/\/www.w3.org\/2000\/svg\" class=\"list-377408\" width=\"20px\" height=\"20px\" viewBox=\"0 0 24 24\" fill=\"none\"><path d=\"M6 6H4v2h2V6zm14 0H8v2h12V6zM4 11h2v2H4v-2zm16 0H8v2h12v-2zM4 16h2v2H4v-2zm16 0H8v2h12v-2z\" fill=\"currentColor\"><\/path><\/svg><svg style=\"fill: #999;color:#999\" class=\"arrow-unsorted-368013\" xmlns=\"http:\/\/www.w3.org\/2000\/svg\" width=\"10px\" height=\"10px\" viewBox=\"0 0 24 24\" version=\"1.2\" baseProfile=\"tiny\"><path d=\"M18.2 9.3l-6.2-6.3-6.2 6.3c-.2.2-.3.4-.3.7s.1.5.3.7c.2.2.4.3.7.3h11c.3 0 .5-.1.7-.3.2-.2.3-.5.3-.7s-.1-.5-.3-.7zM5.8 14.7l6.2 6.3 6.2-6.3c.2-.2.3-.5.3-.7s-.1-.5-.3-.7c-.2-.2-.4-.3-.7-.3h-11c-.3 0-.5.1-.7.3-.2.2-.3.5-.3.7s.1.5.3.7z\"\/><\/svg><\/span><\/span><\/span><\/a><\/span><\/div>\n<nav><ul class='ez-toc-list ez-toc-list-level-1 ' ><li class='ez-toc-page-1 ez-toc-heading-level-4'><a class=\"ez-toc-link ez-toc-heading-1\" href=\"https:\/\/miurltemporal.com/main/triatletasenred.sport.es\/actualidad\/baekkegard-y-langridge-ganan-el-ultimo-ironman-del-ano\/#CATEGORIA_MASCULINA\" title=\"CATEGOR\u00cdA MASCULINA\">CATEGOR\u00cdA MASCULINA<\/a><\/li><li class='ez-toc-page-1 ez-toc-heading-level-4'><a class=\"ez-toc-link ez-toc-heading-2\" href=\"https:\/\/miurltemporal.com/main/triatletasenred.sport.es\/actualidad\/baekkegard-y-langridge-ganan-el-ultimo-ironman-del-ano\/#CATEGORIA_FEMENINA\" title=\"CATEGOR\u00cdA FEMENINA\">CATEGOR\u00cdA FEMENINA<\/a><\/li><\/ul><\/nav><\/div>\n\n<p>Hoy se ha disputado el \u00faltimo Ironman de la temporada 2023 al otro lado del mundo, en Australia, en un Ironman Western en donde tanto en categor\u00eda masculina como en categor\u00eda femenina se ha batido el r\u00e9cord de la prueba.<span class=\"Apple-converted-space\">\u00a0<\/span><\/p>\n<h4><span class=\"ez-toc-section\" id=\"CATEGORIA_MASCULINA\"><\/span>CATEGOR\u00cdA MASCULINA<span class=\"ez-toc-section-end\"><\/span><\/h4>\n<p>En categor\u00eda masculina un nombre sobresal\u00eda por encima del resto y era el del dan\u00e9s <strong>Daniel Baekkegard<\/strong> quien ven\u00eda de <strong>llevarse el Challenge Canberra<\/strong> hace justo una semana y que cumpl\u00eda con todas las expectativas.<span class=\"Apple-converted-space\">\u00a0<\/span><\/p>\n<p>En la nataci\u00f3n, era un grupo de siete triatletas encabezado por el australiano<strong> Sam Appleton quien sal\u00edan con un tiempo de 47:40<\/strong>. En ese grupo, faltaba uno de los favoritos como era <strong>Matt Burton<\/strong>, ganador en 2021, quien sal\u00eda perdiendo 4:30 respecto a cabeza de carrera.<\/p>\n<p>En la bici no fue hasta el km 60 donde ese grupo de siete triatletas se empez\u00f3 a romper justo cuando el dan\u00e9s y principal favorito, Daniel Baekkegard, empezaba a poner un ritmo m\u00e1s fuerte. De esta forma, la primera mitad de los 180km se pasaba con un cuarteto en cabeza de carrera con el dan\u00e9s Daniel Baekkegard, el australiano Steven Mckenna, el irland\u00e9s Aichlinn Oreilly y el otro dan\u00e9s Scott Steenberg. Por detr\u00e1s, los australianos Matt Burton y Nick Thompson intentaban remontar pero a m\u00e1s de dos minutos.<span class=\"Apple-converted-space\">\u00a0<\/span><\/p>\n<p>A falta de 30km fue cuando, tras otro cambio de ritmo de Baekkegard, el grupo se quedaba en dos con el dan\u00e9s y el australiano y otro favorito Steven Mckenna. A\u00fan as\u00ed, asombrosamente, pocos kil\u00f3metros despu\u00e9s, mientras Baekkegard se quedaba s\u00f3lo vio como desde atr\u00e1s y con una remontada descomunal llegaba a cabeza de carrera un <strong>Matt Burton<\/strong> quien ha la postre ser\u00eda el que <strong>har\u00eda el r\u00e9cord del sector ciclista<\/strong> con un tiempo por debajo de 4 horas<strong> (3:59:08)<\/strong>. De esta manera, con <strong>Matt Burton y Daniel Baekkegard<\/strong>, se llegaba a una T2 con todo en el aire. Por detr\u00e1s, en tercer lugar y con otro gran parcial de bici casi por debajo de las 4 horas tambi\u00e9n<strong> (4:00:01)<\/strong> llegaba el australiano <strong>Nick Thompson a menos de un minuto<\/strong>.<span class=\"Apple-converted-space\">\u00a0<\/span><\/p>\n<p>En la carrera a pie fue donde todo se decidi\u00f3 desde bien pronto. Cada kil\u00f3metro, Daniel Baekkegard fue sac\u00e1ndole segundo a segundo un Matt Burton que a pesar de perder tiempo frente a cabeza de carrera, iba ampliando la distancia frente al tercer clasificado Nick Thompson.<\/p>\n<p>La media marat\u00f3n se pasaba con Daniel Baekkegard con m\u00e1s de 2 minutos de ventaja sobre Matt Burton y m\u00e1s de 7 respecto a Nick Thompson que ve\u00eda como sus opciones de slot para el Mundial con ese tercer lugar peligraba con un Scott Steenberg que ven\u00eda en cuarto lugar recort\u00e1ndole tiempo.<span class=\"Apple-converted-space\">\u00a0<\/span><\/p>\n<p>Finalmente, <strong>Daniel Baekkegard<\/strong> se hac\u00eda con <strong>su primera victoria Ironman desde 2019<\/strong> cuando gan\u00f3 Ironman Austria. <strong>Segundo llegaba Matt Burton<\/strong> y <strong>tercero<\/strong> su compatriota <strong>Nick Thompson<\/strong>, ambos con el slot para Hawaii en el bolsillo<\/p>\n<h4><span class=\"ez-toc-section\" id=\"CATEGORIA_FEMENINA\"><\/span>CATEGOR\u00cdA FEMENINA<span class=\"ez-toc-section-end\"><\/span><\/h4>\n<p>En categor\u00eda femenina eran cuatro las principales candidatas a la victoria final con <strong>Fenella Langridge, Lotte Wilms, Lisa Norden y Els Visser.<\/strong><\/p>\n<p>En la nataci\u00f3n, era <strong>Fenella Langridge<\/strong> la que sal\u00eda junto a <strong>Lotte Wilms<\/strong> en cabeza de carrera con m\u00e1s de <strong>3 minutos respecto a Lisa Norden<\/strong> y <strong>m\u00e1s de 10<\/strong> sobre una <strong>Els Visser<\/strong> que perd\u00eda m\u00e1s tiempo del que pensaba.<span class=\"Apple-converted-space\">\u00a0<\/span><\/p>\n<p>En la bici fue una lucha entre la brit\u00e1nica y la neerlandesa que fueron altern\u00e1ndose el liderato hasta que en el km 90, la sueca<strong> Lisa Norden<\/strong> era la que remontaba esos 3 minutos de deficit que ten\u00eda del agua para ponerse en cabeza de carrera. A partir de ah\u00ed, la sueca puso un ritmo endiablado que ni <strong>Fenella Langridge ni Lotte Wilm<\/strong>s pod\u00edan aguantar para llegar a la T2 en cabeza de carrera con un tiempo de <strong>4:21:15<\/strong> y una ventaja <strong>5 minutos respecto a la brit\u00e1nica y m\u00e1s de 8 respecto a la neerlandesa<\/strong>.<span class=\"Apple-converted-space\">\u00a0<\/span><\/p>\n<p>A\u00fan as\u00ed, aun quedaba una marat\u00f3n donde Fenella demostr\u00f3 que era la m\u00e1s fuerte. Poco a poco y segundo a segundo le fue recortando segundos a una Lisa Norden que ve\u00eda como en el km 30 era adelantada por la brit\u00e1nica. A\u00fan as\u00ed, ambas sacaban mucha distancia a la tercera clasificada Lotte Wilms. Finalmente, <strong>Fenella Langridge se hac\u00eda con la victoria<\/strong> por delante de <strong>Lisa Norden y Lotte Wilms<\/strong> quiene le acompa\u00f1aron en el podium y lograban el <strong>slot para el Mundial Niza 2024<\/strong><\/p>\n<div class=\"youtube-embed\" data-video_id=\"3gswMfu51FQ\"><iframe title=\"Judith Corach\u00e1n | Nueva vida y nuevas ambiciones \ud83d\udcaa\" width=\"696\" height=\"392\" src=\"https:\/\/www.youtube.com\/embed\/3gswMfu51FQ?feature=oembed&#038;enablejsapi=1\" frameborder=\"0\" allow=\"accelerometer; autoplay; clipboard-write; encrypted-media; gyroscope; picture-in-picture; web-share\" referrerpolicy=\"strict-origin-when-cross-origin\" allowfullscreen><\/iframe><\/div>\n","protected":false},"excerpt":{"rendered":"<p>El dan\u00e9s Daniel Baekkegard y la brit\u00e1nica Fenella Langridge ganan el \u00faltimo Ironman del a\u00f1o, el Ironman Western Australia con una actuaci\u00f3n de r\u00e9cord<\/p>\n","protected":false},"author":325,"featured_media":80345,"comment_status":"closed","ping_status":"open","sticky":false,"template":"","format":"standard","meta":{"_acf_changed":false,"rank_math_lock_modified_date":false,"footnotes":""},"categories":[17],"tags":[9625,10646,7333],"class_list":{"0":"post-87792","1":"post","2":"type-post","3":"status-publish","4":"format-standard","5":"has-post-thumbnail","7":"category-actualidad","8":"tag-daniel-baekkegard","9":"tag-fenella-langridge","10":"tag-ironman-western-australia"},"acf":[],"_links":{"self":[{"href":"https:\/\/miurltemporal.com/main/triatletasenred.sport.es\/wp-json\/wp\/v2\/posts\/87792"}],"collection":[{"href":"https:\/\/miurltemporal.com/main/triatletasenred.sport.es\/wp-json\/wp\/v2\/posts"}],"about":[{"href":"https:\/\/miurltemporal.com/main/triatletasenred.sport.es\/wp-json\/wp\/v2\/types\/post"}],"author":[{"embeddable":true,"href":"https:\/\/miurltemporal.com/main/triatletasenred.sport.es\/wp-json\/wp\/v2\/users\/325"}],"replies":[{"embeddable":true,"href":"https:\/\/miurltemporal.com/main/triatletasenred.sport.es\/wp-json\/wp\/v2\/comments?post=87792"}],"version-history":[{"count":1,"href":"https:\/\/miurltemporal.com/main/triatletasenred.sport.es\/wp-json\/wp\/v2\/posts\/87792\/revisions"}],"predecessor-version":[{"id":87794,"href":"https:\/\/miurltemporal.com/main/triatletasenred.sport.es\/wp-json\/wp\/v2\/posts\/87792\/revisions\/87794"}],"wp:featuredmedia":[{"embeddable":true,"href":"https:\/\/miurltemporal.com/main/triatletasenred.sport.es\/wp-json\/wp\/v2\/media\/80345"}],"wp:attachment":[{"href":"https:\/\/miurltemporal.com/main/triatletasenred.sport.es\/wp-json\/wp\/v2\/media?parent=87792"}],"wp:term":[{"taxonomy":"category","embeddable":true,"href":"https:\/\/miurltemporal.com/main/triatletasenred.sport.es\/wp-json\/wp\/v2\/categories?post=87792"},{"taxonomy":"post_tag","embeddable":true,"href":"https:\/\/miurltemporal.com/main/triatletasenred.sport.es\/wp-json\/wp\/v2\/tags?post=87792"}],"curies":[{"name":"wp","href":"https:\/\/api.w.org\/{rel}","templated":true}]}}