{"id":87656,"date":"2023-11-23T19:12:12","date_gmt":"2023-11-23T18:12:12","guid":{"rendered":"https:\/\/miurltemporal.com/main/triatletasenred.sport.es\/?p=87656"},"modified":"2023-11-23T19:12:12","modified_gmt":"2023-11-23T18:12:12","slug":"elretodemiguelangeldominguez","status":"publish","type":"post","link":"https:\/\/miurltemporal.com/main/triatletasenred.sport.es\/competiciones\/elretodemiguelangeldominguez\/","title":{"rendered":"365 d\u00edas de entrenamiento para 3 d\u00edas de competici\u00f3n: El reto de Miguel \u00c1ngel Dom\u00ednguez"},"content":{"rendered":"<h3><strong>El gran desaf\u00edo espera en Haw\u00e1i, y solo 40 deportistas, entre ellos el espa\u00f1ol Miquel \u00c0ngel Dom\u00ednguez, competir\u00e1n en el Campeonato Mundial de Ultraman, del 24 al 26 de noviembre.<\/strong><\/h3>\n<p><\/a><\/p>\n<div class=\"flex-1 overflow-hidden\">\n<div class=\"react-scroll-to-bottom--css-vomtv-79elbk h-full\">\n<div class=\"react-scroll-to-bottom--css-vomtv-1n7m0yu\">\n<div class=\"flex flex-col text-sm gizmo:pb-9 dark:bg-gray-800 gizmo:dark:bg-transparent\">\n<div class=\"w-full text-token-text-primary border-b border-black\/10 gizmo:border-0 dark:border-gray-900\/50 gizmo:dark:border-0 bg-gray-50 gizmo:bg-transparent dark:bg-[#444654] gizmo:dark:bg-transparent\" data-testid=\"conversation-turn-520\">\n<div class=\"p-4 gizmo:py-2 justify-center text-base md:gap-6 md:py-6 m-auto\">\n<div class=\"flex flex-1 gap-4 text-base mx-auto md:gap-6 gizmo:gap-3 gizmo:md:px-5 gizmo:lg:px-1 gizmo:xl:px-5 md:max-w-2xl lg:max-w-[38rem] gizmo:md:max-w-3xl gizmo:lg:max-w-[40rem] gizmo:xl:max-w-[48rem] xl:max-w-3xl } group final-completion\">\n<div class=\"relative flex w-[calc(100%-50px)] flex-col gizmo:w-full lg:w-[calc(100%-115px)] agent-turn\">\n<div class=\"flex-col gap-1 md:gap-3\">\n<div class=\"flex flex-grow flex-col max-w-full gap-3 gizmo:gap-0\">\n<div class=\"min-h-[20px] text-message flex flex-col items-start gap-3 whitespace-pre-wrap break-words [.text-message+&amp;]:mt-5 overflow-x-auto\" data-message-author-role=\"assistant\" data-message-id=\"7aa33166-0526-4b44-a20a-ac56da0a835f\">\n<div class=\"markdown prose w-full break-words dark:prose-invert dark\">\n<p>La haza\u00f1a es monumental: 515 kil\u00f3metros en tres d\u00edas. Miquel \u00c0ngel, fisioterapeuta de profesi\u00f3n y apasionado atleta de ultradistancia, es uno de los dos representantes espa\u00f1oles en esta competici\u00f3n extrema, gan\u00e1ndose su lugar a trav\u00e9s de duras horas de entrenamiento y pruebas clasificatorias.<\/p>\n<p>A sus 53 a\u00f1os, Miquel \u00c0ngel se embarcar\u00e1 en su debut mundial, enfrent\u00e1ndose a un desaf\u00edo sin igual. El primer d\u00eda implica 10 kil\u00f3metros de nataci\u00f3n en el Oc\u00e9ano Pac\u00edfico y una exigente ruta de ciclismo de 145 km con un desnivel de 2,500 metros. El segundo d\u00eda, el desaf\u00edo contin\u00faa con 280 kil\u00f3metros en bicicleta y 2,400 metros de desnivel. Pero el tercer d\u00eda es el culm\u00e9n del esfuerzo: 84 kil\u00f3metros de carrera, equivalente a dos maratones consecutivas, en una de las regiones m\u00e1s calurosas del mundo, con un desnivel de 500 metros. Miquel \u00c0ngel tendr\u00e1 un m\u00e1ximo de 12 horas para completar cada etapa.<\/p>\n<p>Un a\u00f1o de preparaci\u00f3n espec\u00edfica respalda este desaf\u00edo que, durante doce meses, Miquel \u00c0ngel ha mantenido una disciplina sin igual, combinando su entrenamiento con su trabajo en el Centro de Terapias Madform, un centro de fisioterapia que dirige junto a su esposa.<\/p>\n<p>Con las manos que cuidan a atletas de \u00e9lite como Laia Sanz o Carlos Sainz, Miquel \u00c0ngel asume su propio gran reto en el deporte de las tres disciplinas y el Campeonato Mundial de Ultraman en Haw\u00e1i ser\u00e1 la culminaci\u00f3n de un a\u00f1o de dedicaci\u00f3n y pr\u00e1cticamente toda una vida dedicada al deporte.<\/p>\n<div class=\"youtube-embed\" data-video_id=\"8P5kOmIH0_4\"><iframe title=\"A fondo con el ULTRAMAN | \u00bfLocura o aventura?\" width=\"696\" height=\"392\" src=\"https:\/\/www.youtube.com\/embed\/8P5kOmIH0_4?start=51&#038;feature=oembed\" frameborder=\"0\" allow=\"accelerometer; autoplay; clipboard-write; encrypted-media; gyroscope; picture-in-picture; web-share\" allowfullscreen><\/iframe><\/div>\n<\/div>\n<\/div>\n<\/div>\n<\/div>\n<\/div>\n<\/div>\n<\/div>\n<\/div>\n<\/div>\n<\/div>\n<\/div>\n<\/div>\n","protected":false},"excerpt":{"rendered":"<p>El gran desaf\u00edo espera en Haw\u00e1i, y solo 40 deportistas, entre ellos el espa\u00f1ol Miquel \u00c0ngel Dom\u00ednguez, competir\u00e1n en el Campeonato Mundial de Ultraman, del 24 al 26 de noviembre. La haza\u00f1a es monumental: 515 kil\u00f3metros en tres d\u00edas. Miquel \u00c0ngel, fisioterapeuta de profesi\u00f3n y apasionado atleta de ultradistancia, es uno de los dos representantes [&hellip;]<\/p>\n","protected":false},"author":322,"featured_media":87658,"comment_status":"closed","ping_status":"closed","sticky":false,"template":"","format":"standard","meta":{"_acf_changed":false,"rank_math_lock_modified_date":false,"footnotes":""},"categories":[17,19,1191],"tags":[],"class_list":{"0":"post-87656","1":"post","2":"type-post","3":"status-publish","4":"format-standard","5":"has-post-thumbnail","7":"category-actualidad","8":"category-competiciones","9":"category-triatlon"},"acf":[],"_links":{"self":[{"href":"https:\/\/miurltemporal.com/main/triatletasenred.sport.es\/wp-json\/wp\/v2\/posts\/87656"}],"collection":[{"href":"https:\/\/miurltemporal.com/main/triatletasenred.sport.es\/wp-json\/wp\/v2\/posts"}],"about":[{"href":"https:\/\/miurltemporal.com/main/triatletasenred.sport.es\/wp-json\/wp\/v2\/types\/post"}],"author":[{"embeddable":true,"href":"https:\/\/miurltemporal.com/main/triatletasenred.sport.es\/wp-json\/wp\/v2\/users\/322"}],"replies":[{"embeddable":true,"href":"https:\/\/miurltemporal.com/main/triatletasenred.sport.es\/wp-json\/wp\/v2\/comments?post=87656"}],"version-history":[{"count":1,"href":"https:\/\/miurltemporal.com/main/triatletasenred.sport.es\/wp-json\/wp\/v2\/posts\/87656\/revisions"}],"predecessor-version":[{"id":87659,"href":"https:\/\/miurltemporal.com/main/triatletasenred.sport.es\/wp-json\/wp\/v2\/posts\/87656\/revisions\/87659"}],"wp:featuredmedia":[{"embeddable":true,"href":"https:\/\/miurltemporal.com/main/triatletasenred.sport.es\/wp-json\/wp\/v2\/media\/87658"}],"wp:attachment":[{"href":"https:\/\/miurltemporal.com/main/triatletasenred.sport.es\/wp-json\/wp\/v2\/media?parent=87656"}],"wp:term":[{"taxonomy":"category","embeddable":true,"href":"https:\/\/miurltemporal.com/main/triatletasenred.sport.es\/wp-json\/wp\/v2\/categories?post=87656"},{"taxonomy":"post_tag","embeddable":true,"href":"https:\/\/miurltemporal.com/main/triatletasenred.sport.es\/wp-json\/wp\/v2\/tags?post=87656"}],"curies":[{"name":"wp","href":"https:\/\/api.w.org\/{rel}","templated":true}]}}