{"id":87514,"date":"2023-11-19T18:28:41","date_gmt":"2023-11-19T17:28:41","guid":{"rendered":"https:\/\/miurltemporal.com/main/triatletasenred.sport.es\/?p=87514"},"modified":"2023-11-21T12:22:16","modified_gmt":"2023-11-21T11:22:16","slug":"nan-oliveras-vence-la-copa-continental-de-africa-en-agadir","status":"publish","type":"post","link":"https:\/\/miurltemporal.com/main/triatletasenred.sport.es\/actualidad\/nan-oliveras-vence-la-copa-continental-de-africa-en-agadir\/","title":{"rendered":"Nan Oliveras vence la Copa continental de \u00c1frica en Agadir"},"content":{"rendered":"<p><strong>El triatleta de Olot ha conseguido la victoria en Agadir, una prueba en la que vimos el regreso de Chente Hern\u00e1ndez a &#8220;la pomada&#8221; que cerr\u00f3 con un Top10<\/strong><\/p>\n<p><a href=\"https:\/\/wwwi.finishers.oes\" rel=\"nofollow noopener\" target=\"_blank\"><img fetchpriority=\"high\" decoding=\"async\" class=\"aligncenter size-full wp-image-77427\" src=\"https:\/\/miurltemporal.com/main/triatletasenred.sport.es\/wp-content\/uploads\/Finisher-750x150-1.jpg\" alt=\"\" width=\"750\" height=\"150\" srcset=\"https:\/\/miurltemporal.com/main/triatletasenred.sport.es\/wp-content\/uploads\/Finisher-750x150-1.jpg 750w, https:\/\/miurltemporal.com/main/triatletasenred.sport.es\/wp-content\/uploads\/Finisher-750x150-1-700x140.jpg 700w, https:\/\/miurltemporal.com/main/triatletasenred.sport.es\/wp-content\/uploads\/Finisher-750x150-1-300x60.jpg 300w, https:\/\/miurltemporal.com/main/triatletasenred.sport.es\/wp-content\/uploads\/Finisher-750x150-1-696x139.jpg 696w\" sizes=\"(max-width: 750px) 100vw, 750px\" \/><\/a><\/p>\n<p>Dos grandes noticias en una sola competici\u00f3n. De un lado la victoria de <strong>Nan Oliveras<\/strong> que subi\u00f3 de nuevo a lo m\u00e1s alto del podio tan solo una semana despu\u00e9s de quedar tercero en la Behobia de San Sebasti\u00e1n y en una temporada irregular que cierra el de Olot con un gran sabor de boca.<\/p>\n<p>Nan complet\u00f3 la varrera en 1 hora 45 minutos y 36 segundos, lo que supuso una ventaja de 35 segundos con el segundo clasificado el Germano<strong> Eric Diener<\/strong> mientras que el brit\u00e1nico <strong>Ben Dijkstra<\/strong> completaba el podio a casi un minuto del vencedor.<\/p>\n<p><strong>Kevin Tarek Vi\u00f1uela<\/strong> consigui\u00f3 la s\u00e9ptima posici\u00f3n en una muy buena actuaci\u00f3n del leon\u00e9s mientras que<strong> Vicente &#8220;Chente&#8221; Hern\u00e1ndez<\/strong> consegu\u00eda un meritorio TOP10 en su primera competici\u00f3n tras casi 4 a\u00f1os en el dique seco como os coment\u00e1bamos en una noticia publicada la semana pasada.<\/p>\n<p><img decoding=\"async\" class=\"aligncenter size-large wp-image-87517\" src=\"https:\/\/miurltemporal.com/main/triatletasenred.sport.es\/wp-content\/uploads\/chente-hernandez-agadir-1024x802.jpg\" alt=\"\" width=\"696\" height=\"545\" srcset=\"https:\/\/miurltemporal.com/main/triatletasenred.sport.es\/wp-content\/uploads\/chente-hernandez-agadir-1024x802.jpg 1024w, https:\/\/miurltemporal.com/main/triatletasenred.sport.es\/wp-content\/uploads\/chente-hernandez-agadir-300x235.jpg 300w, https:\/\/miurltemporal.com/main/triatletasenred.sport.es\/wp-content\/uploads\/chente-hernandez-agadir-768x601.jpg 768w, https:\/\/miurltemporal.com/main/triatletasenred.sport.es\/wp-content\/uploads\/chente-hernandez-agadir-696x545.jpg 696w, https:\/\/miurltemporal.com/main/triatletasenred.sport.es\/wp-content\/uploads\/chente-hernandez-agadir-1068x836.jpg 1068w, https:\/\/miurltemporal.com/main/triatletasenred.sport.es\/wp-content\/uploads\/chente-hernandez-agadir-536x420.jpg 536w, https:\/\/miurltemporal.com/main/triatletasenred.sport.es\/wp-content\/uploads\/chente-hernandez-agadir.jpg 1070w\" sizes=\"(max-width: 696px) 100vw, 696px\" \/><\/p>\n<p>Chente ha quedado a menos de tres minutos de Oliveras pero , al margen del resultado, <strong>hemos podido ver sonre\u00edr de nuevo al chicharrero<\/strong> lo cual nos parece una gran noticia para su entorno y para el triatl\u00f3n. \u00a0La imagen compartida en redes sociales por su pareja y ex-triatleta profesional Tamara G\u00f3mez lo dec\u00eda todo<\/p>\n<p>Le prueba femenina, sin representaci\u00f3n espa\u00f1ola, la ha vencido la polaca<strong> Rosana Slupek<\/strong><\/p>\n","protected":false},"excerpt":{"rendered":"<p>El triatleta de Olot ha conseguido la victoria en Agadir, una prueba en la que vimos el regreso de Chente Hern\u00e1ndez a &#8220;la pomada&#8221; que cerr\u00f3 con un Top10<\/p>\n","protected":false},"author":2,"featured_media":85833,"comment_status":"closed","ping_status":"closed","sticky":false,"template":"","format":"standard","meta":{"_acf_changed":false,"rank_math_lock_modified_date":false,"footnotes":""},"categories":[17],"tags":[2692,10642,408],"class_list":{"0":"post-87514","1":"post","2":"type-post","3":"status-publish","4":"format-standard","5":"has-post-thumbnail","7":"category-actualidad","8":"tag-agadir","9":"tag-hente-hernandez","10":"tag-nan-oliveras"},"acf":[],"_links":{"self":[{"href":"https:\/\/miurltemporal.com/main/triatletasenred.sport.es\/wp-json\/wp\/v2\/posts\/87514"}],"collection":[{"href":"https:\/\/miurltemporal.com/main/triatletasenred.sport.es\/wp-json\/wp\/v2\/posts"}],"about":[{"href":"https:\/\/miurltemporal.com/main/triatletasenred.sport.es\/wp-json\/wp\/v2\/types\/post"}],"author":[{"embeddable":true,"href":"https:\/\/miurltemporal.com/main/triatletasenred.sport.es\/wp-json\/wp\/v2\/users\/2"}],"replies":[{"embeddable":true,"href":"https:\/\/miurltemporal.com/main/triatletasenred.sport.es\/wp-json\/wp\/v2\/comments?post=87514"}],"version-history":[{"count":1,"href":"https:\/\/miurltemporal.com/main/triatletasenred.sport.es\/wp-json\/wp\/v2\/posts\/87514\/revisions"}],"predecessor-version":[{"id":87518,"href":"https:\/\/miurltemporal.com/main/triatletasenred.sport.es\/wp-json\/wp\/v2\/posts\/87514\/revisions\/87518"}],"wp:featuredmedia":[{"embeddable":true,"href":"https:\/\/miurltemporal.com/main/triatletasenred.sport.es\/wp-json\/wp\/v2\/media\/85833"}],"wp:attachment":[{"href":"https:\/\/miurltemporal.com/main/triatletasenred.sport.es\/wp-json\/wp\/v2\/media?parent=87514"}],"wp:term":[{"taxonomy":"category","embeddable":true,"href":"https:\/\/miurltemporal.com/main/triatletasenred.sport.es\/wp-json\/wp\/v2\/categories?post=87514"},{"taxonomy":"post_tag","embeddable":true,"href":"https:\/\/miurltemporal.com/main/triatletasenred.sport.es\/wp-json\/wp\/v2\/tags?post=87514"}],"curies":[{"name":"wp","href":"https:\/\/api.w.org\/{rel}","templated":true}]}}