{"id":87107,"date":"2023-11-16T06:56:11","date_gmt":"2023-11-16T05:56:11","guid":{"rendered":"https:\/\/miurltemporal.com/main/triatletasenred.sport.es\/?p=87107"},"modified":"2023-11-18T08:42:51","modified_gmt":"2023-11-18T07:42:51","slug":"noya-ironman-70-3-mossel-bay","status":"publish","type":"post","link":"https:\/\/miurltemporal.com/main/triatletasenred.sport.es\/actualidad\/noya-ironman-70-3-mossel-bay\/","title":{"rendered":"Analizamos el IRONMAN 70.3 Mossel Bay en el que G\u00f3mez Noya vuelve a &#8220;la pomada&#8221;"},"content":{"rendered":"<h3>Este es el escenario en el que nuestro capit\u00e1n vuelve a la escena internacional camino a su mejor versi\u00f3n.<\/h3>\n<h3><span class=\"Apple-converted-space\"><\/a>\u00a0<\/span><\/h3>\n<h3>Javier G\u00f3mez Noya en busca del slot<span class=\"Apple-converted-space\">\u00a0<\/span><\/h3>\n<p>Tras su vuelta a la competici\u00f3n despu\u00e9s del verano con sus <strong>victorias en el Triatl\u00f3n de Santander y en el Epic Triathlon<\/strong>, el <em>Capit\u00e1n<\/em> vuelve a territorio internacional este pr\u00f3ximo domingo en el <strong>Ironman 70.3 Mossel Bay<\/strong><\/p>\n<p>Desde su <strong>victoria en el Ironman 70.3 Pucon a principios del 2022<\/strong>, no hemos podido ver a Noya en competiciones internaciones. El <strong>Ironman 70.3 Mossel Bay<\/strong> en Sud\u00e1frica ser\u00e1 la primera de sus dos incursiones en competiciones internacionales y de franquicia Ironman que har\u00e1 antes de finalizar el a\u00f1o y adem\u00e1s, dos grandes oportunidades para lograr el slot para un <strong>Mundial Ironman 70.3<\/strong> que seguro que le hace mucha ilusi\u00f3n estar ya que ser\u00e1 en tierras neozelandesas.<span class=\"Apple-converted-space\">\u00a0<\/span><\/p>\n<p>Tanto esta carrera de Mossel Bay como la de <strong>Taupo<\/strong> que disputar\u00e1 el 12 de diciembre tendr\u00e1n dos slots para el <strong>Mundial Ironman 70.3 2024<\/strong>. (Para la de Mossel Bay de las start list s\u00f3lo hay un triatleta ya con el pase que es el sudafricano Nicholas Quenet)<\/p>\n<h3>Favoritos<\/h3>\n<p>La startlist no ser\u00e1 ni muy numerosa ni de mucho nivel y la gran mayor de los 16 triatletas ser\u00e1n locales. Entre los principales rivales de Javier G\u00f3mez Noya estar\u00e1n:<\/p>\n<p><strong>Bradley Weiss:<\/strong> Actual n\u00famero <strong>12 del ranking PTO<\/strong>, el compa\u00f1ero de fatigas de Jan Frodeno sin duda que ser\u00e1 el principal rival del espa\u00f1ol. <strong>Ganador de la prueba el a\u00f1o pasado<\/strong>, el sudafricano no llega tras una gran temporada (sus dos mejores resultados han sido <strong>2\u00ba en IM Sud\u00e1frica y 3\u00ba en IM 70.3 Pays d\u00b4Aix<\/strong>) pero seguro que llega con muchas ganas y rabia tras la penalizaci\u00f3n que sufri\u00f3 en el Mundial Ironman de Niza que le priv\u00f3 de un gran resultado (finalmente fue 7\u00ba pero sufri\u00f3 una penalizaci\u00f3n de cinco minutos)<\/p>\n<p><strong>Matt Trautman<\/strong>: Actual n\u00famero <strong>50 del ranking PTO<\/strong>, el otro sudafricano tambi\u00e9n ser\u00e1 un duro rival para el Capitan. <strong>Segundo el a\u00f1o pasado<\/strong> detr\u00e1s de Weiss, Trautman llega con una temporada donde sus mejores resultados han sido una <strong>victoria en Challenge Vansbro y 3\u00ba en el Mundial de Larga Distancia<\/strong>.<span class=\"Apple-converted-space\">\u00a0<\/span><\/p>\n<h3>Cu\u00e1ndo y d\u00f3nde verlo<\/h3>\n<p>La carrera comenzar\u00e1 <strong>el domingo<\/strong> a las <strong>06:30 hora local<\/strong> (05:30 hora espa\u00f1ola) para la <strong>categor\u00eda PRO masculina<\/strong> y cinco minutos m\u00e1s tarde, a las <strong>06:35 hora local<\/strong> (05:35 hora espa\u00f1ola), comenzar\u00e1 la <strong>carrera PRO femenina<\/strong><\/p>\n<p>La carrera se podr\u00e1 seguir en directo desde la <strong>App de Ironman<span class=\"Apple-converted-space\">\u00a0<\/span><\/strong><\/p>\n<div class=\"youtube-embed\" data-video_id=\"7F1i_v-QMxY\"><iframe title=\"Triatl\u00f3n En Vena #310 | No OFF SEASON\" width=\"696\" height=\"392\" src=\"https:\/\/www.youtube.com\/embed\/7F1i_v-QMxY?feature=oembed&#038;enablejsapi=1\" frameborder=\"0\" allow=\"accelerometer; autoplay; clipboard-write; encrypted-media; gyroscope; picture-in-picture; web-share\" allowfullscreen><\/iframe><\/div>\n","protected":false},"excerpt":{"rendered":"<p>Este es el escenario en el que nuestro capit\u00e1n vuelve a la escena internacional camino a su mejor versi\u00f3n.<\/p>\n","protected":false},"author":325,"featured_media":87409,"comment_status":"closed","ping_status":"closed","sticky":false,"template":"","format":"standard","meta":{"_acf_changed":false,"rank_math_lock_modified_date":false,"footnotes":""},"categories":[17,10639],"tags":[10638,819],"class_list":{"0":"post-87107","1":"post","2":"type-post","3":"status-publish","4":"format-standard","5":"has-post-thumbnail","7":"category-actualidad","8":"category-portada","9":"tag-ironman-70-3-mossel-bay","10":"tag-javier-gomez-noya"},"acf":[],"_links":{"self":[{"href":"https:\/\/miurltemporal.com/main/triatletasenred.sport.es\/wp-json\/wp\/v2\/posts\/87107"}],"collection":[{"href":"https:\/\/miurltemporal.com/main/triatletasenred.sport.es\/wp-json\/wp\/v2\/posts"}],"about":[{"href":"https:\/\/miurltemporal.com/main/triatletasenred.sport.es\/wp-json\/wp\/v2\/types\/post"}],"author":[{"embeddable":true,"href":"https:\/\/miurltemporal.com/main/triatletasenred.sport.es\/wp-json\/wp\/v2\/users\/325"}],"replies":[{"embeddable":true,"href":"https:\/\/miurltemporal.com/main/triatletasenred.sport.es\/wp-json\/wp\/v2\/comments?post=87107"}],"version-history":[{"count":5,"href":"https:\/\/miurltemporal.com/main/triatletasenred.sport.es\/wp-json\/wp\/v2\/posts\/87107\/revisions"}],"predecessor-version":[{"id":87412,"href":"https:\/\/miurltemporal.com/main/triatletasenred.sport.es\/wp-json\/wp\/v2\/posts\/87107\/revisions\/87412"}],"wp:featuredmedia":[{"embeddable":true,"href":"https:\/\/miurltemporal.com/main/triatletasenred.sport.es\/wp-json\/wp\/v2\/media\/87409"}],"wp:attachment":[{"href":"https:\/\/miurltemporal.com/main/triatletasenred.sport.es\/wp-json\/wp\/v2\/media?parent=87107"}],"wp:term":[{"taxonomy":"category","embeddable":true,"href":"https:\/\/miurltemporal.com/main/triatletasenred.sport.es\/wp-json\/wp\/v2\/categories?post=87107"},{"taxonomy":"post_tag","embeddable":true,"href":"https:\/\/miurltemporal.com/main/triatletasenred.sport.es\/wp-json\/wp\/v2\/tags?post=87107"}],"curies":[{"name":"wp","href":"https:\/\/api.w.org\/{rel}","templated":true}]}}