{"id":86065,"date":"2023-10-17T17:54:03","date_gmt":"2023-10-17T15:54:03","guid":{"rendered":"https:\/\/miurltemporal.com/main/triatletasenred.sport.es\/?p=86065"},"modified":"2023-11-14T04:36:13","modified_gmt":"2023-11-14T03:36:13","slug":"fechamerrelmountainfestivalcomapedrosa2024","status":"publish","type":"post","link":"https:\/\/miurltemporal.com/main/triatletasenred.sport.es\/actualidad\/fechamerrelmountainfestivalcomapedrosa2024\/","title":{"rendered":"El Merrel Mountain Festival Comapedrosa anuncia su fecha para 2024"},"content":{"rendered":"<div class=\"group final-completion w-full text-token-text-primary border-b border-black\/10 gizmo:border-0 dark:border-gray-900\/50 gizmo:dark:border-0 bg-gray-50 gizmo:bg-transparent dark:bg-[#444654] gizmo:dark:bg-transparent\" data-testid=\"conversation-turn-429\">\n<div class=\"p-4 justify-center text-base md:gap-6 md:py-6 m-auto\">\n<div class=\"flex flex-1 gap-4 text-base mx-auto md:gap-6 gizmo:gap-3 gizmo:md:px-5 gizmo:lg:px-1 gizmo:xl:px-5 md:max-w-2xl lg:max-w-[38rem] gizmo:md:max-w-3xl gizmo:lg:max-w-[40rem] gizmo:xl:max-w-[48rem] xl:max-w-3xl }\">\n<div class=\"relative flex w-[calc(100%-50px)] flex-col gizmo:w-full lg:w-[calc(100%-115px)] agent-turn\">\n<div class=\"flex-col gap-1 md:gap-3\">\n<div class=\"flex flex-grow flex-col gap-3 max-w-full\">\n<div class=\"min-h-[20px] flex flex-col items-start gap-3 whitespace-pre-wrap break-words overflow-x-auto\">\n<div class=\"markdown prose w-full break-words dark:prose-invert dark\">\n<div class=\"group final-completion w-full text-token-text-primary border-b border-black\/10 gizmo:border-0 dark:border-gray-900\/50 gizmo:dark:border-0 bg-gray-50 gizmo:bg-transparent dark:bg-[#444654] gizmo:dark:bg-transparent\" data-testid=\"conversation-turn-431\">\n<div class=\"p-4 justify-center text-base md:gap-6 md:py-6 m-auto\">\n<div class=\"flex flex-1 gap-4 text-base mx-auto md:gap-6 gizmo:gap-3 gizmo:md:px-5 gizmo:lg:px-1 gizmo:xl:px-5 md:max-w-2xl lg:max-w-[38rem] gizmo:md:max-w-3xl gizmo:lg:max-w-[40rem] gizmo:xl:max-w-[48rem] xl:max-w-3xl }\">\n<div class=\"relative flex w-[calc(100%-50px)] flex-col gizmo:w-full lg:w-[calc(100%-115px)] agent-turn\">\n<div class=\"flex-col gap-1 md:gap-3\">\n<div class=\"flex flex-grow flex-col gap-3 max-w-full\">\n<div class=\"min-h-[20px] flex flex-col items-start gap-3 whitespace-pre-wrap break-words overflow-x-auto\">\n<div class=\"markdown prose w-full break-words dark:prose-invert dark\">\n<h3><strong>El Merrell Mountain Festival Comapedrosa 2024 Promete una experiencia inolvidable en los Picos Andorranos y abre inscripciones este 23 de octubre.<\/strong><\/h3>\n<\/div>\n<p><\/a><\/p>\n<\/div>\n<\/div>\n<\/div>\n<\/div>\n<\/div>\n<\/div>\n<\/div>\n<p>Arinsal, La Massana, joya de los Pirineos andorranos, se prepara para recibir, los d\u00edas 20 y 21 de julio de 2024, un evento de trail running top: el Merrell Mountain Festival Comapedrosa. Este festival, que se celebra en el Parc Natural del Comapedrosa, ofrece una experiencia \u00fanica para todos los aficionados a la alta monta\u00f1a, con actividades que van desde emocionantes carreras de trail running hasta sesiones de yoga, senderismo, v\u00edas ferratas y proyecciones de cine de monta\u00f1a.<\/p>\n<h4><strong>Merrell Skyrace Comapedrosa<\/strong><\/h4>\n<p>Con 24 km y un ascenso de 2.375m, la Merrell Skyrace Comapedrosa es un desaf\u00edo para valientes. Su recorrido, t\u00e9cnico, r\u00e1pido y divertido, ofrece panoramas espectaculares mientras se adentra en el Parc Natural de les Valls del Comapedrosa y alcanza las alturas andorranas en la cima del Comapedrosa. Por segundo a\u00f1o consecutivo, la carrera formar\u00e1 parte de la Copa del Mundo de las XTERRA Trail Run World Series.<\/p>\n<h4><strong>Skyrace Arinsal<\/strong><\/h4>\n<p>Con 15 km y un desnivel positivo de 1.456m, la Skyrace Arinsal completa una carrera ideal para atletas m\u00e1s explosivos, j\u00f3venes talentos y aquellos que inician su camino en el trail running en el marco de un evento de categor\u00eda internacional. Con un trazado r\u00e1pido y variado que abraza bosques, crestas, cimas y refugios, ofrece toda la belleza del entorno natural.<\/p>\n<h4><strong>Vertical Comapedrosa:\u00a0<\/strong><\/h4>\n<p>Esta exigente carrera, con 8 km y un desnivel positivo de 1.483m, es un deleite para los amantes de los retos. Culminando en el emblem\u00e1tico Pic del Comapedrosa a 2.953m de altitud, esta carrera lleva a los participantes a lo m\u00e1s alto de Andorra, ofreciendo vistas impresionantes como recompensa.<\/p>\n<p>La Merrell Skyrace Comapedrosa ha atra\u00eddo a nombres destacados del trail running mundial, desde Kilian Jornet y Tom Owens hasta Denisa Dragomir, Christian Mathys o Sheila Avil\u00e9s, que han dejado su huella en los valles del Comapedrosa. En 2023, la primera edici\u00f3n dej\u00f3 su huella con Marc Casanoves y Laura Orgu\u00e9 estableciendo un &#8220;Fatest Known Time&#8221; de 01:16:00 y 01:29:38 respectivamente.<\/p>\n<p>Aunque la temporada de trail running est\u00e9 distante, es el momento de trazar metas para el pr\u00f3ximo a\u00f1o y qu\u00e9 mejor lugar para correr que en el escenario sublime de la Merrell Skyrace Comapedrosa. Las inscripciones para las carreras estar\u00e1n disponibles a partir del 23 de octubre en su web.<\/p>\n<p><span class=\"td_btn td_btn_lg td_outlined_btn\"><a href=\"http:\/\/skyracecomapedrosa.com\" rel=\"nofollow noopener\" target=\"_blank\">WEB OFICIAL<\/a><\/span><\/p>\n<div class=\"youtube-embed\" data-video_id=\"rsfcTZv25U8\"><iframe title=\"El M\u00c9TODO LAIDLOW | As\u00ed se forja un CAMPE\u00d3N DEL MUNDO Ironman \ud83d\udd25\" width=\"696\" height=\"392\" src=\"https:\/\/www.youtube.com\/embed\/rsfcTZv25U8?start=14&#038;feature=oembed\" frameborder=\"0\" allow=\"accelerometer; autoplay; clipboard-write; encrypted-media; gyroscope; picture-in-picture; web-share\" referrerpolicy=\"strict-origin-when-cross-origin\" allowfullscreen><\/iframe><\/div>\n<\/div>\n<\/div>\n<\/div>\n<\/div>\n<\/div>\n<\/div>\n<\/div>\n<\/div>\n","protected":false},"excerpt":{"rendered":"<p>El Merrell Mountain Festival Comapedrosa 2024 Promete una experiencia inolvidable en los Picos Andorranos y abre inscripciones este 23 de octubre.<\/p>\n","protected":false},"author":322,"featured_media":86066,"comment_status":"closed","ping_status":"closed","sticky":false,"template":"","format":"standard","meta":{"_acf_changed":false,"rank_math_lock_modified_date":false,"footnotes":""},"categories":[17,19,1192],"tags":[],"class_list":{"0":"post-86065","1":"post","2":"type-post","3":"status-publish","4":"format-standard","5":"has-post-thumbnail","7":"category-actualidad","8":"category-competiciones","9":"category-running"},"acf":[],"_links":{"self":[{"href":"https:\/\/miurltemporal.com/main/triatletasenred.sport.es\/wp-json\/wp\/v2\/posts\/86065"}],"collection":[{"href":"https:\/\/miurltemporal.com/main/triatletasenred.sport.es\/wp-json\/wp\/v2\/posts"}],"about":[{"href":"https:\/\/miurltemporal.com/main/triatletasenred.sport.es\/wp-json\/wp\/v2\/types\/post"}],"author":[{"embeddable":true,"href":"https:\/\/miurltemporal.com/main/triatletasenred.sport.es\/wp-json\/wp\/v2\/users\/322"}],"replies":[{"embeddable":true,"href":"https:\/\/miurltemporal.com/main/triatletasenred.sport.es\/wp-json\/wp\/v2\/comments?post=86065"}],"version-history":[{"count":2,"href":"https:\/\/miurltemporal.com/main/triatletasenred.sport.es\/wp-json\/wp\/v2\/posts\/86065\/revisions"}],"predecessor-version":[{"id":86750,"href":"https:\/\/miurltemporal.com/main/triatletasenred.sport.es\/wp-json\/wp\/v2\/posts\/86065\/revisions\/86750"}],"wp:featuredmedia":[{"embeddable":true,"href":"https:\/\/miurltemporal.com/main/triatletasenred.sport.es\/wp-json\/wp\/v2\/media\/86066"}],"wp:attachment":[{"href":"https:\/\/miurltemporal.com/main/triatletasenred.sport.es\/wp-json\/wp\/v2\/media?parent=86065"}],"wp:term":[{"taxonomy":"category","embeddable":true,"href":"https:\/\/miurltemporal.com/main/triatletasenred.sport.es\/wp-json\/wp\/v2\/categories?post=86065"},{"taxonomy":"post_tag","embeddable":true,"href":"https:\/\/miurltemporal.com/main/triatletasenred.sport.es\/wp-json\/wp\/v2\/tags?post=86065"}],"curies":[{"name":"wp","href":"https:\/\/api.w.org\/{rel}","templated":true}]}}