{"id":86060,"date":"2023-10-17T17:39:04","date_gmt":"2023-10-17T15:39:04","guid":{"rendered":"https:\/\/miurltemporal.com/main/triatletasenred.sport.es\/?p=86060"},"modified":"2023-11-14T04:36:13","modified_gmt":"2023-11-14T03:36:13","slug":"icantriathlongandia2023","status":"publish","type":"post","link":"https:\/\/miurltemporal.com/main/triatletasenred.sport.es\/actualidad\/icantriathlongandia2023\/","title":{"rendered":"ICAN TRIATHLON GANDIA: Una d\u00e9cada de \u00e9xitos"},"content":{"rendered":"<div class=\"group final-completion w-full text-token-text-primary border-b border-black\/10 gizmo:border-0 dark:border-gray-900\/50 gizmo:dark:border-0 bg-gray-50 gizmo:bg-transparent dark:bg-[#444654] gizmo:dark:bg-transparent\" data-testid=\"conversation-turn-427\">\n<div class=\"p-4 justify-center text-base md:gap-6 md:py-6 m-auto\">\n<div class=\"flex flex-1 gap-4 text-base mx-auto md:gap-6 gizmo:gap-3 gizmo:md:px-5 gizmo:lg:px-1 gizmo:xl:px-5 md:max-w-2xl lg:max-w-[38rem] gizmo:md:max-w-3xl gizmo:lg:max-w-[40rem] gizmo:xl:max-w-[48rem] xl:max-w-3xl }\">\n<div class=\"relative flex w-[calc(100%-50px)] flex-col gizmo:w-full lg:w-[calc(100%-115px)] agent-turn\">\n<div class=\"flex-col gap-1 md:gap-3\">\n<div class=\"flex flex-grow flex-col gap-3 max-w-full\">\n<div class=\"min-h-[20px] flex flex-col items-start gap-3 whitespace-pre-wrap break-words overflow-x-auto\">\n<div class=\"markdown prose w-full break-words dark:prose-invert dark\">\n<h3><strong>ICAN Triathlon Gandia se prepara para celebrar una edici\u00f3n hist\u00f3rica con un r\u00e9cord de participaci\u00f3n y la presencia de destacados nombres del triatl\u00f3n en la l\u00ednea de salida.<\/strong><\/h3>\n<p><a href=\"https:\/\/nutrisport.es\/geles\/37-energy-gel-taurina.html?utm_source=Triatletas+en+red&amp;utm_medium=Banner+revista+digital&amp;utm_campaign=Revista%3A+Triatletas+en+red\" rel=\"nofollow noopener\" target=\"_blank\"><img fetchpriority=\"high\" decoding=\"async\" class=\"aligncenter size-full wp-image-80108\" src=\"https:\/\/miurltemporal.com/main/triatletasenred.sport.es\/wp-content\/uploads\/banner-geles.gif\" alt=\"\" width=\"750\" height=\"100\" \/><\/a><\/p>\n<p>Este evento emblem\u00e1tico se desplegar\u00e1 a lo largo de tres intensos d\u00edas, comenzando con la presentaci\u00f3n oficial el pr\u00f3ximo viernes a las 12:00h, la entrega de dorsales a partir de las 16:30 h en la Plaza del Puerto de Gandia y culminando el s\u00e1bado 21 de octubre a las 8:00 h, cuando los\/las triatletas se sumerjan en las aguas del Puerto de Gandia para enfrentar las diversas distancias que ofrece esta competici\u00f3n multiprueba.<\/p>\n<p>La distancia Short, que ha alcanzado un r\u00e9cord de inscritos con 500 participantes, dar\u00e1 inicio a la competici\u00f3n, seguida por la distancia Half y Aquabike MD con 4 nuevas salidas y 620 plazas. El plato fuerte ser\u00e1 el Full distance, la prueba reina de ICAN Triathlon, donde tambi\u00e9n participar\u00e1n los\/las atletas del Aquabike LD, sumando cerca de 250 inscritos.<\/p>\n<h4><strong>Una d\u00e9cada de \u00e9xitos<\/strong><\/h4>\n<p>Desde su inauguraci\u00f3n en 2014, ICAN Triathlon Gandia ha sido un referente en el mundo del triatl\u00f3n. Incluso durante la pandemia en 2020, el evento se llev\u00f3 a cabo con 112 participantes, implementando novedosas medidas de seguridad. La \u00faltima edici\u00f3n, en 2022, vio a Tessa Kortekas del CD Zero Watios alzarse con la victoria en un tiempo de 9:41:34.<\/p>\n<p>Para la d\u00e9cima edici\u00f3n, el elenco de favoritos en la distancia Full incluye a Pakillo Fern\u00e1ndez-Cort\u00e9s y Kristian Quintans. En la categor\u00eda femenina, Helena Herrero y la internacional \u00e9lite de Croacia, Sonja Skevin, prometen una competencia feroz. La distancia Half contar\u00e1 con la presencia del Campe\u00f3n Auton\u00f3mico de Media Distancia 2023, Ram\u00f3n Ejeda, junto con destacados triatletas como Ander Noain, Kerman Alonso, y el ex ciclista ol\u00edmpico Alexander Kolobnev.<\/p>\n<h4><strong>Premios y Entretenimiento<\/strong><\/h4>\n<p>Este evento no solo celebra el triatl\u00f3n de \u00e9lite, sino que tambi\u00e9n ofrece emocionantes premios econ\u00f3micos para los ganadores de Full y Half. Adem\u00e1s, Syncrosfera Fitness &amp; Sport Hotel premiar\u00e1 a los ganadores del Full con una estancia de fin de semana para \u00e9l\/ella y un acompa\u00f1ante.<\/p>\n<p>La competici\u00f3n tambi\u00e9n incluir\u00e1 una meta volante para destacar al m\u00e1s r\u00e1pido y r\u00e1pida en el segmento ciclista tanto en Full como en Half, conocido como el II Gran Premio Tavernes de la Valldigna. Adem\u00e1s, los familiares y acompa\u00f1antes disfrutar\u00e1n de un concierto en directo a cargo de la Escuela de rock ACAMDO de Orihuela y tendr\u00e1n acceso a tiendas especializadas y servicios fotogr\u00e1ficos.<\/p>\n<p>La nutrici\u00f3n estar\u00e1 a cargo de nuestros amigos de NutriSport quienes desplazar\u00e1n su cami\u00f3n personalizado a Gandia, y la competici\u00f3n podr\u00e1 seguirse en tiempo real a trav\u00e9s de la APP TRICV. Este evento, que cierra la temporada de triatlones en la Comunidad Valenciana, cuenta con la colaboraci\u00f3n de diversas localidades y el valioso apoyo de 150 voluntarios y un staff de 110 personas.<\/p>\n<p>As\u00ed es ICAN Triathlon Gandia: una d\u00e9cada de pasi\u00f3n, desaf\u00edos y logros que ha consolidado su lugar en la historia del triatl\u00f3n espa\u00f1ol.<\/p>\n<div class=\"youtube-embed\" data-video_id=\"HkYRfyL__Ss\"><iframe title=\"Albert Moreno pone FIN a 10 A\u00d1OS como triatleta profesional \ud83d\ude2a\" width=\"696\" height=\"392\" src=\"https:\/\/www.youtube.com\/embed\/HkYRfyL__Ss?feature=oembed&#038;enablejsapi=1\" frameborder=\"0\" allow=\"accelerometer; autoplay; clipboard-write; encrypted-media; gyroscope; picture-in-picture; web-share\" referrerpolicy=\"strict-origin-when-cross-origin\" allowfullscreen><\/iframe><\/div>\n<\/div>\n<\/div>\n<\/div>\n<\/div>\n<\/div>\n<\/div>\n<\/div>\n<\/div>\n","protected":false},"excerpt":{"rendered":"<p>ICAN Triathlon Gandia se prepara para celebrar una edici\u00f3n hist\u00f3rica con un r\u00e9cord de participaci\u00f3n y la presencia de destacados nombres del triatl\u00f3n en la l\u00ednea de salida.<\/p>\n","protected":false},"author":322,"featured_media":86063,"comment_status":"closed","ping_status":"closed","sticky":false,"template":"","format":"standard","meta":{"_acf_changed":false,"rank_math_lock_modified_date":false,"footnotes":""},"categories":[17,19,1191],"tags":[],"class_list":{"0":"post-86060","1":"post","2":"type-post","3":"status-publish","4":"format-standard","5":"has-post-thumbnail","7":"category-actualidad","8":"category-competiciones","9":"category-triatlon"},"acf":[],"_links":{"self":[{"href":"https:\/\/miurltemporal.com/main/triatletasenred.sport.es\/wp-json\/wp\/v2\/posts\/86060"}],"collection":[{"href":"https:\/\/miurltemporal.com/main/triatletasenred.sport.es\/wp-json\/wp\/v2\/posts"}],"about":[{"href":"https:\/\/miurltemporal.com/main/triatletasenred.sport.es\/wp-json\/wp\/v2\/types\/post"}],"author":[{"embeddable":true,"href":"https:\/\/miurltemporal.com/main/triatletasenred.sport.es\/wp-json\/wp\/v2\/users\/322"}],"replies":[{"embeddable":true,"href":"https:\/\/miurltemporal.com/main/triatletasenred.sport.es\/wp-json\/wp\/v2\/comments?post=86060"}],"version-history":[{"count":2,"href":"https:\/\/miurltemporal.com/main/triatletasenred.sport.es\/wp-json\/wp\/v2\/posts\/86060\/revisions"}],"predecessor-version":[{"id":86751,"href":"https:\/\/miurltemporal.com/main/triatletasenred.sport.es\/wp-json\/wp\/v2\/posts\/86060\/revisions\/86751"}],"wp:featuredmedia":[{"embeddable":true,"href":"https:\/\/miurltemporal.com/main/triatletasenred.sport.es\/wp-json\/wp\/v2\/media\/86063"}],"wp:attachment":[{"href":"https:\/\/miurltemporal.com/main/triatletasenred.sport.es\/wp-json\/wp\/v2\/media?parent=86060"}],"wp:term":[{"taxonomy":"category","embeddable":true,"href":"https:\/\/miurltemporal.com/main/triatletasenred.sport.es\/wp-json\/wp\/v2\/categories?post=86060"},{"taxonomy":"post_tag","embeddable":true,"href":"https:\/\/miurltemporal.com/main/triatletasenred.sport.es\/wp-json\/wp\/v2\/tags?post=86060"}],"curies":[{"name":"wp","href":"https:\/\/api.w.org\/{rel}","templated":true}]}}