{"id":86058,"date":"2023-10-17T14:57:38","date_gmt":"2023-10-17T12:57:38","guid":{"rendered":"https:\/\/miurltemporal.com/main/triatletasenred.sport.es\/?p=86058"},"modified":"2023-10-17T14:58:02","modified_gmt":"2023-10-17T12:58:02","slug":"un-conductor-fumado-atropella-mortalmente-a-una-ciclista","status":"publish","type":"post","link":"https:\/\/miurltemporal.com/main/triatletasenred.sport.es\/actualidad\/un-conductor-fumado-atropella-mortalmente-a-una-ciclista\/","title":{"rendered":"Un conductor &#8220;fumado&#8221; atropella mortalmente a una ciclista"},"content":{"rendered":"<p><strong>Un conductor, que dio positivo en consumo deCannabis, arroll\u00f3 a la ciclista que perdi\u00f3 la vida en el acto<\/strong><\/p>\n<p><strong>\u00a0<\/strong>El siniestro ocurri\u00f3 en la ma\u00f1ana de ayer, cuando la victima, una \u00a0ciclista de 40 a\u00f1os entrenaba por la localidad de Canet d\u2019en Berenguer en la comunidad valenciana, recibi\u00f3 el impacto de un veh\u00edculo cuyo conductor dio positivo por consumo de cannabis.<\/p>\n<p>El accidente sucedi\u00f3 en la carretera CV-309, una v\u00eda habitual de paso de ciclistas durante el fin de semana sobre las 9am del pasado domingo.<\/p>\n<p>Hasta el lugar de los hechos se desplazaron los servicios sanitarios, que tras varias maniobras de reanimaci\u00f3n y estabilizaci\u00f3n tuvieron que, desgraciadamente, certificar el fallecimiento de la v\u00edctima.<\/p>\n<p>Desde Triatletas en Red queremos mandar nuestras condolencias a los familiares, amigos y compa\u00f1eros de grupeta. Y una vez m\u00e1s denunciar este tipo de actuaciones que, a la postre, siempre acabamos sufriendo los mismos.<\/p>\n","protected":false},"excerpt":{"rendered":"<p>Un conductor, que dio positivo en consumo deCannabis, arroll\u00f3 a la ciclista que perdi\u00f3 la vida en el acto \u00a0El siniestro ocurri\u00f3 en la ma\u00f1ana de ayer, cuando la victima, una \u00a0ciclista de 40 a\u00f1os entrenaba por la localidad de Canet d\u2019en Berenguer en la comunidad valenciana, recibi\u00f3 el impacto de un veh\u00edculo cuyo conductor [&hellip;]<\/p>\n","protected":false},"author":327,"featured_media":3158,"comment_status":"closed","ping_status":"closed","sticky":false,"template":"","format":"standard","meta":{"_acf_changed":false,"rank_math_lock_modified_date":false,"footnotes":""},"categories":[17],"tags":[10596],"class_list":{"0":"post-86058","1":"post","2":"type-post","3":"status-publish","4":"format-standard","5":"has-post-thumbnail","7":"category-actualidad","8":"tag-ciclista-atropellada-en-valencia"},"acf":[],"_links":{"self":[{"href":"https:\/\/miurltemporal.com/main/triatletasenred.sport.es\/wp-json\/wp\/v2\/posts\/86058"}],"collection":[{"href":"https:\/\/miurltemporal.com/main/triatletasenred.sport.es\/wp-json\/wp\/v2\/posts"}],"about":[{"href":"https:\/\/miurltemporal.com/main/triatletasenred.sport.es\/wp-json\/wp\/v2\/types\/post"}],"author":[{"embeddable":true,"href":"https:\/\/miurltemporal.com/main/triatletasenred.sport.es\/wp-json\/wp\/v2\/users\/327"}],"replies":[{"embeddable":true,"href":"https:\/\/miurltemporal.com/main/triatletasenred.sport.es\/wp-json\/wp\/v2\/comments?post=86058"}],"version-history":[{"count":1,"href":"https:\/\/miurltemporal.com/main/triatletasenred.sport.es\/wp-json\/wp\/v2\/posts\/86058\/revisions"}],"predecessor-version":[{"id":86059,"href":"https:\/\/miurltemporal.com/main/triatletasenred.sport.es\/wp-json\/wp\/v2\/posts\/86058\/revisions\/86059"}],"wp:featuredmedia":[{"embeddable":true,"href":"https:\/\/miurltemporal.com/main/triatletasenred.sport.es\/wp-json\/wp\/v2\/media\/3158"}],"wp:attachment":[{"href":"https:\/\/miurltemporal.com/main/triatletasenred.sport.es\/wp-json\/wp\/v2\/media?parent=86058"}],"wp:term":[{"taxonomy":"category","embeddable":true,"href":"https:\/\/miurltemporal.com/main/triatletasenred.sport.es\/wp-json\/wp\/v2\/categories?post=86058"},{"taxonomy":"post_tag","embeddable":true,"href":"https:\/\/miurltemporal.com/main/triatletasenred.sport.es\/wp-json\/wp\/v2\/tags?post=86058"}],"curies":[{"name":"wp","href":"https:\/\/api.w.org\/{rel}","templated":true}]}}