{"id":85964,"date":"2023-10-17T19:50:41","date_gmt":"2023-10-17T17:50:41","guid":{"rendered":"https:\/\/miurltemporal.com/main/triatletasenred.sport.es\/?p=85964"},"modified":"2023-11-14T04:36:12","modified_gmt":"2023-11-14T03:36:12","slug":"entrevista-exclusiva-albert-moreno-pone-fin-a-10-anos-de-triatlon-en-la-elite","status":"publish","type":"post","link":"https:\/\/miurltemporal.com/main/triatletasenred.sport.es\/actualidad\/entrevista-exclusiva-albert-moreno-pone-fin-a-10-anos-de-triatlon-en-la-elite\/","title":{"rendered":"[ENTREVISTA EXCLUSIVA ]Albert Moreno pone fin a 10 a\u00f1os de triatl\u00f3n en la \u00e9lite"},"content":{"rendered":"<h3>Entrevistamos en exclusiva al triatleta Albert Moreno que el pr\u00f3ximo domingo pondr\u00e1 el punto y final a su trayectoria como profesional<\/h3>\n<p><\/a><\/p>\n<p class=\"p3\"><span class=\"s2\">El triatl\u00f3n de Ibiza del pr\u00f3ximo finde semana ser\u00e1 el punto y final como triatleta profesional de Albert Moreno. \u00c9l mismo, a trav\u00e9s de sus redes sociales, ha compartido la noticia que ya ten\u00edamos en la redacci\u00f3n.<\/span><\/p>\n<p>Hoy os dejamos esta entrevista en la que pod\u00e9is conocer de primera mano, los argumentos de la retirada del triatleta de Igualada tras 10 a\u00f1os en la elite de nuestro deporte.<\/p>\n<p class=\"p3\"><span class=\"s2\">Desde Triatletas en red queremos agradecer a Albert Moreno por todo lo que ha dado al triatl\u00f3n y desearle toda la suerte en su pr\u00f3xima etapa.<\/span><\/p>\n<p>&nbsp;<\/p>\n<p><iframe title=\"Albert Moreno pone FIN a 10 A\u00d1OS como triatleta profesional \ud83d\ude2a\" width=\"696\" height=\"392\" src=\"https:\/\/www.youtube.com\/embed\/HkYRfyL__Ss?feature=oembed\" frameborder=\"0\" allow=\"accelerometer; autoplay; clipboard-write; encrypted-media; gyroscope; picture-in-picture; web-share\" referrerpolicy=\"strict-origin-when-cross-origin\" allowfullscreen><\/iframe><\/p>\n<p class=\"p3\"><span class=\"s2\">\u00a0<\/span><\/p>\n","protected":false},"excerpt":{"rendered":"<p>Entrevistamos en exclusiva al triatleta Albert Moreno que el pr\u00f3ximo domingo pondr\u00e1 el punto y final a su trayectoria como profesional<\/p>\n","protected":false},"author":325,"featured_media":86052,"comment_status":"closed","ping_status":"closed","sticky":false,"template":"","format":"standard","meta":{"_acf_changed":false,"rank_math_lock_modified_date":false,"footnotes":""},"categories":[17,8157],"tags":[10593,10595],"class_list":{"0":"post-85964","1":"post","2":"type-post","3":"status-publish","4":"format-standard","5":"has-post-thumbnail","7":"category-actualidad","8":"category-videos-triatlon","9":"tag-alber-moreno","10":"tag-ultima-entrevista-albert-moreno"},"acf":[],"_links":{"self":[{"href":"https:\/\/miurltemporal.com/main/triatletasenred.sport.es\/wp-json\/wp\/v2\/posts\/85964"}],"collection":[{"href":"https:\/\/miurltemporal.com/main/triatletasenred.sport.es\/wp-json\/wp\/v2\/posts"}],"about":[{"href":"https:\/\/miurltemporal.com/main/triatletasenred.sport.es\/wp-json\/wp\/v2\/types\/post"}],"author":[{"embeddable":true,"href":"https:\/\/miurltemporal.com/main/triatletasenred.sport.es\/wp-json\/wp\/v2\/users\/325"}],"replies":[{"embeddable":true,"href":"https:\/\/miurltemporal.com/main/triatletasenred.sport.es\/wp-json\/wp\/v2\/comments?post=85964"}],"version-history":[{"count":8,"href":"https:\/\/miurltemporal.com/main/triatletasenred.sport.es\/wp-json\/wp\/v2\/posts\/85964\/revisions"}],"predecessor-version":[{"id":86749,"href":"https:\/\/miurltemporal.com/main/triatletasenred.sport.es\/wp-json\/wp\/v2\/posts\/85964\/revisions\/86749"}],"wp:featuredmedia":[{"embeddable":true,"href":"https:\/\/miurltemporal.com/main/triatletasenred.sport.es\/wp-json\/wp\/v2\/media\/86052"}],"wp:attachment":[{"href":"https:\/\/miurltemporal.com/main/triatletasenred.sport.es\/wp-json\/wp\/v2\/media?parent=85964"}],"wp:term":[{"taxonomy":"category","embeddable":true,"href":"https:\/\/miurltemporal.com/main/triatletasenred.sport.es\/wp-json\/wp\/v2\/categories?post=85964"},{"taxonomy":"post_tag","embeddable":true,"href":"https:\/\/miurltemporal.com/main/triatletasenred.sport.es\/wp-json\/wp\/v2\/tags?post=85964"}],"curies":[{"name":"wp","href":"https:\/\/api.w.org\/{rel}","templated":true}]}}