{"id":85962,"date":"2023-10-16T15:55:28","date_gmt":"2023-10-16T13:55:28","guid":{"rendered":"https:\/\/miurltemporal.com/main/triatletasenred.sport.es\/?p=85962"},"modified":"2023-11-14T04:36:15","modified_gmt":"2023-11-14T03:36:15","slug":"mikel-ugarte-vuelve-a-escena","status":"publish","type":"post","link":"https:\/\/miurltemporal.com/main/triatletasenred.sport.es\/actualidad\/mikel-ugarte-vuelve-a-escena\/","title":{"rendered":"Mikel Ugarte vuelve a escena tras 7 meses en el dique seco"},"content":{"rendered":"<h3 class=\"p1\">Mikel Ugarte volver\u00e1 a la competici\u00f3n este mismo finde semana tras casi 5 meses fuera de las carreras<\/h3>\n<p><\/a><\/p>\n<p class=\"p3\"><span class=\"s2\">Buenas noticias las que no llegan desde tierras vascas y es que <strong>Mikel Ugarte<\/strong>, tras casi 5 meses fuera de las carreras, volver\u00e1 a ponerse un dorsal este pr\u00f3ximo finde semana en <strong>Challenge Vieux Bocau<\/strong> y tambi\u00e9n lo har\u00e1 dentro de un mes en el <strong>Ironman de Cozumel<\/strong><\/span><\/p>\n<p class=\"p3\"><span class=\"s2\">Un Mikel Ugarte que no ha estado teniendo suerte con las lesiones los \u00faltimos dos a\u00f1os y es que, en apenas \u00e9ste periodo, tan s\u00f3lo ha podido participar en dos carreras como fue el <strong>Trade 140.6 inn<\/strong> el a\u00f1o pasado donde logr\u00f3 un espectacular <strong>segundo puesto<\/strong> y en el <strong>Campeonato del Mundo de Larga Distancia en Ibiza<\/strong> este mismo a\u00f1o donde tuvo que <strong>abandonar por problemas f\u00edsicos<\/strong>.<\/span><\/p>\n<p class=\"p3\"><span class=\"s2\">A\u00fan as\u00ed, much\u00edsimo trabajo es el que ha habido detr\u00e1s para dejar a un lado las lesiones y el dolor y volver a estar listo para terminar el a\u00f1o como mejor sabe el corredor del ANB, que es compitiendo e intentando dar su mejor versi\u00f3n.<\/span><\/p>\n<p>&nbsp;<\/p>\n<p class=\"p3\"><span class=\"s2\">Desde Triatletas en red no podemos estar m\u00e1s contentos de compartir esta noticia y desear el mejor de los regresos a Mikel Ugarte. <\/span><\/p>\n<p class=\"p2\">\n","protected":false},"excerpt":{"rendered":"<p>Mikel Ugarte volver\u00e1 a la competici\u00f3n este mismo finde semana tras casi 5 meses fuera de las carreras<\/p>\n","protected":false},"author":325,"featured_media":81963,"comment_status":"closed","ping_status":"closed","sticky":false,"template":"","format":"standard","meta":{"_acf_changed":false,"rank_math_lock_modified_date":false,"footnotes":""},"categories":[17],"tags":[],"class_list":{"0":"post-85962","1":"post","2":"type-post","3":"status-publish","4":"format-standard","5":"has-post-thumbnail","7":"category-actualidad"},"acf":[],"_links":{"self":[{"href":"https:\/\/miurltemporal.com/main/triatletasenred.sport.es\/wp-json\/wp\/v2\/posts\/85962"}],"collection":[{"href":"https:\/\/miurltemporal.com/main/triatletasenred.sport.es\/wp-json\/wp\/v2\/posts"}],"about":[{"href":"https:\/\/miurltemporal.com/main/triatletasenred.sport.es\/wp-json\/wp\/v2\/types\/post"}],"author":[{"embeddable":true,"href":"https:\/\/miurltemporal.com/main/triatletasenred.sport.es\/wp-json\/wp\/v2\/users\/325"}],"replies":[{"embeddable":true,"href":"https:\/\/miurltemporal.com/main/triatletasenred.sport.es\/wp-json\/wp\/v2\/comments?post=85962"}],"version-history":[{"count":9,"href":"https:\/\/miurltemporal.com/main/triatletasenred.sport.es\/wp-json\/wp\/v2\/posts\/85962\/revisions"}],"predecessor-version":[{"id":86763,"href":"https:\/\/miurltemporal.com/main/triatletasenred.sport.es\/wp-json\/wp\/v2\/posts\/85962\/revisions\/86763"}],"wp:featuredmedia":[{"embeddable":true,"href":"https:\/\/miurltemporal.com/main/triatletasenred.sport.es\/wp-json\/wp\/v2\/media\/81963"}],"wp:attachment":[{"href":"https:\/\/miurltemporal.com/main/triatletasenred.sport.es\/wp-json\/wp\/v2\/media?parent=85962"}],"wp:term":[{"taxonomy":"category","embeddable":true,"href":"https:\/\/miurltemporal.com/main/triatletasenred.sport.es\/wp-json\/wp\/v2\/categories?post=85962"},{"taxonomy":"post_tag","embeddable":true,"href":"https:\/\/miurltemporal.com/main/triatletasenred.sport.es\/wp-json\/wp\/v2\/tags?post=85962"}],"curies":[{"name":"wp","href":"https:\/\/api.w.org\/{rel}","templated":true}]}}