{"id":85157,"date":"2023-09-15T14:29:09","date_gmt":"2023-09-15T12:29:09","guid":{"rendered":"https:\/\/miurltemporal.com/main/triatletasenred.sport.es\/?p=85157"},"modified":"2023-11-14T04:37:04","modified_gmt":"2023-11-14T03:37:04","slug":"roger-manya-ironman","status":"publish","type":"post","link":"https:\/\/miurltemporal.com/main/triatletasenred.sport.es\/actualidad\/roger-manya-ironman\/","title":{"rendered":"Roger Many\u00e0 se examina este fin de semana en su debut en el circuito IRONMAN"},"content":{"rendered":"<h3 class=\"p1\"><span class=\"s1\">Nuestro &#8220;becario&#8221; debuta este finde semana y nos cuenta c\u00f3mo ha ido la preparaci\u00f3n y lo que espera de su debut en Ironman Italia<\/span><\/h3>\n<p><\/a><\/p>\n<p class=\"p1\">Si ayer anunci\u00e1bamos la pr\u00f3xima experiencia internacional de Antonio Benito, hoy compartimos que Roger Many\u00e0, nuestro becario, hace su debut en el circuito IRONMAN este finde semana en tierras italianas y hemos querido hablar con \u00e9l para que nos cuente c\u00f3mo ha ido esa preparaci\u00f3n, la carrera que espera y, sobre todo, cu\u00e1l es su objetivo.<\/p>\n<h3 class=\"p1\">\u00bfPor qu\u00e9 Ironman Italia para tu debut en la franquicia?<\/h3>\n<hr \/>\n<p><span style=\"background-color: #ffffff\">Creo que Italia por calendario me ven\u00eda muy bien. Mi intenci\u00f3n era buscar un Ironman cerca de verano para poder entrenar bien y justo Italia era a la vuelta de verano y adem\u00e1s, justo 6 d\u00edas despu\u00e9s del Mundial, por lo que no habr\u00eda grandes nombres o primeras espadas en la startlist.<\/span><\/p>\n<p class=\"p3\"><span class=\"s2\">La primera parte de la temporada la iba a terminar con el TradeInn 140.6INN pero como me lesion\u00e9, he tenido tiempo para recuperar y descansar bien antes de meter el bloque exigente de cara a \u00e9ste Ironman. <\/span><\/p>\n<h3 class=\"p3\"><span class=\"s2\">\u00bfC\u00f3mo ha sido la preparaci\u00f3n para este asalto?<\/span><\/h3>\n<hr \/>\n<h3 class=\"p3\"><span style=\"color: #222222;font-family: Verdana, BlinkMacSystemFont, -apple-system, 'Segoe UI', Roboto, Oxygen, Ubuntu, Cantarell, 'Open Sans', 'Helvetica Neue', sans-serif;font-size: 15px\">La preparaci\u00f3n ha ido muy bien. Creo que llego en el mejor estado de forma posible y con unas sensaciones incre\u00edbles. No s\u00e9 si en cuanto a n\u00fameros estoy en el mejor momento pero s\u00ed que puedo decir que estas sensaciones que estoy teniendo no las he sentido nunca.<\/span><\/h3>\n<blockquote class=\"td_quote_box td_box_center\">\n<h3>Llego con unas sensaciones incre\u00edbles y muchas ganas de competir<\/h3>\n<\/blockquote>\n<p class=\"p3\"><span class=\"s2\">Adem\u00e1s, llego con muchas ganas de competir, con mucha motivaci\u00f3n y mentalmente fuerte para aguantar el sufrimiento que conlleva todo Ironman. <\/span><\/p>\n<h3 class=\"p3\"><span class=\"s2\">\u00bfC\u00f3mo crees que ser\u00e1 la din\u00e1mica de carrera?<\/span><\/h3>\n<hr \/>\n<p><span style=\"background-color: #ffffff\"><img fetchpriority=\"high\" decoding=\"async\" class=\"alignright size-medium wp-image-85160\" src=\"https:\/\/miurltemporal.com/main/triatletasenred.sport.es\/wp-content\/uploads\/roger-manya-triatleta-196x300.jpg\" alt=\"\" width=\"196\" height=\"300\" srcset=\"https:\/\/miurltemporal.com/main/triatletasenred.sport.es\/wp-content\/uploads\/roger-manya-triatleta-196x300.jpg 196w, https:\/\/miurltemporal.com/main/triatletasenred.sport.es\/wp-content\/uploads\/roger-manya-triatleta-667x1024.jpg 667w, https:\/\/miurltemporal.com/main/triatletasenred.sport.es\/wp-content\/uploads\/roger-manya-triatleta-768x1178.jpg 768w, https:\/\/miurltemporal.com/main/triatletasenred.sport.es\/wp-content\/uploads\/roger-manya-triatleta-1001x1536.jpg 1001w, https:\/\/miurltemporal.com/main/triatletasenred.sport.es\/wp-content\/uploads\/roger-manya-triatleta-696x1068.jpg 696w, https:\/\/miurltemporal.com/main/triatletasenred.sport.es\/wp-content\/uploads\/roger-manya-triatleta-1068x1639.jpg 1068w, https:\/\/miurltemporal.com/main/triatletasenred.sport.es\/wp-content\/uploads\/roger-manya-triatleta-274x420.jpg 274w, https:\/\/miurltemporal.com/main/triatletasenred.sport.es\/wp-content\/uploads\/roger-manya-triatleta.jpg 1138w\" sizes=\"(max-width: 196px) 100vw, 196px\" \/>A\u00fan no sabemos si la nataci\u00f3n ser\u00e1 con o sin neopreno y eso, en mi caso, puede influir ya que si finalmente es sin neopreno, me va a costar m\u00e1s estar delante.<\/span><\/p>\n<p class=\"p3\"><span class=\"s2\">Independientemente de eso, supongo que habr\u00e1 un primer grupo pero espero que \u00e9ste sea lo m\u00e1s reducido posible y si hay suerte y sale el trabajo realizado, quiero estar en ese segundo grupo perseguidor.<\/span><\/p>\n<p class=\"p3\"><span class=\"s2\">Una vez en la bici, al ser un circuito llano, va a ser muy dif\u00edcil si est\u00e1s metido en un grupo, saltar al grupo de delante. En un Ironman, y m\u00e1s en un circuito de bici as\u00ed donde ir con referencias ayuda mucho, poder estar metido en un grupo desde la salida de la T1 te ayuda mucho. As\u00ed que, la nataci\u00f3n va a ser muy importante para poder estar en carrera con gente y no en solitario.<\/span><\/p>\n<p class=\"p3\"><span class=\"s2\">Creo que en la bici no se abrir\u00e1n muchas diferencias ya que al ser un circuito llano, creo que es m\u00e1s complicado. As\u00ed que creo que la carrera se decidir\u00e1 en la carrera a pie y quien tenga una marat\u00f3n m\u00e1s r\u00e1pida en sus piernas se llevar\u00e1 la victoria.<\/span><\/p>\n<h3 class=\"p3\"><span class=\"s2\">\u00bfQu\u00e9 carrera te gustar\u00eda hacer?<\/span><\/h3>\n<hr \/>\n<h3 class=\"p3\"><span style=\"color: #222222;font-family: Verdana, BlinkMacSystemFont, -apple-system, 'Segoe UI', Roboto, Oxygen, Ubuntu, Cantarell, 'Open Sans', 'Helvetica Neue', sans-serif;font-size: 15px\">Como he dicho, creo que d\u00f3nde salga en la nataci\u00f3n va a marcar mucho. Espero salir con gente para estar metido en un grupo en la bici y tener referencias. A partir de ah\u00ed, tengo ganas de ver mi carrera a pie ya que tengo mucha confianza en la marat\u00f3n que puedo hacer y si no me pas\u00f3 en bici, creo que puedo bajar de 2h50.<\/span><\/h3>\n<p class=\"p3\"><span class=\"s2\">Resumiendo un poco, ojal\u00e1 pueda bajarme a T2 con posibilidades de terminar la carrera haciendo un Top10.<\/span><\/p>\n<p class=\"p3\"><span class=\"s2\">Para m\u00ed, \u00e9ste circuito, supone un reto porque las otras pruebas de LD que he hecho, el circuito de bici era completamente diferente con un desnivel alt\u00edsimo cosa que aqu\u00ed no hay. As\u00ed que veremos<\/span><\/p>\n<h3 class=\"p3\"><span class=\"s2\">\u00bfQuienes son los favoritos?<\/span><\/h3>\n<hr \/>\n<p class=\"p3\"><span class=\"s2\">David McNamee, Andreas Dreitz o Florian Angert son grandes nombres que estar\u00e1n en la pomada para llevarse la carrera<\/span><\/p>\n<h3 class=\"p3\"><span class=\"s2\">\u00bfSue\u00f1as con Kona?<\/span><\/h3>\n<hr \/>\n<p><span style=\"background-color: #ffffff\">Tan s\u00f3lo se reparte un slot en esta carrera de cara a Kona as\u00ed que es pr\u00e1cticamente imposible pero por supuesto, si se diese el caso, ser\u00eda un sue\u00f1o hecho realidad. A\u00fan as\u00ed, mi objetivo con este debut en la franquicia es evaluarme a mi mismo y tener una experiencia internacional.<\/span><\/p>\n<p><iframe title=\"Lionel Sanders EXPLOTA | Reaccionamos a su LLAMADA a la REFLEXI\u00d3N\" width=\"696\" height=\"392\" src=\"https:\/\/www.youtube.com\/embed\/W1KSk-A9nNA?feature=oembed\" frameborder=\"0\" allow=\"accelerometer; autoplay; clipboard-write; encrypted-media; gyroscope; picture-in-picture; web-share\" allowfullscreen><\/iframe><\/p>\n","protected":false},"excerpt":{"rendered":"<p>El becario debuta este finde semana y nos cuenta c\u00f3mo ha ido la preparaci\u00f3n y lo que espera de su debut en Ironman Italia<\/p>\n","protected":false},"author":325,"featured_media":85161,"comment_status":"closed","ping_status":"open","sticky":false,"template":"","format":"standard","meta":{"_acf_changed":false,"rank_math_lock_modified_date":false,"footnotes":""},"categories":[17],"tags":[3711,8106,10321],"class_list":{"0":"post-85157","1":"post","2":"type-post","3":"status-publish","4":"format-standard","5":"has-post-thumbnail","7":"category-actualidad","8":"tag-ironman-italia","9":"tag-roger-manya","10":"tag-roger-manya-triatleta"},"acf":[],"_links":{"self":[{"href":"https:\/\/miurltemporal.com/main/triatletasenred.sport.es\/wp-json\/wp\/v2\/posts\/85157"}],"collection":[{"href":"https:\/\/miurltemporal.com/main/triatletasenred.sport.es\/wp-json\/wp\/v2\/posts"}],"about":[{"href":"https:\/\/miurltemporal.com/main/triatletasenred.sport.es\/wp-json\/wp\/v2\/types\/post"}],"author":[{"embeddable":true,"href":"https:\/\/miurltemporal.com/main/triatletasenred.sport.es\/wp-json\/wp\/v2\/users\/325"}],"replies":[{"embeddable":true,"href":"https:\/\/miurltemporal.com/main/triatletasenred.sport.es\/wp-json\/wp\/v2\/comments?post=85157"}],"version-history":[{"count":5,"href":"https:\/\/miurltemporal.com/main/triatletasenred.sport.es\/wp-json\/wp\/v2\/posts\/85157\/revisions"}],"predecessor-version":[{"id":86878,"href":"https:\/\/miurltemporal.com/main/triatletasenred.sport.es\/wp-json\/wp\/v2\/posts\/85157\/revisions\/86878"}],"wp:featuredmedia":[{"embeddable":true,"href":"https:\/\/miurltemporal.com/main/triatletasenred.sport.es\/wp-json\/wp\/v2\/media\/85161"}],"wp:attachment":[{"href":"https:\/\/miurltemporal.com/main/triatletasenred.sport.es\/wp-json\/wp\/v2\/media?parent=85157"}],"wp:term":[{"taxonomy":"category","embeddable":true,"href":"https:\/\/miurltemporal.com/main/triatletasenred.sport.es\/wp-json\/wp\/v2\/categories?post=85157"},{"taxonomy":"post_tag","embeddable":true,"href":"https:\/\/miurltemporal.com/main/triatletasenred.sport.es\/wp-json\/wp\/v2\/tags?post=85157"}],"curies":[{"name":"wp","href":"https:\/\/api.w.org\/{rel}","templated":true}]}}