{"id":84775,"date":"2023-09-05T15:54:19","date_gmt":"2023-09-05T13:54:19","guid":{"rendered":"https:\/\/miurltemporal.com/main/triatletasenred.sport.es\/?p=84775"},"modified":"2023-11-14T04:36:40","modified_gmt":"2023-11-14T03:36:40","slug":"daniel-baekkegard-fuera-de-niza","status":"publish","type":"post","link":"https:\/\/miurltemporal.com/main/triatletasenred.sport.es\/actualidad\/daniel-baekkegard-fuera-de-niza\/","title":{"rendered":"Daniel Baekkegard fuera de Niza"},"content":{"rendered":"<h3 class=\"p1\">El dan\u00e9s, otro de los grandes nombres para este Mundial Ironman de Niza, se queda fuera a 4 d\u00edas de la carrera<\/h3>\n<p><\/a><\/p>\n<p class=\"p3\"><span class=\"s2\">Daniel Baekkegard no tomar\u00e1 la salida este domingo en el Campeonato del Mundo Ironman de Niza tal y como \u00e9l mismo lo acaba de anunciar en sus redes sociales:<\/span><\/p>\n<p class=\"p3\"><span class=\"s2\">\u201c<em>Desafortunadamente no podr\u00e9 comenzar el Campeonato del Mundo Ironman el domingo. He estado enfermo tras coger una infecci\u00f3n en Singapore y no he sido capaz de volver a entrenar con normalidad.<\/em><\/span><\/p>\n<p class=\"p3\"><em><span class=\"s2\">Es una mierda terminar la temporada de esta manera y quedarme sin poder correr en una gran carrera como es Niza. Tuve mariposas en el est\u00f3mago cuando estuve reconociendo el circuito junto a Canyon en junio.<\/span><\/em><\/p>\n<p class=\"p3\"><em><span class=\"s2\">Lamentablemente son cosas que ocurren. Espero con ganas que el domingo sea una carrera donde se den fuegos artificiales.<\/span><\/em><\/p>\n<p class=\"p3\"><em><span class=\"s2\">Espero poder competir esta temporada y no terminar as\u00ed la misma. <\/span><\/em><\/p>\n<p class=\"p3\"><span class=\"s2\"><em>Quiero agradecer a mis incre\u00edbles socios, a mi equipo y a todos vosotros por vuestro apoyo que ha sido incre\u00edble sentirlo<\/em>\u201d<\/span><\/p>\n<p class=\"p3\"><span class=\"s2\">Una pena la ausencia de un Daniel Baekkegard que ha estado poniendo todo su esfuerzo en este Mundial haciendo en junio el reconocimiento del segmento de bici junto a su marca Canyon y a Sam Laidlow y tambi\u00e9n, haciendo distintos test de material (maillot, casco y aerodin\u00e1mica) en el vel\u00f3dromo.<\/span><\/p>\n<p class=\"p3\"><span class=\"s2\">Desde la revista queremos mandarle todo nuestro apoyo<\/span><\/p>\n<div class=\"youtube-embed\" data-video_id=\"BVNczsqOaLA\"><iframe title=\"Triatl\u00f3n En Vena #301| Novedades 2024 y  Especial IRONMAN de Niza\" width=\"696\" height=\"392\" src=\"https:\/\/www.youtube.com\/embed\/BVNczsqOaLA?feature=oembed&#038;enablejsapi=1\" frameborder=\"0\" allow=\"accelerometer; autoplay; clipboard-write; encrypted-media; gyroscope; picture-in-picture; web-share\" allowfullscreen><\/iframe><\/div>\n<p>&nbsp;<\/p>\n","protected":false},"excerpt":{"rendered":"<p>El dan\u00e9s, otro de los grandes nombres para este Mundial Ironman de Niza, se queda fuera a 4 d\u00edas de la carrera<\/p>\n","protected":false},"author":325,"featured_media":80345,"comment_status":"closed","ping_status":"closed","sticky":false,"template":"","format":"standard","meta":{"_acf_changed":false,"rank_math_lock_modified_date":false,"footnotes":""},"categories":[17],"tags":[9625,10315],"class_list":{"0":"post-84775","1":"post","2":"type-post","3":"status-publish","4":"format-standard","5":"has-post-thumbnail","7":"category-actualidad","8":"tag-daniel-baekkegard","9":"tag-mundial-ironman-niza"},"acf":[],"_links":{"self":[{"href":"https:\/\/miurltemporal.com/main/triatletasenred.sport.es\/wp-json\/wp\/v2\/posts\/84775"}],"collection":[{"href":"https:\/\/miurltemporal.com/main/triatletasenred.sport.es\/wp-json\/wp\/v2\/posts"}],"about":[{"href":"https:\/\/miurltemporal.com/main/triatletasenred.sport.es\/wp-json\/wp\/v2\/types\/post"}],"author":[{"embeddable":true,"href":"https:\/\/miurltemporal.com/main/triatletasenred.sport.es\/wp-json\/wp\/v2\/users\/325"}],"replies":[{"embeddable":true,"href":"https:\/\/miurltemporal.com/main/triatletasenred.sport.es\/wp-json\/wp\/v2\/comments?post=84775"}],"version-history":[{"count":2,"href":"https:\/\/miurltemporal.com/main/triatletasenred.sport.es\/wp-json\/wp\/v2\/posts\/84775\/revisions"}],"predecessor-version":[{"id":86910,"href":"https:\/\/miurltemporal.com/main/triatletasenred.sport.es\/wp-json\/wp\/v2\/posts\/84775\/revisions\/86910"}],"wp:featuredmedia":[{"embeddable":true,"href":"https:\/\/miurltemporal.com/main/triatletasenred.sport.es\/wp-json\/wp\/v2\/media\/80345"}],"wp:attachment":[{"href":"https:\/\/miurltemporal.com/main/triatletasenred.sport.es\/wp-json\/wp\/v2\/media?parent=84775"}],"wp:term":[{"taxonomy":"category","embeddable":true,"href":"https:\/\/miurltemporal.com/main/triatletasenred.sport.es\/wp-json\/wp\/v2\/categories?post=84775"},{"taxonomy":"post_tag","embeddable":true,"href":"https:\/\/miurltemporal.com/main/triatletasenred.sport.es\/wp-json\/wp\/v2\/tags?post=84775"}],"curies":[{"name":"wp","href":"https:\/\/api.w.org\/{rel}","templated":true}]}}