{"id":84771,"date":"2023-09-05T09:32:47","date_gmt":"2023-09-05T07:32:47","guid":{"rendered":"https:\/\/miurltemporal.com/main/triatletasenred.sport.es\/?p=84771"},"modified":"2023-11-14T04:36:41","modified_gmt":"2023-11-14T03:36:41","slug":"paratriarmadaenctodelmundopontevedra","status":"publish","type":"post","link":"https:\/\/miurltemporal.com/main/triatletasenred.sport.es\/actualidad\/paratriarmadaenctodelmundopontevedra\/","title":{"rendered":"La Paratriarmada est\u00e1 lista para el Campeonato del Mundo de Paratriatl\u00f3n en Pontevedra"},"content":{"rendered":"<h3><strong>La Federaci\u00f3n Espa\u00f1ola de Triatl\u00f3n ha presentado al equipo de paratriatl\u00f3n m\u00e1s numeroso de la historia de cara al Mundial de Pontevedra, siendo adem\u00e1s, una de las m\u00e1s numerosas del mundo.<\/strong><\/h3>\n<p><a href=\"https:\/\/nutrisport.es\/geles\/37-energy-gel-taurina.html?utm_source=Triatletas+en+red&amp;utm_medium=Banner+revista+digital&amp;utm_campaign=Revista%3A+Triatletas+en+red\" rel=\"nofollow noopener\" target=\"_blank\"><img fetchpriority=\"high\" decoding=\"async\" class=\"aligncenter size-full wp-image-80108\" src=\"https:\/\/miurltemporal.com/main/triatletasenred.sport.es\/wp-content\/uploads\/banner-geles.gif\" alt=\"\" width=\"750\" height=\"100\" \/><\/a><\/p>\n<p>El equipo de triatl\u00f3n paral\u00edmpico de Espa\u00f1a se prepara para hacer historia en el pr\u00f3ximo Campeonato del Mundo que se llevar\u00e1 a cabo en Pontevedra el pr\u00f3ximo 23 de septiembre y la Federaci\u00f3n Espa\u00f1ola de Triatl\u00f3n acaba de anunciar la lista m\u00e1s extensa de paratriatletas convocados de la historia del pa\u00eds, con un total de 16 deportistas clasificados en los rankings internacionales, convirti\u00e9ndose en una de las selecciones m\u00e1s numerosas a nivel global.<\/p>\n<p>Este logro es un testimonio del compromiso y la dedicaci\u00f3n del equipo paral\u00edmpico espa\u00f1ol, que ha experimentado un importante crecimiento desde su participaci\u00f3n en los Juegos Paral\u00edmpicos de R\u00edo 2016, donde Jairo Ruiz se alz\u00f3 con la medalla de bronce. En Tokio 2020, el equipo espa\u00f1ol cosech\u00f3 un oro, una plata y dos bronces de la mano de Susana Rodr\u00edguez, H\u00e9ctor Catal\u00e1, Eva Moral y Alex S\u00e1nchez, demostrando as\u00ed su capacidad para competir a nivel mundial. Adem\u00e1s, la Paratriarmada ha logrado numerosas medallas en Campeonatos del Mundo y de Europa en todas sus clases, destacando en Series Mundiales y Copas del Mundo.<\/p>\n<p>La selecci\u00f3n espa\u00f1ola para el Campeonato del Mundo de Pontevedra incluye a los siguientes deportistas:<\/p>\n<ul>\n<li>Susana Rodr\u00edguez PTVI<\/li>\n<li>Cristina Miranda PTS5<\/li>\n<li>Andrea Miguelez PTS5<\/li>\n<li>Marta Franc\u00e9s PTS4<\/li>\n<li>Carmen Gonz\u00e1lez PTS4<\/li>\n<li>Rakel Mateo PTS2<\/li>\n<li>Eva Moral PTWC<\/li>\n<li>H\u00e9ctor Catal\u00e1 PTV<\/li>\n<li>Jos\u00e9 Luis Garc\u00eda PTVI<\/li>\n<li>Jairo Ruiz PTS5<\/li>\n<li>Alejando Sanchez PTS4<\/li>\n<li>Nil Riudavets PTS4<\/li>\n<li>Dani Molina PTS3<\/li>\n<li>Kini Carrasco PTS3<\/li>\n<li>Lionel Morales PTS2<\/li>\n<li>Jos\u00e9 Crist\u00f3bal PTWC<\/li>\n<\/ul>\n<p>Samuel Garc\u00eda, responsable de Triatl\u00f3n Paral\u00edmpico de FETRI, expres\u00f3: &#8220;Para nosotros es un orgullo presentar una lista as\u00ed porque significa que seguimos trabajando bien, en la linea que lo que pudimos conseguir en Tokio. Tenemos la ambici\u00f3n de mejorar nuestro nivel en Par\u00eds y para ello tenemos que hacer un gran Mundial en Pontevedra. Estoy seguro que con la selecci\u00f3n que presentamos ser\u00e1 as\u00ed. Muchos de nuestros internacionales pelear\u00e1n por conseguir medallas y los que no seguro que tambi\u00e9n har\u00e1n un gran papel sumando puntos e ir consiguiendo la clasificaci\u00f3n para los Juegos\u201d.<\/p>\n<p>Adem\u00e1s, la inclusi\u00f3n de 5 miembros del Equipo CaixaBank de Promesas Paral\u00edmpicas en la convocatoria refleja el \u00e9xito de este programa. Andrea Miguelez, Cristina Miranda, Carmen Gonz\u00e1lez, Nil Riudavets y Jos\u00e9 Crist\u00f3bal Ramos, todos debutantes en un Mundial, aportar\u00e1n su energ\u00eda y talento a la delegaci\u00f3n espa\u00f1ola.<\/p>\n<p>Los paratriatletas espa\u00f1oles llegan a Pontevedra con grandes ambiciones y posibilidades de \u00a0cosechar resultados destacados en la lucha hacia los Juegos Paral\u00edmpicos de Par\u00eds 2024. La prueba en Pontevedra ser\u00e1 crucial para sumar puntos en el Ranking Mundial y enfrentar el pr\u00f3ximo &#8220;Test Event&#8221; que se llevar\u00e1 a cabo en M\u00e1laga en octubre.<\/p>\n<div class=\"youtube-embed\" data-video_id=\"W1KSk-A9nNA\"><iframe title=\"Lionel Sanders EXPLOTA | Reaccionamos a su LLAMADA a la REFLEXI\u00d3N\" width=\"696\" height=\"392\" src=\"https:\/\/www.youtube.com\/embed\/W1KSk-A9nNA?start=2&#038;feature=oembed\" frameborder=\"0\" allow=\"accelerometer; autoplay; clipboard-write; encrypted-media; gyroscope; picture-in-picture; web-share\" allowfullscreen><\/iframe><\/div>\n","protected":false},"excerpt":{"rendered":"<p>La FETRI ha presentado al equipo de paratriatl\u00f3n m\u00e1s numeroso de la historia de cara al Mundial de Pontevedra, siendo una de las m\u00e1s numerosas del mundo.<\/p>\n","protected":false},"author":322,"featured_media":84772,"comment_status":"closed","ping_status":"closed","sticky":false,"template":"","format":"standard","meta":{"_acf_changed":false,"rank_math_lock_modified_date":false,"footnotes":""},"categories":[17,19,1191],"tags":[],"class_list":{"0":"post-84771","1":"post","2":"type-post","3":"status-publish","4":"format-standard","5":"has-post-thumbnail","7":"category-actualidad","8":"category-competiciones","9":"category-triatlon"},"acf":[],"_links":{"self":[{"href":"https:\/\/miurltemporal.com/main/triatletasenred.sport.es\/wp-json\/wp\/v2\/posts\/84771"}],"collection":[{"href":"https:\/\/miurltemporal.com/main/triatletasenred.sport.es\/wp-json\/wp\/v2\/posts"}],"about":[{"href":"https:\/\/miurltemporal.com/main/triatletasenred.sport.es\/wp-json\/wp\/v2\/types\/post"}],"author":[{"embeddable":true,"href":"https:\/\/miurltemporal.com/main/triatletasenred.sport.es\/wp-json\/wp\/v2\/users\/322"}],"replies":[{"embeddable":true,"href":"https:\/\/miurltemporal.com/main/triatletasenred.sport.es\/wp-json\/wp\/v2\/comments?post=84771"}],"version-history":[{"count":3,"href":"https:\/\/miurltemporal.com/main/triatletasenred.sport.es\/wp-json\/wp\/v2\/posts\/84771\/revisions"}],"predecessor-version":[{"id":86912,"href":"https:\/\/miurltemporal.com/main/triatletasenred.sport.es\/wp-json\/wp\/v2\/posts\/84771\/revisions\/86912"}],"wp:featuredmedia":[{"embeddable":true,"href":"https:\/\/miurltemporal.com/main/triatletasenred.sport.es\/wp-json\/wp\/v2\/media\/84772"}],"wp:attachment":[{"href":"https:\/\/miurltemporal.com/main/triatletasenred.sport.es\/wp-json\/wp\/v2\/media?parent=84771"}],"wp:term":[{"taxonomy":"category","embeddable":true,"href":"https:\/\/miurltemporal.com/main/triatletasenred.sport.es\/wp-json\/wp\/v2\/categories?post=84771"},{"taxonomy":"post_tag","embeddable":true,"href":"https:\/\/miurltemporal.com/main/triatletasenred.sport.es\/wp-json\/wp\/v2\/tags?post=84771"}],"curies":[{"name":"wp","href":"https:\/\/api.w.org\/{rel}","templated":true}]}}