{"id":84681,"date":"2023-08-29T09:58:12","date_gmt":"2023-08-29T07:58:12","guid":{"rendered":"https:\/\/miurltemporal.com/main/triatletasenred.sport.es\/?p=84681"},"modified":"2023-11-14T04:37:01","modified_gmt":"2023-11-14T03:37:01","slug":"naturalezaydeportetriatlonformentera","status":"publish","type":"post","link":"https:\/\/miurltemporal.com/main/triatletasenred.sport.es\/actualidad\/naturalezaydeportetriatlonformentera\/","title":{"rendered":"Triatl\u00f3 illa de Formentera: la uni\u00f3n entre naturaleza y deporte"},"content":{"rendered":"<h3><strong>Descubre la experiencia de vivir naturaleza y deporte este pr\u00f3ximo 30 de septiembre con el Triatl\u00f3 Illa de Formentera y su id\u00edlico entorno.<\/strong><\/h3>\n<p><a href=\"https:\/\/nutrisport.es\/geles\/37-energy-gel-taurina.html?utm_source=Triatletas+en+red&amp;utm_medium=Banner+revista+digital&amp;utm_campaign=Revista%3A+Triatletas+en+red\" rel=\"nofollow noopener\" target=\"_blank\"><img fetchpriority=\"high\" decoding=\"async\" class=\"aligncenter size-full wp-image-80108\" src=\"https:\/\/miurltemporal.com/main/triatletasenred.sport.es\/wp-content\/uploads\/banner-geles.gif\" alt=\"\" width=\"750\" height=\"100\" \/><\/a><\/p>\n<p>Formentera, un para\u00edso de aguas cristalinas y playas impresionantes, se encuentra en plena cuenta atr\u00e1s para recibir la d\u00e9cima edici\u00f3n del Triatl\u00f3 Illa de Formentera, programado para el 30 de septiembre. En este art\u00edculo, te invitamos a sumergirte en la vibrante energ\u00eda del triatl\u00f3n en esta isla \u00fanica, mientras exploramos las maravillas que ofrece en t\u00e9rminos de turismo y naturaleza.<\/p>\n<p>El Triatl\u00f3 Illa de Formentera ha traspasado las fronteras nacionales, atrayendo a triatletas de toda Espa\u00f1a y m\u00e1s all\u00e1. Con su oto\u00f1al fecha, la prueba ofrece condiciones clim\u00e1ticas ideales para desarrollar en buenas condiciones el evento. Formentera, conocida por sus playas de ensue\u00f1o y aguas claras como el cristal, se convertir\u00e1 ese fin de semana en un escenario id\u00edlico para los y las amantes del triatl\u00f3n.<\/p>\n<p>En su d\u00e9cima edici\u00f3n, esta emblem\u00e1tica competici\u00f3n se llevar\u00e1 a cabo en la pintoresca localidad de Es Pujols. El evento, que ofrece las modalidades Sprint y Ol\u00edmpico, se suma nuevamente al calendario como el Campeonato de Baleares de Triatl\u00f3n Ol\u00edmpico, brindando un aura competitiva excepcional. La Pla\u00e7a d\u2019Europa en Es Pujols ser\u00e1 el epicentro de la acci\u00f3n, acogiendo tanto la salida como la llegada, con boxes estrat\u00e9gicamente ubicados que atraer\u00e1n la atenci\u00f3n del p\u00fablico.<\/p>\n<p>Las distancias var\u00edan seg\u00fan la modalidad. En la Sprint, los triatletas se enfrentar\u00e1n a 750 metros de nataci\u00f3n, 20 kil\u00f3metros de ciclismo y 5 kil\u00f3metros de carrera a pie. En la distancia Ol\u00edmpica, el desaf\u00edo consistir\u00e1 en 1.500 metros de nataci\u00f3n, 40 kil\u00f3metros de ciclismo y 10 kil\u00f3metros de carrera.<\/p>\n<p>Adem\u00e1s, la organizaci\u00f3n, con el fin de facilitar los traslados a los participantes, ha contado con el apoyo de Trasmapi, patrocinador oficial, que brinda un 50% de descuento en el ferry Fast Ferry Ibiza \u2013 Formentera \u2013 Ibiza para los participantes y acompa\u00f1antes, junto con otros beneficios en transporte. La colaboraci\u00f3n con Trasmed, que conecta Barcelona y Valencia con Ibiza, ofrece un descuento especial del 30% en los pasajes.<\/p>\n<p>La competici\u00f3n es respaldada por el Consell de Formentera y el Govern balear, a trav\u00e9s de la Agencia de Estrategia Tur\u00edstica (AETIB). Adem\u00e1s, la financiaci\u00f3n proviene de la Uni\u00f3n Europea Next Generation EU, el Ministerio de Industria, Comercio y Turismo, y el Plan de Recuperaci\u00f3n, Transformaci\u00f3n y Resiliencia.<\/p>\n<p>El Triatl\u00f3 Illa de Formentera no solo es una competici\u00f3n, sino una experiencia que fusiona deporte y naturaleza en una simbiosis perfecta. Sum\u00e9rgete en esta celebraci\u00f3n del triatl\u00f3n y descubre los encantos que Formentera te brinda. En cada brazada, pedalada y zancada, experimentar\u00e1s la esencia inigualable de este para\u00edso insular.<\/p>\n<p><span class=\"td_btn td_btn_lg td_outlined_btn\"><a href=\"https:\/\/unisportconsulting.com\/triatlonformentera\/\" rel=\"nofollow noopener\" target=\"_blank\">WEB E INSCRIPCIONES.<\/a><\/span><\/p>\n<div class=\"youtube-embed\" data-video_id=\"cPkgTMYzRQ4\"><iframe title=\"Charlamos con NOELIA JUAN | Ejemplo de una nueva GENERACI\u00d3N de triatletas\" width=\"696\" height=\"392\" src=\"https:\/\/www.youtube.com\/embed\/cPkgTMYzRQ4?start=126&#038;feature=oembed\" frameborder=\"0\" allow=\"accelerometer; autoplay; clipboard-write; encrypted-media; gyroscope; picture-in-picture; web-share\" allowfullscreen><\/iframe><\/div>\n","protected":false},"excerpt":{"rendered":"<p>Descubre la experiencia de vivir naturaleza y deporte este pr\u00f3ximo 30 de septiembre con el Triatl\u00f3 Illa de Formentera y su id\u00edlico entorno.<\/p>\n","protected":false},"author":322,"featured_media":84682,"comment_status":"closed","ping_status":"closed","sticky":false,"template":"","format":"standard","meta":{"_acf_changed":false,"rank_math_lock_modified_date":false,"footnotes":""},"categories":[17,19,1191],"tags":[],"class_list":{"0":"post-84681","1":"post","2":"type-post","3":"status-publish","4":"format-standard","5":"has-post-thumbnail","7":"category-actualidad","8":"category-competiciones","9":"category-triatlon"},"acf":[],"_links":{"self":[{"href":"https:\/\/miurltemporal.com/main/triatletasenred.sport.es\/wp-json\/wp\/v2\/posts\/84681"}],"collection":[{"href":"https:\/\/miurltemporal.com/main/triatletasenred.sport.es\/wp-json\/wp\/v2\/posts"}],"about":[{"href":"https:\/\/miurltemporal.com/main/triatletasenred.sport.es\/wp-json\/wp\/v2\/types\/post"}],"author":[{"embeddable":true,"href":"https:\/\/miurltemporal.com/main/triatletasenred.sport.es\/wp-json\/wp\/v2\/users\/322"}],"replies":[{"embeddable":true,"href":"https:\/\/miurltemporal.com/main/triatletasenred.sport.es\/wp-json\/wp\/v2\/comments?post=84681"}],"version-history":[{"count":2,"href":"https:\/\/miurltemporal.com/main/triatletasenred.sport.es\/wp-json\/wp\/v2\/posts\/84681\/revisions"}],"predecessor-version":[{"id":86933,"href":"https:\/\/miurltemporal.com/main/triatletasenred.sport.es\/wp-json\/wp\/v2\/posts\/84681\/revisions\/86933"}],"wp:featuredmedia":[{"embeddable":true,"href":"https:\/\/miurltemporal.com/main/triatletasenred.sport.es\/wp-json\/wp\/v2\/media\/84682"}],"wp:attachment":[{"href":"https:\/\/miurltemporal.com/main/triatletasenred.sport.es\/wp-json\/wp\/v2\/media?parent=84681"}],"wp:term":[{"taxonomy":"category","embeddable":true,"href":"https:\/\/miurltemporal.com/main/triatletasenred.sport.es\/wp-json\/wp\/v2\/categories?post=84681"},{"taxonomy":"post_tag","embeddable":true,"href":"https:\/\/miurltemporal.com/main/triatletasenred.sport.es\/wp-json\/wp\/v2\/tags?post=84681"}],"curies":[{"name":"wp","href":"https:\/\/api.w.org\/{rel}","templated":true}]}}