{"id":84564,"date":"2023-08-24T12:31:13","date_gmt":"2023-08-24T10:31:13","guid":{"rendered":"https:\/\/miurltemporal.com/main/triatletasenred.sport.es\/?p=84564"},"modified":"2023-11-14T04:35:08","modified_gmt":"2023-11-14T03:35:08","slug":"triatlon-fromista-otro-ano-con-un-cartel-de-primer-nivel","status":"publish","type":"post","link":"https:\/\/miurltemporal.com/main/triatletasenred.sport.es\/actualidad\/triatlon-fromista-otro-ano-con-un-cartel-de-primer-nivel\/","title":{"rendered":"Triatl\u00f3n Fr\u00f3mista: Otro a\u00f1o con un cartel de primer nivel"},"content":{"rendered":"<h3>Otro a\u00f1o de nuevo, el Triatl\u00f3n Fr\u00f3mista volver\u00e1 a tener una startlist de primer nivel a pesar de la baja de \u00faltima hora de Gurutze Frades<\/h3>\n<p><a href=\"http:\/\/www.zone3.es\" rel=\"nofollow noopener\" target=\"_blank\"><img fetchpriority=\"high\" decoding=\"async\" src=\"https:\/\/miurltemporal.com/main/triatletasenred.sport.es\/wp-content\/uploads\/banner-zone3_ter-1024x219.jpg\" class=\"alignleft size-large wp-image-83185\" width=\"696\" height=\"149\" alt=\"\" srcset=\"https:\/\/miurltemporal.com/main/triatletasenred.sport.es\/wp-content\/uploads\/banner-zone3_ter-1024x219.jpg 1024w, https:\/\/miurltemporal.com/main/triatletasenred.sport.es\/wp-content\/uploads\/banner-zone3_ter-700x150.jpg 700w, https:\/\/miurltemporal.com/main/triatletasenred.sport.es\/wp-content\/uploads\/banner-zone3_ter-300x64.jpg 300w, https:\/\/miurltemporal.com/main/triatletasenred.sport.es\/wp-content\/uploads\/banner-zone3_ter-768x165.jpg 768w, https:\/\/miurltemporal.com/main/triatletasenred.sport.es\/wp-content\/uploads\/banner-zone3_ter-1536x329.jpg 1536w, https:\/\/miurltemporal.com/main/triatletasenred.sport.es\/wp-content\/uploads\/banner-zone3_ter-2048x439.jpg 2048w, https:\/\/miurltemporal.com/main/triatletasenred.sport.es\/wp-content\/uploads\/banner-zone3_ter-696x149.jpg 696w, https:\/\/miurltemporal.com/main/triatletasenred.sport.es\/wp-content\/uploads\/banner-zone3_ter-1068x229.jpg 1068w, https:\/\/miurltemporal.com/main/triatletasenred.sport.es\/wp-content\/uploads\/banner-zone3_ter-1920x412.jpg 1920w, https:\/\/miurltemporal.com/main/triatletasenred.sport.es\/wp-content\/uploads\/banner-zone3_ter-1959x420.jpg 1959w, https:\/\/miurltemporal.com/main/triatletasenred.sport.es\/wp-content\/uploads\/banner-zone3_ter-1320x283.jpg 1320w\" sizes=\"(max-width: 696px) 100vw, 696px\" \/><\/a><\/p>\n<h3><\/h3>\n<h3><\/h3>\n<h3><\/h3>\n<h3><\/h3>\n<h3>RECORRIDO : \u00bfA qu\u00e9 se enfrentan?<\/h3>\n<hr>\n<p><strong>Nataci\u00f3n:<\/strong><\/p>\n<p>La nataci\u00f3n tendr\u00e1 lugar en el Canal de Castilla a una sola vuelta de 1.900 metros y cabe esperar que sea una nataci\u00f3n muy r\u00e1pida como todos los a\u00f1os ya que se suele nadar con corriente a favor<\/p>\n<p><strong>Ciclismo<\/strong>:<\/p>\n<p>El sector ciclista ser\u00e1 a 3 vueltas para completar los 90km del total de un circuito pr\u00e1cticamente llano, apenas 230m de desnivel, con un asfalto en perfectas condiciones y un trafico totalmente cerrado.<\/p>\n<p><strong>Carrera a pie<\/strong><\/p>\n<p>Por \u00faltimo, la carrera a pie, de 21km, ser\u00e1 a 6 vueltas por el casco urbano en un circuito bastante exigente debido a un gran repecho que tiene en cada vuelta.<\/p>\n<h3>FAVORITOS \u00bfD\u00f3nde podr\u00eda estar la batalla?<\/h3>\n<hr>\n<p>C\u00f3mo todos los a\u00f1os, el triatl\u00f3n de Fr\u00f3mista suele tener un cartel de m\u00e1ximo nivel. Es una carrera donde han visto correr a Gurutze Frades, Helene Alberdi, Cristina De la Torre, Pello Osoro, Roger Manya, Mikel Ugarte o V\u00edctor Arroyo entre muchos otros.<\/p>\n<p>Pues bien, este a\u00f1o, Fr\u00f3mista volver\u00e1 a acoger una startlist de aut\u00e9ntico lujo<\/p>\n<p><strong>Categor\u00eda Masculina<\/strong><\/p>\n<p>En categor\u00eda masculina contaremos con la presencia de<strong> Pello Osoro<\/strong>, ganador el a\u00f1o pasado, nuestro becario <strong>Roger Manya<\/strong>, subcampe\u00f3n en 2022, <strong>Emilio Aguayo<\/strong>, Campe\u00f3n de Espa\u00f1a de LD, <strong>y V\u00edctor Arroyo<\/strong>, SubCampe\u00f3n de Espa\u00f1a de LD son baja pero quedam otros grandes como <strong>Guillem Montiel<\/strong> , <strong>Alejandro Torres, Mikel M\u00fagica, Ander Noain o Diego M\u00e9ntrida<\/strong><\/p>\n<p><strong>Categor\u00eda Femenina<\/strong><\/p>\n<p>En categor\u00eda femenina finalmente no contamos con la presencia de <strong>Gurutze Frades<\/strong>, vencedora el a\u00f1o pasado, que hoy mismo ha anunciado que no ser\u00e1 de la partida. A\u00fan as\u00ed, contaremos con <strong>Helene Alberdi<\/strong>, subcampeona en 2022 y <strong>Marta Sanchez<\/strong>, Campeona de Espa\u00f1a de MD y que lleva un a\u00f1o absolutamente incre\u00edble entre otras.<\/p>\n<h3>HORARIO<\/h3>\n<hr>\n<p>La carrera dar\u00e1 comienzo a las 12:30 con la salida femenina y 10 minutos despu\u00e9s, a las 12:40, tendr\u00e1 lugar la salida masculina.<\/p>\n<div class=\"youtube-embed\" data-video_id=\"8P5kOmIH0_4\"><iframe title=\"A fondo con el ULTRAMAN | \u00bfLocura o aventura?\" width=\"696\" height=\"392\" src=\"https:\/\/www.youtube.com\/embed\/8P5kOmIH0_4?start=6&#038;feature=oembed\" frameborder=\"0\" allow=\"accelerometer; autoplay; clipboard-write; encrypted-media; gyroscope; picture-in-picture; web-share\" allowfullscreen><\/iframe><\/div>\n","protected":false},"excerpt":{"rendered":"<p>Otro a\u00f1o de nuevo, el Triatl\u00f3n Fr\u00f3mista volver\u00e1 a tener una startlist de primer nivel a pesar de la baja de \u00faltima hora de Gurutze Frades<\/p>\n","protected":false},"author":325,"featured_media":81910,"comment_status":"closed","ping_status":"closed","sticky":false,"template":"","format":"standard","meta":{"_acf_changed":false,"rank_math_lock_modified_date":false,"footnotes":""},"categories":[17],"tags":[8833],"class_list":{"0":"post-84564","1":"post","2":"type-post","3":"status-publish","4":"format-standard","5":"has-post-thumbnail","7":"category-actualidad","8":"tag-triatlon-fromista"},"acf":[],"_links":{"self":[{"href":"https:\/\/miurltemporal.com/main/triatletasenred.sport.es\/wp-json\/wp\/v2\/posts\/84564"}],"collection":[{"href":"https:\/\/miurltemporal.com/main/triatletasenred.sport.es\/wp-json\/wp\/v2\/posts"}],"about":[{"href":"https:\/\/miurltemporal.com/main/triatletasenred.sport.es\/wp-json\/wp\/v2\/types\/post"}],"author":[{"embeddable":true,"href":"https:\/\/miurltemporal.com/main/triatletasenred.sport.es\/wp-json\/wp\/v2\/users\/325"}],"replies":[{"embeddable":true,"href":"https:\/\/miurltemporal.com/main/triatletasenred.sport.es\/wp-json\/wp\/v2\/comments?post=84564"}],"version-history":[{"count":8,"href":"https:\/\/miurltemporal.com/main/triatletasenred.sport.es\/wp-json\/wp\/v2\/posts\/84564\/revisions"}],"predecessor-version":[{"id":86955,"href":"https:\/\/miurltemporal.com/main/triatletasenred.sport.es\/wp-json\/wp\/v2\/posts\/84564\/revisions\/86955"}],"wp:featuredmedia":[{"embeddable":true,"href":"https:\/\/miurltemporal.com/main/triatletasenred.sport.es\/wp-json\/wp\/v2\/media\/81910"}],"wp:attachment":[{"href":"https:\/\/miurltemporal.com/main/triatletasenred.sport.es\/wp-json\/wp\/v2\/media?parent=84564"}],"wp:term":[{"taxonomy":"category","embeddable":true,"href":"https:\/\/miurltemporal.com/main/triatletasenred.sport.es\/wp-json\/wp\/v2\/categories?post=84564"},{"taxonomy":"post_tag","embeddable":true,"href":"https:\/\/miurltemporal.com/main/triatletasenred.sport.es\/wp-json\/wp\/v2\/tags?post=84564"}],"curies":[{"name":"wp","href":"https:\/\/api.w.org\/{rel}","templated":true}]}}