{"id":84443,"date":"2023-08-18T10:58:28","date_gmt":"2023-08-18T08:58:28","guid":{"rendered":"https:\/\/miurltemporal.com/main/triatletasenred.sport.es\/?p=84443"},"modified":"2023-11-14T04:35:27","modified_gmt":"2023-11-14T03:35:27","slug":"dossemanasgranfondolafalla","status":"publish","type":"post","link":"https:\/\/miurltemporal.com/main/triatletasenred.sport.es\/actualidad\/dossemanasgranfondolafalla\/","title":{"rendered":"Gran Fondo La Falla: dos semanas para el desaf\u00edo en el Pirineo Catal\u00e1n"},"content":{"rendered":"<h3><strong>El 31 de agosto cierran las inscripciones para la cicloturista Gran Fondo La Falla en pleno coraz\u00f3n del Pirineo Catal\u00e1n con dos distancias disponibles.<\/strong><\/h3>\n<p><a href=\"https:\/\/www.canyon.com\/es-es\/road-bikes\/triathlon-bikes\/speedmax\/cf\/?utm_medium=special-interest-online&#038;utm_source=triatletasenred&#038;utm_campaign=c0620-bike_push_speedmaxcf\" rel=\"nofollow noopener\" target=\"_blank\"><img fetchpriority=\"high\" decoding=\"async\" src=\"https:\/\/miurltemporal.com/main/triatletasenred.sport.es\/wp-content\/uploads\/Banner_canyon_ES_700x150px.gif\" class=\"alignleft size-full wp-image-78469\" alt=\"\" width=\"700\" height=\"150\"><\/a><\/p>\n<p>&nbsp;<\/p>\n<p>&nbsp;<\/p>\n<p>&nbsp;<\/p>\n<p>La cuenta atr\u00e1s est\u00e1 en marcha y las expectativas siguen creciendo para este evento que promete ser una experiencia inolvidable sobre dos ruedas. La Gran Fondo La Falla ofrece a los participantes la elecci\u00f3n entre dos distancias, permitiendo que ciclistas de diferentes niveles de condici\u00f3n f\u00edsica y preferencias encuentren su reto perfecto este pr\u00f3ximo 2 de septiembre.<\/p>\n<p>La modalidad reina es la Gran Fondo, una aut\u00e9ntica prueba de resistencia que cuenta con 135 km de recorrido y un desafiante desnivel positivo de 2.800 m. Si elijes esta distancia te enfrentar\u00e1n a puertos de monta\u00f1a emblem\u00e1ticos como el Port de Viu y la subida a la Estaci\u00f3n de esqu\u00ed Boi-Ta\u00fcll, donde pondr\u00e1s a prueba las piernas. Eso si, ser\u00e1s recompensado con vistas panor\u00e1micas del majestuoso Pirineo Catal\u00e1n, recorriendo carreteras que atraviesan la pintoresca Comarca de la Ribagor\u00e7a. Lugares emblem\u00e1ticos como Vilaller, El Pont de Suert y el Vall de Boi, hogar de las ic\u00f3nicas iglesias rom\u00e1nicas reconocidas por la UNESCO, ser\u00e1n testigos del esfuerzo y la pasi\u00f3n ciclista.<\/p>\n<p>Si buscas un desaf\u00edo m\u00e1s moderado, ya sea por preferencia o por tu nivel de forma La Falla tambi\u00e9n ha pensado en ti y la opci\u00f3n del Peque\u00f1o Fondo ofrece 80 km de distancia y un desnivel de 1340 m. Esta ruta permite disfrutar de la belleza del paisaje sin exigir un esfuerzo extremo, incluyendo el ascenso al puerto de primera categor\u00eda de la estaci\u00f3n de esqu\u00ed Boi-Ta\u00fcll.<\/p>\n<p>Barruera, la encantadora localidad protagonista del evento, ser\u00e1 el punto de partida y llegada para los y las ciclistas que se aventuren en este desaf\u00edo donde podr\u00e1s compartir tu pasi\u00f3n mientras atraviesas carreteras esc\u00e9nicas y descubres rincones pintorescos de la regi\u00f3n.<\/p>\n<p>La organizaci\u00f3n ha cuidado hasta el m\u00e1s m\u00ednimo detalle para que los participantes est\u00e9n agusto en todo momento incluyendo un total de cinco avituallamientos tanto l\u00edquidos como s\u00f3lidos durante toda la ruta. Adem\u00e1s, la inscripci\u00f3n va acompa\u00f1ada de un atractivo Maillot GSport personalizado para que te lleves un bonito recuerdo del evento.<\/p>\n<p>Si te han convencido los argumentos de la Gran Fondo La Falla, aseg\u00farate de marcar la fecha en tu calendario y s\u00famate a ella antes de que cierren las inscripciones este 31 de agosto. No dejes pasar la oportunidad de disfrutar de un d\u00eda de diez sobre dos ruedas en el impresionante entorno del Pirineo catal\u00e1n.<\/p>\n<p><span class=\"td_btn td_btn_lg td_outlined_btn\"><a href=\"https:\/\/granfondolafalla.com\/\" rel=\"nofollow noopener\" target=\"_blank\">MAS INFO E INSCRIPCIONES<\/a><\/span><\/p>\n<div class=\"youtube-embed\" data-video_id=\"cPkgTMYzRQ4\"><iframe title=\"Charlamos con NOELIA JUAN | Ejemplo de una nueva GENERACI\u00d3N de triatletas\" width=\"696\" height=\"392\" src=\"https:\/\/www.youtube.com\/embed\/cPkgTMYzRQ4?start=119&#038;feature=oembed\" frameborder=\"0\" allow=\"accelerometer; autoplay; clipboard-write; encrypted-media; gyroscope; picture-in-picture; web-share\" allowfullscreen><\/iframe><\/div>\n","protected":false},"excerpt":{"rendered":"<p>El 31 de agosto cierran las inscripciones para la cicloturista Gran Fondo La Falla en pleno coraz\u00f3n del Pirineo Catal\u00e1n con dos distancias disponibles.<\/p>\n","protected":false},"author":322,"featured_media":84444,"comment_status":"closed","ping_status":"closed","sticky":false,"template":"","format":"standard","meta":{"_acf_changed":false,"rank_math_lock_modified_date":false,"footnotes":""},"categories":[17,19],"tags":[],"class_list":{"0":"post-84443","1":"post","2":"type-post","3":"status-publish","4":"format-standard","5":"has-post-thumbnail","7":"category-actualidad","8":"category-competiciones"},"acf":[],"_links":{"self":[{"href":"https:\/\/miurltemporal.com/main/triatletasenred.sport.es\/wp-json\/wp\/v2\/posts\/84443"}],"collection":[{"href":"https:\/\/miurltemporal.com/main/triatletasenred.sport.es\/wp-json\/wp\/v2\/posts"}],"about":[{"href":"https:\/\/miurltemporal.com/main/triatletasenred.sport.es\/wp-json\/wp\/v2\/types\/post"}],"author":[{"embeddable":true,"href":"https:\/\/miurltemporal.com/main/triatletasenred.sport.es\/wp-json\/wp\/v2\/users\/322"}],"replies":[{"embeddable":true,"href":"https:\/\/miurltemporal.com/main/triatletasenred.sport.es\/wp-json\/wp\/v2\/comments?post=84443"}],"version-history":[{"count":5,"href":"https:\/\/miurltemporal.com/main/triatletasenred.sport.es\/wp-json\/wp\/v2\/posts\/84443\/revisions"}],"predecessor-version":[{"id":87058,"href":"https:\/\/miurltemporal.com/main/triatletasenred.sport.es\/wp-json\/wp\/v2\/posts\/84443\/revisions\/87058"}],"wp:featuredmedia":[{"embeddable":true,"href":"https:\/\/miurltemporal.com/main/triatletasenred.sport.es\/wp-json\/wp\/v2\/media\/84444"}],"wp:attachment":[{"href":"https:\/\/miurltemporal.com/main/triatletasenred.sport.es\/wp-json\/wp\/v2\/media?parent=84443"}],"wp:term":[{"taxonomy":"category","embeddable":true,"href":"https:\/\/miurltemporal.com/main/triatletasenred.sport.es\/wp-json\/wp\/v2\/categories?post=84443"},{"taxonomy":"post_tag","embeddable":true,"href":"https:\/\/miurltemporal.com/main/triatletasenred.sport.es\/wp-json\/wp\/v2\/tags?post=84443"}],"curies":[{"name":"wp","href":"https:\/\/api.w.org\/{rel}","templated":true}]}}